{"id":19238,"date":"2021-10-13T13:29:14","date_gmt":"2021-10-13T13:29:14","guid":{"rendered":"http:\/\/www.iceagetv.com\/radiosite\/?p=19238"},"modified":"2021-10-13T13:29:14","modified_gmt":"2021-10-13T13:29:14","slug":"coronavirus-il-y-a-un-risque-non-negligeable-de-reprise-epidemique-annonce-gabriel-attal-le-gouvernement-se-laisse-la-possibilite-de-prolonger-le-pass-sanitaire-jusquau-31-juillet-2022","status":"publish","type":"post","link":"https:\/\/www.iceagetv.com\/radiosite\/coronavirus-il-y-a-un-risque-non-negligeable-de-reprise-epidemique-annonce-gabriel-attal-le-gouvernement-se-laisse-la-possibilite-de-prolonger-le-pass-sanitaire-jusquau-31-juillet-2022\/","title":{"rendered":"Coronavirus: \u00ab\u00a0Il y a un risque non n\u00e9gligeable de reprise \u00e9pid\u00e9mique\u00a0\u00bb, annonce Gabriel Attal &#8211; Le gouvernement se laisse la possibilit\u00e9 de prolonger le pass sanitaire jusqu&rsquo;au 31 juillet 2022"},"content":{"rendered":"\n<p>A l&rsquo;issue du Conseil des ministres, le porte-parole du gouvernement Gabriel Attal s&rsquo;est exprim\u00e9, comme chaque semaine, face aux journalistes. \u00ab\u00a0Il y a un risque non n\u00e9gligeable de reprise \u00e9pid\u00e9mique\u00a0\u00bb, a-t-il annonc\u00e9. Le gouvernement fran\u00e7ais veut prolonger jusqu\u2019au 31 juillet le \u00ab&nbsp;pass sanitaire&nbsp;\u00bb contre le Covid-19, qui restreint l\u2019acc\u00e8s \u00e0 de nombreux lieux publics comme les bars, caf\u00e9s, cin\u00e9mas ou transports de longue distance depuis l\u2019\u00e9t\u00e9. L\u2019extension de la loi sp\u00e9ciale dite de \u00ab&nbsp;gestion de l\u2019\u00e9pid\u00e9mie&nbsp;\u00bb, qui autorise le recours au pass sanitaire ainsi que des restrictions locales de d\u00e9placement, a \u00e9t\u00e9 pr\u00e9sent\u00e9e mercredi en conseil des ministres.<\/p>\n\n\n\n<p>Avec cette mesure, l\u2019objectif du gouvernement est d\u2019inciter les 26,5% des Fran\u00e7ais qui n\u2019ont pas encore eu leurs deux doses \u00e0 se faire vacciner. Car si l\u2019ex\u00e9cutif a renonc\u00e9 \u00e0 la vaccination obligatoire, le pass conditionne depuis le 9 ao\u00fbt l\u2019acc\u00e8s \u00e0 nombre d\u2019espaces de sociabilit\u00e9, comme les bars et les restaurants. Depuis le 30 ao\u00fbt, il est aussi impos\u00e9 aux 1,8 millions de salari\u00e9s en contact du public.<\/p>\n\n\n\n<p>Par ailleurs, pour obtenir le pass sanitaire, il faut \u00eatre doublement vaccin\u00e9 ou pr\u00e9senter un test n\u00e9gatif. Or, \u00e0 partir de vendredi, les tests r\u00e9alis\u00e9s en vue d\u2019obtenir le pass ne seront plus rembours\u00e9s et co\u00fbteront quelques dizaines d\u2019euros.<\/p>\n\n\n\n<p>Bien que l\u2019\u00e9pid\u00e9mie soit largement sous contr\u00f4le, le gouvernement veut aussi se pr\u00e9munir de tout proc\u00e8s en impr\u00e9voyance en cas de reprise de la contagion. Le taux de positivit\u00e9 des tests est descendu \u00e0 1% et le nombre de cas ne cesse de diminuer: 5.880 d\u00e9tect\u00e9s mardi 12 octobre, contre plus de 43.000 au plus fort de la seconde vague du printemps, selon des chiffres officiels de Sant\u00e9 Publique France.<\/p>\n\n\n\n<p>Le porte-parole du gouvernement Gabriel Attal a tent\u00e9 d\u2019apaiser mercredi, en expliquant qu\u2019il y aurait \u00ab&nbsp;un d\u00e9bat au Parlement sur la base du texte vot\u00e9 en Conseil des ministres&nbsp;\u00bb. \u00ab&nbsp;Il ne s\u2019agit pas de dire qu\u2019on prolonge le pass sanitaire jusqu\u2019au 31 juillet&nbsp;\u00bb, mais de dire que le gouvernement se \u00ab&nbsp;donne la possibilit\u00e9 de l\u2019utiliser&nbsp;\u00bb, a-t-il poursuivi. \u00ab&nbsp;Le pass sanitaire ne sera pas \u00e9ternel.&nbsp;<\/p>\n","protected":false},"excerpt":{"rendered":"<p>A l&rsquo;issue du Conseil des ministres, le porte-parole du gouvernement Gabriel Attal s&rsquo;est exprim\u00e9, comme chaque semaine, face aux journalistes. \u00ab\u00a0Il y a un risque non n\u00e9gligeable de reprise \u00e9pid\u00e9mique\u00a0\u00bb, a-t-il annonc\u00e9. Le gouvernement fran\u00e7ais veut prolonger jusqu\u2019au 31 juillet le \u00ab&nbsp;pass sanitaire&nbsp;\u00bb contre le Covid-19, qui restreint l\u2019acc\u00e8s \u00e0 de nombreux lieux publics comme [&hellip;]<\/p>\n","protected":false},"author":2,"featured_media":19239,"comment_status":"open","ping_status":"open","sticky":false,"template":"","format":"standard","meta":{"_jetpack_memberships_contains_paid_content":false,"footnotes":"","jetpack_publicize_message":"","jetpack_publicize_feature_enabled":true,"jetpack_social_post_already_shared":true,"jetpack_social_options":{"image_generator_settings":{"template":"highway","default_image_id":0,"font":"","enabled":false},"version":2},"_wpas_customize_per_network":false},"categories":[405],"tags":[],"class_list":["post-19238","post","type-post","status-publish","format-standard","has-post-thumbnail","hentry","category-actu-france-monde"],"jetpack_publicize_connections":[],"jetpack_featured_media_url":"https:\/\/i0.wp.com\/www.iceagetv.com\/radiosite\/wp-content\/uploads\/2021\/10\/Il-y-a-un-risque-non-n%C3%A9gligeable-de-reprise-%C3%A9pid%C3%A9mique.jpg?fit=679%2C293&ssl=1","jetpack_sharing_enabled":true,"_links":{"self":[{"href":"https:\/\/www.iceagetv.com\/radiosite\/wp-json\/wp\/v2\/posts\/19238","targetHints":{"allow":["GET"]}}],"collection":[{"href":"https:\/\/www.iceagetv.com\/radiosite\/wp-json\/wp\/v2\/posts"}],"about":[{"href":"https:\/\/www.iceagetv.com\/radiosite\/wp-json\/wp\/v2\/types\/post"}],"author":[{"embeddable":true,"href":"https:\/\/www.iceagetv.com\/radiosite\/wp-json\/wp\/v2\/users\/2"}],"replies":[{"embeddable":true,"href":"https:\/\/www.iceagetv.com\/radiosite\/wp-json\/wp\/v2\/comments?post=19238"}],"version-history":[{"count":1,"href":"https:\/\/www.iceagetv.com\/radiosite\/wp-json\/wp\/v2\/posts\/19238\/revisions"}],"predecessor-version":[{"id":19240,"href":"https:\/\/www.iceagetv.com\/radiosite\/wp-json\/wp\/v2\/posts\/19238\/revisions\/19240"}],"wp:featuredmedia":[{"embeddable":true,"href":"https:\/\/www.iceagetv.com\/radiosite\/wp-json\/wp\/v2\/media\/19239"}],"wp:attachment":[{"href":"https:\/\/www.iceagetv.com\/radiosite\/wp-json\/wp\/v2\/media?parent=19238"}],"wp:term":[{"taxonomy":"category","embeddable":true,"href":"https:\/\/www.iceagetv.com\/radiosite\/wp-json\/wp\/v2\/categories?post=19238"},{"taxonomy":"post_tag","embeddable":true,"href":"https:\/\/www.iceagetv.com\/radiosite\/wp-json\/wp\/v2\/tags?post=19238"}],"curies":[{"name":"wp","href":"https:\/\/api.w.org\/{rel}","templated":true}]}}