{"id":19245,"date":"2021-10-14T07:04:45","date_gmt":"2021-10-14T07:04:45","guid":{"rendered":"http:\/\/www.iceagetv.com\/radiosite\/?p=19245"},"modified":"2021-10-14T07:04:45","modified_gmt":"2021-10-14T07:04:45","slug":"norvege-un-homme-converti-a-lislam-et-avec-des-antecedents-medicaux-a-tue-cette-nuit-cinq-personnes-et-en-a-blesse-deux-autres-avec-un-arc-et-des-fleches-a-kongsberg","status":"publish","type":"post","link":"https:\/\/www.iceagetv.com\/radiosite\/norvege-un-homme-converti-a-lislam-et-avec-des-antecedents-medicaux-a-tue-cette-nuit-cinq-personnes-et-en-a-blesse-deux-autres-avec-un-arc-et-des-fleches-a-kongsberg\/","title":{"rendered":"Norv\u00e8ge : Un homme converti \u00e0 l&rsquo;Islam et avec des ant\u00e9c\u00e9dents m\u00e9dicaux a tu\u00e9, cette nuit, cinq personnes et en a bless\u00e9 deux autres avec un arc et des fl\u00e8ches, \u00e0 Kongsberg"},"content":{"rendered":"\n<p>Un homme arm\u00e9 d&rsquo;un arc et de fl\u00e8ches a tu\u00e9 cinq personnes et en a bless\u00e9 deux autres, cette nuit \u00e0 Kongsberg, dans le sud-est de la Norv\u00e8ge, avant d&rsquo;\u00eatre arr\u00eat\u00e9 par la police, qui n&rsquo;a pas exclu une motivation terroriste. \u00abJe peux malheureusement confirmer qu&rsquo;il y a cinq personnes mortes et deux qui sont bless\u00e9es\u00bb, a d\u00e9clar\u00e9 un responsable de la police locale, \u00d8yvind Aas, lors d&rsquo;un point de presse.<\/p>\n\n\n\n<p>Les deux bless\u00e9s ont \u00e9t\u00e9 hospitalis\u00e9s dans des unit\u00e9s de soins critiques mais, selon \u00d8yvind Aas, rien n&rsquo;indique que leur vie est en danger. L&rsquo;un d&rsquo;eux \u00e9tait un policier hors service qui se trouvait dans une boutique, l&rsquo;un des multiples endroits o\u00f9 l&rsquo;attaque s&rsquo;est produite.<\/p>\n\n\n\n<p>\u00abL&rsquo;homme qui a commis cet acte a \u00e9t\u00e9 arr\u00eat\u00e9 par la police et, d&rsquo;apr\u00e8s nos informations, il n&rsquo;y a qu&rsquo;une personne impliqu\u00e9e\u00bb, a-t-il ajout\u00e9. Le suspect est un citoyen danois de 37 ans r\u00e9sidant \u00e0 Kongsberg, a pr\u00e9cis\u00e9 la police norv\u00e9gienne dans un communiqu\u00e9 publi\u00e9 dans la nuit de mercredi \u00e0 jeudi.<\/p>\n\n\n\n<p>Selon la cha\u00eene TV2, g\u00e9n\u00e9ralement bien inform\u00e9e, l\u2019auteur pr\u00e9sum\u00e9 de l\u2019attaque est un Norv\u00e9gien converti \u00e0 l\u2019islam et ayant des ant\u00e9c\u00e9dents m\u00e9dicaux \u2013 ce que les autorit\u00e9s n\u2019ont pas voulu confirmer.<\/p>\n\n\n\n<p>\u00abNous avons d\u00e9cid\u00e9 de confirmer cette information car beaucoup de rumeurs circulent sur les r\u00e9seaux sociaux autour de l&rsquo;auteur de l&rsquo;attaque, certaines [mettant en cause] des personnes n&rsquo;ayant aucun lien avec les actes graves commis\u00bb, a-t-elle ajout\u00e9.<\/p>\n\n\n\n<p>Les motivations de l&rsquo;assaillant, qui a attaqu\u00e9 \u00e0 plusieurs endroits de Kongsberg, dont un supermarch\u00e9, sont ind\u00e9termin\u00e9es.<\/p>\n\n\n\n<p>\u00abVu le d\u00e9roulement des faits, il est naturel d&rsquo;\u00e9valuer s&rsquo;il s&rsquo;agit d&rsquo;une attaque terroriste\u00bb, a ajout\u00e9 \u00d8yvind Aas un peu plus tard lors d&rsquo;un nouveau point de presse avant de pr\u00e9ciser: \u00abLe suspect n&rsquo;a pas \u00e9t\u00e9 entendu et il est trop t\u00f4t pour se prononcer sur ses mobiles\u00bb. Les enqu\u00eateurs gardaient \u00abtoutes les possibilit\u00e9s ouvertes\u00bb.<\/p>\n\n\n\n<p>Les services de renseignement int\u00e9rieur (PST) ont \u00e9t\u00e9 alert\u00e9s, a indiqu\u00e9 un porte-parole \u00e0 l&rsquo;AFP.<\/p>\n\n\n\n<p>\u00abCe ne sont pour l&rsquo;instant que des conjectures\u00bb, a d\u00e9clar\u00e9 le porte-parole, Martin Bernsen, interrog\u00e9 sur l&rsquo;\u00e9ventualit\u00e9 d&rsquo;une attaque terroriste. La police n&rsquo;a pas fourni de d\u00e9tails sur le suspect, sinon qu&rsquo;il s&rsquo;agit d&rsquo;un homme qui a \u00e9t\u00e9 emmen\u00e9 au commissariat de la ville voisine de Drammen. Elle n&rsquo;a ni confirm\u00e9 ni d\u00e9menti qu&rsquo;il \u00e9tait connu des services. Aucun autre suspect n&rsquo;est activement recherch\u00e9.<\/p>\n\n\n\n<p>\u00abCes \u00e9v\u00e9nements nous \u00e9branlent\u00bb, a d\u00e9clar\u00e9 la premi\u00e8re ministre Erna Solberg, dont c&rsquo;est le dernier jour en fonction. Jeudi, elle c\u00e9dera son poste au travailliste Jonas Gahr St\u00f8re, vainqueur des l\u00e9gislatives du 13 septembre.<\/p>\n\n\n\n<p>Les faits se sont produits peu avant 18h30 (16h30 GMT) sur une zone d\u00e9crite comme assez \u00e9tendue de Kongsberg.<\/p>\n\n\n\n<p>Le suspect a \u00e9t\u00e9 arr\u00eat\u00e9 \u00e0 18h47, selon la police.<\/p>\n\n\n\n<p>Sur Twitter, la police locale a indiqu\u00e9 qu&rsquo;un homme avait \u00e9t\u00e9 observ\u00e9, arm\u00e9 d&rsquo;un arc et de fl\u00e8ches, et qu&rsquo;il en avait fait usage en ciblant des personnes.<\/p>\n\n\n\n<p>Les habitants ont \u00e9t\u00e9 appel\u00e9s \u00e0 rester chez eux. Plusieurs quartiers ont \u00e9t\u00e9 boucl\u00e9s, les images de t\u00e9l\u00e9vision montrant un important d\u00e9ploiement de forces de police en armes et d&rsquo;ambulances.<\/p>\n\n\n\n<p>Un h\u00e9licopt\u00e8re et une \u00e9quipe de d\u00e9mineurs ont aussi \u00e9t\u00e9 envoy\u00e9s sur place.<\/p>\n\n\n\n<p>La direction norv\u00e9gienne de la police a d\u00e9cr\u00e9t\u00e9 que des armes soient distribu\u00e9es \u00e0 travers le pays \u00e0 tous les policiers.<\/p>\n\n\n\n<p>La plupart ne sont habituellement pas arm\u00e9s en Norv\u00e8ge. La radiot\u00e9l\u00e9vision publique NRK a montr\u00e9 sur son site internet une photo envoy\u00e9e par un t\u00e9moin montrant une fl\u00e8che noire solidement plant\u00e9e dans un mur.<\/p>\n","protected":false},"excerpt":{"rendered":"<p>Un homme arm\u00e9 d&rsquo;un arc et de fl\u00e8ches a tu\u00e9 cinq personnes et en a bless\u00e9 deux autres, cette nuit \u00e0 Kongsberg, dans le sud-est de la Norv\u00e8ge, avant d&rsquo;\u00eatre arr\u00eat\u00e9 par la police, qui n&rsquo;a pas exclu une motivation terroriste. \u00abJe peux malheureusement confirmer qu&rsquo;il y a cinq personnes mortes et deux qui sont [&hellip;]<\/p>\n","protected":false},"author":2,"featured_media":19246,"comment_status":"open","ping_status":"open","sticky":false,"template":"","format":"standard","meta":{"_jetpack_memberships_contains_paid_content":false,"footnotes":"","jetpack_publicize_message":"","jetpack_publicize_feature_enabled":true,"jetpack_social_post_already_shared":true,"jetpack_social_options":{"image_generator_settings":{"template":"highway","default_image_id":0,"font":"","enabled":false},"version":2},"_wpas_customize_per_network":false},"categories":[405],"tags":[],"class_list":["post-19245","post","type-post","status-publish","format-standard","has-post-thumbnail","hentry","category-actu-france-monde"],"jetpack_publicize_connections":[],"jetpack_featured_media_url":"https:\/\/i0.wp.com\/www.iceagetv.com\/radiosite\/wp-content\/uploads\/2021\/10\/Un-homme-converti-%C3%A0-lIslam.jpg?fit=679%2C293&ssl=1","jetpack_sharing_enabled":true,"_links":{"self":[{"href":"https:\/\/www.iceagetv.com\/radiosite\/wp-json\/wp\/v2\/posts\/19245","targetHints":{"allow":["GET"]}}],"collection":[{"href":"https:\/\/www.iceagetv.com\/radiosite\/wp-json\/wp\/v2\/posts"}],"about":[{"href":"https:\/\/www.iceagetv.com\/radiosite\/wp-json\/wp\/v2\/types\/post"}],"author":[{"embeddable":true,"href":"https:\/\/www.iceagetv.com\/radiosite\/wp-json\/wp\/v2\/users\/2"}],"replies":[{"embeddable":true,"href":"https:\/\/www.iceagetv.com\/radiosite\/wp-json\/wp\/v2\/comments?post=19245"}],"version-history":[{"count":1,"href":"https:\/\/www.iceagetv.com\/radiosite\/wp-json\/wp\/v2\/posts\/19245\/revisions"}],"predecessor-version":[{"id":19247,"href":"https:\/\/www.iceagetv.com\/radiosite\/wp-json\/wp\/v2\/posts\/19245\/revisions\/19247"}],"wp:featuredmedia":[{"embeddable":true,"href":"https:\/\/www.iceagetv.com\/radiosite\/wp-json\/wp\/v2\/media\/19246"}],"wp:attachment":[{"href":"https:\/\/www.iceagetv.com\/radiosite\/wp-json\/wp\/v2\/media?parent=19245"}],"wp:term":[{"taxonomy":"category","embeddable":true,"href":"https:\/\/www.iceagetv.com\/radiosite\/wp-json\/wp\/v2\/categories?post=19245"},{"taxonomy":"post_tag","embeddable":true,"href":"https:\/\/www.iceagetv.com\/radiosite\/wp-json\/wp\/v2\/tags?post=19245"}],"curies":[{"name":"wp","href":"https:\/\/api.w.org\/{rel}","templated":true}]}}