{"id":19255,"date":"2021-10-15T07:34:34","date_gmt":"2021-10-15T07:34:34","guid":{"rendered":"http:\/\/www.iceagetv.com\/radiosite\/?p=19255"},"modified":"2021-10-15T07:34:34","modified_gmt":"2021-10-15T07:34:34","slug":"blaspheme-des-lyceens-nantais-menaces-de-mort-apres-la-diffusion-dune-video-ou-ils-miment-une-priere-musulmane-leur-lycee-a-ete-place-sous-protection-policiere","status":"publish","type":"post","link":"https:\/\/www.iceagetv.com\/radiosite\/blaspheme-des-lyceens-nantais-menaces-de-mort-apres-la-diffusion-dune-video-ou-ils-miment-une-priere-musulmane-leur-lycee-a-ete-place-sous-protection-policiere\/","title":{"rendered":"Blasph\u00e8me : Des lyc\u00e9ens nantais menac\u00e9s de mort apr\u00e8s la diffusion d&rsquo;une vid\u00e9o o\u00f9 ils miment une pri\u00e8re musulmane &#8211; Leur lyc\u00e9e a \u00e9t\u00e9 plac\u00e9 sous protection polici\u00e8re"},"content":{"rendered":"\n<p>Une dizaine de lyc\u00e9ens nantais sont les cibles d\u2019injures et de menaces en ligne apr\u00e8s la diffusion sur les r\u00e9seaux sociaux d\u2019une vid\u00e9o dans laquelle on les voit, mimant une pri\u00e8re musulmane au cours d\u2019une soir\u00e9e, pendant laquelle on distingue des ricanements et des mots prononc\u00e9s en arabe.<\/p>\n\n\n\n<p>\u00ab\u00a0La vid\u00e9o, plus b\u00eate que m\u00e9chante\u00a0\u00bb selon un proche du dossier qui parle \u00e0 Presse Oc\u00e9an, date de janvier 2021 alors que les adolescents \u00e9taient encore coll\u00e9giens. Diffus\u00e9e dans un premier temps dans un cercle ferm\u00e9, elle a \u00e9t\u00e9 exhum\u00e9e en d\u00e9but de semaine dans des conditions qui restent \u00e0 d\u00e9terminer et post\u00e9e, lundi 11 octobre sur Twitter.<\/p>\n\n\n\n<p>Tr\u00e8s vite, certains internautes ont cherch\u00e9 \u00e0 identifier les jeunes apparaissant sur les images : des comptes Instagram et Snapchat de lyc\u00e9ens ont \u00e9t\u00e9 d\u00e9voil\u00e9s sur la toile, accompagn\u00e9s du nom du lyc\u00e9e Guist\u2019hau, dans lequel certaines victimes seraient scolaris\u00e9es.<\/p>\n\n\n\n<p>Le chef d\u2019\u00e9tablissement a alert\u00e9 la police mardi. Depuis, les forces de l\u2019ordre patrouillent r\u00e9guli\u00e8rement aux abords du lyc\u00e9e, s\u00e9curisant les entr\u00e9es et les sorties par principe de pr\u00e9caution.<\/p>\n\n\n\n<p>Le parquet, indique Renaud Gaudeul, procureur de la R\u00e9publique de Nantes, a ouvert une enqu\u00eate pour association de malfaiteurs en vue de commettre un crime ou un d\u00e9lit punis d\u2019au moins cinq ans de prison.<\/p>\n","protected":false},"excerpt":{"rendered":"<p>Une dizaine de lyc\u00e9ens nantais sont les cibles d\u2019injures et de menaces en ligne apr\u00e8s la diffusion sur les r\u00e9seaux sociaux d\u2019une vid\u00e9o dans laquelle on les voit, mimant une pri\u00e8re musulmane au cours d\u2019une soir\u00e9e, pendant laquelle on distingue des ricanements et des mots prononc\u00e9s en arabe. \u00ab\u00a0La vid\u00e9o, plus b\u00eate que m\u00e9chante\u00a0\u00bb selon [&hellip;]<\/p>\n","protected":false},"author":2,"featured_media":19256,"comment_status":"open","ping_status":"open","sticky":false,"template":"","format":"standard","meta":{"_jetpack_memberships_contains_paid_content":false,"footnotes":"","jetpack_publicize_message":"","jetpack_publicize_feature_enabled":true,"jetpack_social_post_already_shared":true,"jetpack_social_options":{"image_generator_settings":{"template":"highway","default_image_id":0,"font":"","enabled":false},"version":2},"_wpas_customize_per_network":false},"categories":[405],"tags":[],"class_list":["post-19255","post","type-post","status-publish","format-standard","has-post-thumbnail","hentry","category-actu-france-monde"],"jetpack_publicize_connections":[],"jetpack_featured_media_url":"https:\/\/i0.wp.com\/www.iceagetv.com\/radiosite\/wp-content\/uploads\/2021\/10\/Blasph%C3%A8me.jpg?fit=679%2C293&ssl=1","jetpack_sharing_enabled":true,"_links":{"self":[{"href":"https:\/\/www.iceagetv.com\/radiosite\/wp-json\/wp\/v2\/posts\/19255","targetHints":{"allow":["GET"]}}],"collection":[{"href":"https:\/\/www.iceagetv.com\/radiosite\/wp-json\/wp\/v2\/posts"}],"about":[{"href":"https:\/\/www.iceagetv.com\/radiosite\/wp-json\/wp\/v2\/types\/post"}],"author":[{"embeddable":true,"href":"https:\/\/www.iceagetv.com\/radiosite\/wp-json\/wp\/v2\/users\/2"}],"replies":[{"embeddable":true,"href":"https:\/\/www.iceagetv.com\/radiosite\/wp-json\/wp\/v2\/comments?post=19255"}],"version-history":[{"count":1,"href":"https:\/\/www.iceagetv.com\/radiosite\/wp-json\/wp\/v2\/posts\/19255\/revisions"}],"predecessor-version":[{"id":19257,"href":"https:\/\/www.iceagetv.com\/radiosite\/wp-json\/wp\/v2\/posts\/19255\/revisions\/19257"}],"wp:featuredmedia":[{"embeddable":true,"href":"https:\/\/www.iceagetv.com\/radiosite\/wp-json\/wp\/v2\/media\/19256"}],"wp:attachment":[{"href":"https:\/\/www.iceagetv.com\/radiosite\/wp-json\/wp\/v2\/media?parent=19255"}],"wp:term":[{"taxonomy":"category","embeddable":true,"href":"https:\/\/www.iceagetv.com\/radiosite\/wp-json\/wp\/v2\/categories?post=19255"},{"taxonomy":"post_tag","embeddable":true,"href":"https:\/\/www.iceagetv.com\/radiosite\/wp-json\/wp\/v2\/tags?post=19255"}],"curies":[{"name":"wp","href":"https:\/\/api.w.org\/{rel}","templated":true}]}}