{"id":19264,"date":"2021-10-16T07:24:39","date_gmt":"2021-10-16T07:24:39","guid":{"rendered":"http:\/\/www.iceagetv.com\/radiosite\/?p=19264"},"modified":"2021-10-16T07:24:39","modified_gmt":"2021-10-16T07:24:39","slug":"acte-terroriste-le-royaume-uni-sous-le-choc-apres-le-meurtre-du-depute-conservateur-david-amess-69-ans-et-pere-de-5-enfants-poignarde-par-un-somalien-lors-dune-permanence-parlementaire-dans-une","status":"publish","type":"post","link":"https:\/\/www.iceagetv.com\/radiosite\/acte-terroriste-le-royaume-uni-sous-le-choc-apres-le-meurtre-du-depute-conservateur-david-amess-69-ans-et-pere-de-5-enfants-poignarde-par-un-somalien-lors-dune-permanence-parlementaire-dans-une\/","title":{"rendered":"Acte terroriste : Le Royaume-Uni sous le choc apr\u00e8s le meurtre du d\u00e9put\u00e9 conservateur David Amess, 69 ans et p\u00e8re de 5 enfants, poignard\u00e9 par un Somalien lors d&rsquo;une permanence parlementaire dans une \u00e9glise"},"content":{"rendered":"\n<p>Le choc provoqu\u00e9 au Royaume-Uni par la mort du d\u00e9put\u00e9 conservateur David Amess, poignard\u00e9 lors d&rsquo;une permanence parlementaire &#8211; un acte terroriste selon la police &#8211; a remis le sujet de la s\u00e9curit\u00e9 des \u00e9lus sur le devant de la sc\u00e8ne, cinq ans apr\u00e8s un premier meurtre qui avait boulevers\u00e9 le pays.<\/p>\n\n\n\n<p>Vendredi, un homme de 25 ans a \u00e9t\u00e9 arr\u00eat\u00e9 dans l&rsquo;\u00e9glise m\u00e9thodiste dans laquelle le d\u00e9put\u00e9 de 69 ans et p\u00e8re de 5 enfants recevait ses administr\u00e9s \u00e0 Leigh-on-Sea, \u00e0 environ 60 km \u00e0 l&rsquo;est de Londres.<\/p>\n\n\n\n<p><strong>La police m\u00e9tropolitaine a qualifi\u00e9 le meurtre d&rsquo;acte terroriste et indiqu\u00e9 que les premiers \u00e9l\u00e9ments de l&rsquo;enqu\u00eate \u00ab\u00a0ont r\u00e9v\u00e9l\u00e9 une motivation potentielle li\u00e9e \u00e0 l&rsquo;extr\u00e9misme islamiste\u00a0\u00bb, dans la nuit de vendredi \u00e0 samedi, quelques heures apr\u00e8s que l&rsquo;enqu\u00eate a \u00e9t\u00e9 confi\u00e9e \u00e0 la direction antiterroriste.<\/strong><\/p>\n\n\n\n<p>Selon des m\u00e9dias britanniques, l&rsquo;homme interpell\u00e9 serait un ressortissant britannique d&rsquo;origine somalienne. La mort de M. Amess, un d\u00e9put\u00e9 depuis pr\u00e8s de 40 ans lou\u00e9 par des parlementaires de tous bords pour sa gentillesse, a rappel\u00e9 un traumatisme r\u00e9cent, l&rsquo;assassinat de Jo Cox en juin 2016.<\/p>\n\n\n\n<p>Cette d\u00e9put\u00e9e travailliste de 41 ans et m\u00e8re de deux jeunes enfants, avait \u00e9t\u00e9 tu\u00e9e de plusieurs balles et coups de couteau par un extr\u00e9miste de droite, Thomas Mair, 53 ans, une semaine avant le r\u00e9f\u00e9rendum britannique sur l&rsquo;appartenance \u00e0 l&rsquo;Union europ\u00e9enne.<\/p>\n\n\n\n<p>Des hommages sont plac\u00e9s pr\u00e8s du lieu de l&rsquo;aggression \u00e0 l&rsquo;arme blanche, tandis que des officiers de police montent la garde pr\u00e8s de l&rsquo;\u00e9glise m\u00e9thodiste de Belfairs \u00e0 Leigh-on-Sea, dans le sud-est de l&rsquo;Angleterre, le 15 octobre 2021<\/p>\n\n\n\n<p>Vendredi, Kim Leadbeater, d\u00e9put\u00e9e travailliste et soeur de Jo Cox s&rsquo;est dit \u00ab\u00a0effray\u00e9e\u00a0\u00bb par l&rsquo;attaque et choqu\u00e9e de \u00ab\u00a0penser que quelque chose d&rsquo;aussi horrible puisse arriver \u00e0 nouveau \u00e0 un autre d\u00e9put\u00e9, \u00e0 une autre famille\u00a0\u00bb.<\/p>\n\n\n\n<p>Ces deux drames interrogent sur les dispositifs de s\u00e9curit\u00e9 entourant les d\u00e9put\u00e9s, en particulier lorsque ceux-ci se trouvent au contact du public dans leurs circonscriptions.<\/p>\n\n\n\n<p>\u00ab\u00a0Apr\u00e8s deux meurtres en cinq ans, on doit prendre la s\u00e9curit\u00e9 des d\u00e9put\u00e9s au s\u00e9rieux\u00a0\u00bb, a plaid\u00e9 le d\u00e9put\u00e9 travailliste Chris Bryant dans une tribune au quotidien The Guardian. Il a sugg\u00e9r\u00e9 que dans leurs circonscriptions, les d\u00e9put\u00e9s rencontrent leurs administr\u00e9s \u00ab\u00a0seulement sur rendez-vous\u00a0\u00bb.<\/p>\n\n\n\n<p>\u00ab\u00a0Nous ne voulons pas vivre dans des forteresses. Mais je ne veux pas perdre un autre coll\u00e8gue d&rsquo;une mort violente\u00a0\u00bb, a-t-il expliqu\u00e9.<\/p>\n\n\n\n<p>La ministre de l&rsquo;Int\u00e9rieur Priti Patel \u00ab\u00a0a demand\u00e9 \u00e0 toutes les forces de police de revoir les dispositions de s\u00e9curit\u00e9 pour les d\u00e9put\u00e9s avec effet imm\u00e9diat\u00a0\u00bb, a indiqu\u00e9 vendredi soir son porte-parole, pr\u00e9cisant que la ministre en dirait davantage \u00ab\u00a0en temps voulu\u00a0\u00bb.<\/p>\n\n\n\n<p>L&rsquo;inqui\u00e9tude est nourrie par les chiffres de la police qui montrent une augmentation des actes de d\u00e9linquance envers les parlementaires.<\/p>\n\n\n\n<p>En 2019, Scotland Yard avait \u00e9voqu\u00e9 une pouss\u00e9e de 126% entre 2017 et 2018 et une hausse de 90% dans les quatre premiers mois de 2019. Nombre d&rsquo;\u00e9lus ont racont\u00e9 avoir fait l&rsquo;objet de menaces de mort dans le contexte du Brexit qui a profond\u00e9ment divis\u00e9 le pays. Les menaces et insultes p\u00e8sent aussi sur les assistants parlementaires. Jade Botterill, qui a travaill\u00e9 pour la d\u00e9put\u00e9e travailliste Yvette Cooper entre 2013 et 2019, a d\u00e9clar\u00e9 que cela l&rsquo;avait pouss\u00e9e \u00e0 quitter son poste. Dans les bureaux des d\u00e9put\u00e9s dans leurs circonscriptions, les gens \u00ab\u00a0d\u00e9filent et c&rsquo;est le personnel qui subit le plus les attaques la plupart du temps\u00a0\u00bb, a-t-elle racont\u00e9. \u00ab\u00a0C&rsquo;est vraiment p\u00e9trifiant en tant que membre du personnel.\u00a0\u00bb<\/p>\n\n\n\n<p>En 2000, Andrew Pennington, assistant du d\u00e9put\u00e9 lib\u00e9ral-d\u00e9mocrate Nigel Jones avait \u00e9t\u00e9 tu\u00e9 \u00e0 coups de sabre par un homme souffrant de probl\u00e8mes de sant\u00e9 mentale qui avait aussi bless\u00e9 M. Jones, en pleine permanence parlementaire \u00e0 Cheltenham, dans l&rsquo;ouest de l&rsquo;Angleterre.<\/p>\n\n\n\n<p>En 2010, le travailliste Stephen Timms a \u00e9t\u00e9 poignard\u00e9 \u00e0 deux reprises par une jeune islamiste de 21 ans, au pr\u00e9texte qu&rsquo;il avait vot\u00e9 en faveur de l&rsquo;intervention militaire britannique en Irak en 2003. Il s&rsquo;\u00e9tait remis de ses blessures qui auraient pu lui co\u00fbter la vie.<\/p>\n\n\n\n<p>\u00ab\u00a0Dans les prochains jours, nous devrons discuter et examiner la s\u00e9curit\u00e9 des d\u00e9put\u00e9s et toutes les mesures \u00e0 prendre\u00a0\u00bb a d\u00e9clar\u00e9 le pr\u00e9sident de la chambre des Communes, Lindsay Hoyle vendredi. Il a soulign\u00e9 que le drame envoyait \u00ab\u00a0des ondes de choc \u00e0 travers la communaut\u00e9 parlementaire et l&rsquo;ensemble du pays\u00a0\u00bb.<\/p>\n","protected":false},"excerpt":{"rendered":"<p>Le choc provoqu\u00e9 au Royaume-Uni par la mort du d\u00e9put\u00e9 conservateur David Amess, poignard\u00e9 lors d&rsquo;une permanence parlementaire &#8211; un acte terroriste selon la police &#8211; a remis le sujet de la s\u00e9curit\u00e9 des \u00e9lus sur le devant de la sc\u00e8ne, cinq ans apr\u00e8s un premier meurtre qui avait boulevers\u00e9 le pays. Vendredi, un homme [&hellip;]<\/p>\n","protected":false},"author":2,"featured_media":19265,"comment_status":"open","ping_status":"open","sticky":false,"template":"","format":"standard","meta":{"_jetpack_memberships_contains_paid_content":false,"footnotes":"","jetpack_publicize_message":"","jetpack_publicize_feature_enabled":true,"jetpack_social_post_already_shared":true,"jetpack_social_options":{"image_generator_settings":{"template":"highway","default_image_id":0,"font":"","enabled":false},"version":2},"_wpas_customize_per_network":false},"categories":[405],"tags":[],"class_list":["post-19264","post","type-post","status-publish","format-standard","has-post-thumbnail","hentry","category-actu-france-monde"],"jetpack_publicize_connections":[],"jetpack_featured_media_url":"https:\/\/i0.wp.com\/www.iceagetv.com\/radiosite\/wp-content\/uploads\/2021\/10\/Le-Royaume-Uni-sous-le-choc-apr%C3%A8s-le-meurtre-du-d%C3%A9put%C3%A9-conservateur-David-Amess.jpg?fit=679%2C293&ssl=1","jetpack_sharing_enabled":true,"_links":{"self":[{"href":"https:\/\/www.iceagetv.com\/radiosite\/wp-json\/wp\/v2\/posts\/19264","targetHints":{"allow":["GET"]}}],"collection":[{"href":"https:\/\/www.iceagetv.com\/radiosite\/wp-json\/wp\/v2\/posts"}],"about":[{"href":"https:\/\/www.iceagetv.com\/radiosite\/wp-json\/wp\/v2\/types\/post"}],"author":[{"embeddable":true,"href":"https:\/\/www.iceagetv.com\/radiosite\/wp-json\/wp\/v2\/users\/2"}],"replies":[{"embeddable":true,"href":"https:\/\/www.iceagetv.com\/radiosite\/wp-json\/wp\/v2\/comments?post=19264"}],"version-history":[{"count":1,"href":"https:\/\/www.iceagetv.com\/radiosite\/wp-json\/wp\/v2\/posts\/19264\/revisions"}],"predecessor-version":[{"id":19266,"href":"https:\/\/www.iceagetv.com\/radiosite\/wp-json\/wp\/v2\/posts\/19264\/revisions\/19266"}],"wp:featuredmedia":[{"embeddable":true,"href":"https:\/\/www.iceagetv.com\/radiosite\/wp-json\/wp\/v2\/media\/19265"}],"wp:attachment":[{"href":"https:\/\/www.iceagetv.com\/radiosite\/wp-json\/wp\/v2\/media?parent=19264"}],"wp:term":[{"taxonomy":"category","embeddable":true,"href":"https:\/\/www.iceagetv.com\/radiosite\/wp-json\/wp\/v2\/categories?post=19264"},{"taxonomy":"post_tag","embeddable":true,"href":"https:\/\/www.iceagetv.com\/radiosite\/wp-json\/wp\/v2\/tags?post=19264"}],"curies":[{"name":"wp","href":"https:\/\/api.w.org\/{rel}","templated":true}]}}