{"id":19273,"date":"2021-10-16T15:18:52","date_gmt":"2021-10-16T15:18:52","guid":{"rendered":"http:\/\/www.iceagetv.com\/radiosite\/?p=19273"},"modified":"2021-10-16T15:18:52","modified_gmt":"2021-10-16T15:18:52","slug":"penurie-de-puces-electroniques-le-marche-automobile-europeen-secroule-en-septembre","status":"publish","type":"post","link":"https:\/\/www.iceagetv.com\/radiosite\/penurie-de-puces-electroniques-le-marche-automobile-europeen-secroule-en-septembre\/","title":{"rendered":"P\u00e9nurie de puces \u00e9lectroniques : le march\u00e9 automobile europ\u00e9en s\u2019\u00e9croule en septembre"},"content":{"rendered":"\n<p>Les principaux march\u00e9s ont enregistr\u00e9 des baisses \u00e0 deux chiffres \u2013 avec en\u00a0Allemagne une chute de\u00a025,7 %, en Italie de 32,7 %, en France de 20,5 % \u2013 sur un an.<\/p>\n\n\n\n<p>Navigation<a href=\"https:\/\/www.lemonde.fr\/\">Le Monde &#8211; retour \u00e0 la une<\/a><a href=\"https:\/\/secure.lemonde.fr\/sfuser\/connexion\">Se connecter<\/a><a href=\"https:\/\/abo.lemonde.fr\/#xtor=CS1-454[CTA_LMFR]-[HEADER]-51-[Article]\">S\u2019abonner<\/a><\/p>\n\n\n\n<ul class=\"wp-block-list\"><li><a href=\"https:\/\/www.lemonde.fr\/economie\/\">\u00c9CONOMIE<\/a><\/li><\/ul>\n\n\n\n<h1 class=\"wp-block-heading\">P\u00e9nurie de puces \u00e9lectroniques : le march\u00e9 automobile europ\u00e9en s\u2019\u00e9croule en septembre<\/h1>\n\n\n\n<p>Les principaux march\u00e9s ont enregistr\u00e9 des baisses \u00e0 deux chiffres \u2013 avec en&nbsp;Allemagne une chute de&nbsp;25,7 %, en Italie de 32,7 %, en France de 20,5 % \u2013 sur un an.<\/p>\n\n\n\n<p>Le Monde avec AFPPubli\u00e9 hier \u00e0 09h37, mis \u00e0 jour hier \u00e0 10h53&nbsp;<\/p>\n\n\n\n<p>Temps deLecture 2 min.<\/p>\n\n\n\n<ul class=\"wp-block-list\"><li>Partager sur Facebook<\/li><li>Envoyer par e-mail<\/li><li><a href=\"whatsapp:\/\/send?text=https:\/\/www.lemonde.fr\/economie\/article\/2021\/10\/15\/penurie-de-semi-conducteurs-le-marche-automobile-europeen-s-ecroule-en-septembre_6098481_3234.html\">Partager sur Whatsapp<\/a><\/li><li>Plus d\u2019options<\/li><\/ul>\n\n\n\n<figure class=\"wp-block-image\"><img data-recalc-dims=\"1\" decoding=\"async\" src=\"https:\/\/i0.wp.com\/img.lemde.fr\/2021\/06\/08\/0\/0\/3500\/2356\/664\/0\/75\/0\/9330c7b_fw1-renault-nissan-india-workers-0608-11.JPG?w=1170&#038;ssl=1\" alt=\"Malgr\u00e9 les bons scores de Dacia, le groupe Renault affiche depuis le d\u00e9but de l\u2019ann\u00e9e des ventes en baisse (\u2212\u00a06,5\u00a0%).\"\/><figcaption>Malgr\u00e9 les bons scores de Dacia, le groupe Renault affiche depuis le d\u00e9but de l\u2019ann\u00e9e des ventes en baisse (\u2212&nbsp;6,5&nbsp;%).&nbsp;VALENTYN OGIRENKO \/ REUTERS<\/figcaption><\/figure>\n\n\n\n<p>La p\u00e9nurie de puces \u00e9lectroniques fait plonger le march\u00e9 de l\u2019automobile europ\u00e9en. Ce dernier est revenu, en septembre, \u00e0 son niveau de&nbsp;1995, avec 718&nbsp;598&nbsp;voitures neuves vendues, soit une baisse de 23,1 % sur un an, a annonc\u00e9 vendredi&nbsp;15&nbsp;octobre l\u2019Association des constructeurs europ\u00e9ens dans un communiqu\u00e9.<\/p>\n\n\n\n<p>Les principaux march\u00e9s ont enregistr\u00e9 des baisses \u00e0 deux chiffres \u2013 avec en Allemagne une chute de 25,7 %, en Italie de 32,7 %, en France de 20,5 % et en Espagne de 15,7 % \u2013 entre septembre 2020 et septembre 2021. En cumul\u00e9 depuis le d\u00e9but de l\u2019ann\u00e9e 2021, il s\u2019est tout de m\u00eame vendu plus de 7,5 millions de v\u00e9hicules, soit 500 000 v\u00e9hicules de plus que l\u2019ann\u00e9e derni\u00e8re \u00e0 la m\u00eame p\u00e9riode.<\/p>\n\n\n\n<p><\/p>\n","protected":false},"excerpt":{"rendered":"<p>Les principaux march\u00e9s ont enregistr\u00e9 des baisses \u00e0 deux chiffres \u2013 avec en\u00a0Allemagne une chute de\u00a025,7 %, en Italie de 32,7 %, en France de 20,5 % \u2013 sur un an. NavigationLe Monde &#8211; retour \u00e0 la uneSe connecterS\u2019abonner \u00c9CONOMIE P\u00e9nurie de puces \u00e9lectroniques : le march\u00e9 automobile europ\u00e9en s\u2019\u00e9croule en septembre Les principaux march\u00e9s [&hellip;]<\/p>\n","protected":false},"author":2,"featured_media":19274,"comment_status":"open","ping_status":"open","sticky":false,"template":"","format":"standard","meta":{"_jetpack_memberships_contains_paid_content":false,"footnotes":"","jetpack_publicize_message":"","jetpack_publicize_feature_enabled":true,"jetpack_social_post_already_shared":true,"jetpack_social_options":{"image_generator_settings":{"template":"highway","default_image_id":0,"font":"","enabled":false},"version":2},"_wpas_customize_per_network":false},"categories":[405],"tags":[],"class_list":["post-19273","post","type-post","status-publish","format-standard","has-post-thumbnail","hentry","category-actu-france-monde"],"jetpack_publicize_connections":[],"jetpack_featured_media_url":"https:\/\/i0.wp.com\/www.iceagetv.com\/radiosite\/wp-content\/uploads\/2021\/10\/9330c7b_fw1-renault-nissan-india-workers-0608-11.jpeg?fit=1328%2C894&ssl=1","jetpack_sharing_enabled":true,"_links":{"self":[{"href":"https:\/\/www.iceagetv.com\/radiosite\/wp-json\/wp\/v2\/posts\/19273","targetHints":{"allow":["GET"]}}],"collection":[{"href":"https:\/\/www.iceagetv.com\/radiosite\/wp-json\/wp\/v2\/posts"}],"about":[{"href":"https:\/\/www.iceagetv.com\/radiosite\/wp-json\/wp\/v2\/types\/post"}],"author":[{"embeddable":true,"href":"https:\/\/www.iceagetv.com\/radiosite\/wp-json\/wp\/v2\/users\/2"}],"replies":[{"embeddable":true,"href":"https:\/\/www.iceagetv.com\/radiosite\/wp-json\/wp\/v2\/comments?post=19273"}],"version-history":[{"count":1,"href":"https:\/\/www.iceagetv.com\/radiosite\/wp-json\/wp\/v2\/posts\/19273\/revisions"}],"predecessor-version":[{"id":19275,"href":"https:\/\/www.iceagetv.com\/radiosite\/wp-json\/wp\/v2\/posts\/19273\/revisions\/19275"}],"wp:featuredmedia":[{"embeddable":true,"href":"https:\/\/www.iceagetv.com\/radiosite\/wp-json\/wp\/v2\/media\/19274"}],"wp:attachment":[{"href":"https:\/\/www.iceagetv.com\/radiosite\/wp-json\/wp\/v2\/media?parent=19273"}],"wp:term":[{"taxonomy":"category","embeddable":true,"href":"https:\/\/www.iceagetv.com\/radiosite\/wp-json\/wp\/v2\/categories?post=19273"},{"taxonomy":"post_tag","embeddable":true,"href":"https:\/\/www.iceagetv.com\/radiosite\/wp-json\/wp\/v2\/tags?post=19273"}],"curies":[{"name":"wp","href":"https:\/\/api.w.org\/{rel}","templated":true}]}}