{"id":19280,"date":"2021-10-19T16:32:08","date_gmt":"2021-10-19T16:32:08","guid":{"rendered":"http:\/\/www.iceagetv.com\/radiosite\/?p=19280"},"modified":"2021-10-19T16:32:08","modified_gmt":"2021-10-19T16:32:08","slug":"valence-un-pere-en-garde-a-vue-apres-avoir-soutenu-son-fils-ayant-crie-allah-akbar-lors-dun-hommage-a-samuel-paty","status":"publish","type":"post","link":"https:\/\/www.iceagetv.com\/radiosite\/valence-un-pere-en-garde-a-vue-apres-avoir-soutenu-son-fils-ayant-crie-allah-akbar-lors-dun-hommage-a-samuel-paty\/","title":{"rendered":"Valence : un p\u00e8re en garde \u00e0 vue apr\u00e8s avoir soutenu son fils ayant cri\u00e9 \u00abAllah Akbar\u00bb lors d&rsquo;un hommage \u00e0 Samuel Paty"},"content":{"rendered":"\n<p>Cet homme de 43 ans a \u00e9galement prof\u00e9r\u00e9 des insultes et des menaces \u00e0 l&rsquo;encontre du personnel \u00e9ducatif.<\/p>\n\n\n\n<p>Un p\u00e8re de famille de 43 ans a \u00e9t\u00e9 plac\u00e9 en garde \u00e0 vue lundi 18 octobre au matin apr\u00e8s avoir soutenu son fils qui avait cri\u00e9 \u00ab<em>Allah Akbar<\/em>\u00bb lors d&rsquo;un hommage \u00e0\u00a0<a rel=\"noreferrer noopener\" href=\"https:\/\/www.lefigaro.fr\/actualite-france\/david-di-nota-il-a-vecu-un-engrenage-infernal-un-veritable-cauchemar-20211014\" target=\"_blank\">Samuel Paty<\/a>, vendredi 15 octobre dans un coll\u00e8ge de\u00a0<a rel=\"noreferrer noopener\" href=\"https:\/\/www.lefigaro.fr\/voyages\/guides\/destination-valence-ville-gastronome-aux-sept-etoiles-20210511\" target=\"_blank\">Valence<\/a>\u00a0(Dr\u00f4me), a appris\u00a0<em>Le Figaro\u00a0<\/em>d&rsquo;une source polici\u00e8re, confirmant une information de BFMTV.<\/p>\n\n\n\n<p>Les faits initiaux se sont d\u00e9roul\u00e9s vendredi lors de la minute de silence organis\u00e9e dans l&rsquo;\u00e9tablissement. L&rsquo;\u00e9l\u00e8ve, \u00e2g\u00e9 de 11 ans et scolaris\u00e9 en classe de cinqui\u00e8me, \u00ab<em>a \u00e9t\u00e9 amen\u00e9 \u00e0 r\u00e9fl\u00e9chir sur son comportement<\/em>\u00bb et \u00ab<em>a de lui-m\u00eame propos\u00e9 de s&rsquo;excuser aupr\u00e8s de son professeur et de ses camarades<\/em>\u00bb, indique le rectorat de l&rsquo;acad\u00e9mie de Grenoble dans un communiqu\u00e9.<\/p>\n\n\n\n<p>L&rsquo;adolescent a cependant \u00e9cop\u00e9 d&rsquo;un avertissement et son p\u00e8re, un agent de s\u00e9curit\u00e9 \u00e2g\u00e9 de 43 ans, a \u00e9t\u00e9 pr\u00e9venu par t\u00e9l\u00e9phone. Durant l&rsquo;entretien, il \u00ab<em>f\u00e9licitait le comportement de son fils<\/em>\u00bb, puis injuriait et mena\u00e7ait une premi\u00e8re fois la direction du coll\u00e8ge, selon le parquet.<\/p>\n\n\n\n<h2 class=\"wp-block-heading\" id=\"des-propos-injurieux-et-des-menaces-de-mort\">Des propos injurieux et des menaces de mort<\/h2>\n\n\n\n<p>Lundi matin, l&rsquo;homme p\u00e9n\u00e9trait dans l&rsquo;\u00e9tablissement et r\u00e9it\u00e9rait ses propos \u00ab<em>de mani\u00e8re encore plus vive, allant jusqu&rsquo;\u00e0 prononcer des menaces de mort<\/em>\u00bb, selon le rectorat. La police a alors \u00e9t\u00e9 alert\u00e9e et le parent d&rsquo;\u00e9l\u00e8ve interpell\u00e9.<\/p>\n\n\n\n<p>Lors d&rsquo;une perquisition \u00e0 son domicile, les enqu\u00eateurs ont d\u00e9couvert \u00ab<em>une bible, deux livres salafistes, un nunchaku, un sabre, une canne-\u00e9p\u00e9e ainsi que la somme de 11.500 euros<\/em>\u00bb, indique le procureur de la R\u00e9publique \u00e0 Valence, Alex Perrin, dans un communiqu\u00e9 de presse. La garde \u00e0 vue du p\u00e8re, connu des services de police et de la justice pour des faits anciens, a \u00e9t\u00e9 prolong\u00e9e et une expertise psychiatrique est en cours.<\/p>\n\n\n\n<p> Une centaine d&rsquo;incidents lors de l&rsquo;hommage \u00e0 Samuel Paty ont \u00e9t\u00e9 recens\u00e9s par le minist\u00e8re de l&rsquo;\u00c9ducation nationale. Interrog\u00e9 mardi sur celui de Valence, en marge du lancement \u00e0 Paris de son plan de formation \u00e0 la la\u00efcit\u00e9 pour les enseignants, Jean-Michel Blanquer a r\u00e9pondu qu&rsquo;il n&rsquo;en consid\u00e9rait aucun comme \u00ab<em>anodin<\/em>\u00bb et que tous faisaient l&rsquo;objet d&rsquo;un suivi. \u00ab<em>Nous avons maintenant, avec le minist\u00e8re de l&rsquo;Int\u00e9rieur, des cellules de suivi des ph\u00e9nom\u00e8nes de radicalisation. \u00c7a permet de voir ce qui se passe avec une famille comme celle-ci<\/em>\u00bb et de d\u00e9cider \u00ab<em>des mesures sociales et p\u00e9nales \u00e9ventuellement \u00e0 prendre, de fa\u00e7on \u00e0 ne pas laisser sans suite des ph\u00e9nom\u00e8nes comme cela<\/em>\u00bb, a dit le ministre. <\/p>\n","protected":false},"excerpt":{"rendered":"<p>Cet homme de 43 ans a \u00e9galement prof\u00e9r\u00e9 des insultes et des menaces \u00e0 l&rsquo;encontre du personnel \u00e9ducatif. Un p\u00e8re de famille de 43 ans a \u00e9t\u00e9 plac\u00e9 en garde \u00e0 vue lundi 18 octobre au matin apr\u00e8s avoir soutenu son fils qui avait cri\u00e9 \u00abAllah Akbar\u00bb lors d&rsquo;un hommage \u00e0\u00a0Samuel Paty, vendredi 15 octobre [&hellip;]<\/p>\n","protected":false},"author":2,"featured_media":19281,"comment_status":"open","ping_status":"open","sticky":false,"template":"","format":"standard","meta":{"_jetpack_memberships_contains_paid_content":false,"footnotes":"","jetpack_publicize_message":"","jetpack_publicize_feature_enabled":true,"jetpack_social_post_already_shared":true,"jetpack_social_options":{"image_generator_settings":{"template":"highway","default_image_id":0,"font":"","enabled":false},"version":2},"_wpas_customize_per_network":false},"categories":[405],"tags":[],"class_list":["post-19280","post","type-post","status-publish","format-standard","has-post-thumbnail","hentry","category-actu-france-monde"],"jetpack_publicize_connections":[],"jetpack_featured_media_url":"https:\/\/i0.wp.com\/www.iceagetv.com\/radiosite\/wp-content\/uploads\/2021\/10\/un-p%C3%A8re-en-garde-%C3%A0-vue-apr%C3%A8s-avoir-soutenu-son-fils-ayant-cri%C3%A9-%C2%ABAllah-Akbar%C2%BB-lors-dun-hommage-%C3%A0-Samuel-Paty.jpg?fit=616%2C347&ssl=1","jetpack_sharing_enabled":true,"_links":{"self":[{"href":"https:\/\/www.iceagetv.com\/radiosite\/wp-json\/wp\/v2\/posts\/19280","targetHints":{"allow":["GET"]}}],"collection":[{"href":"https:\/\/www.iceagetv.com\/radiosite\/wp-json\/wp\/v2\/posts"}],"about":[{"href":"https:\/\/www.iceagetv.com\/radiosite\/wp-json\/wp\/v2\/types\/post"}],"author":[{"embeddable":true,"href":"https:\/\/www.iceagetv.com\/radiosite\/wp-json\/wp\/v2\/users\/2"}],"replies":[{"embeddable":true,"href":"https:\/\/www.iceagetv.com\/radiosite\/wp-json\/wp\/v2\/comments?post=19280"}],"version-history":[{"count":1,"href":"https:\/\/www.iceagetv.com\/radiosite\/wp-json\/wp\/v2\/posts\/19280\/revisions"}],"predecessor-version":[{"id":19282,"href":"https:\/\/www.iceagetv.com\/radiosite\/wp-json\/wp\/v2\/posts\/19280\/revisions\/19282"}],"wp:featuredmedia":[{"embeddable":true,"href":"https:\/\/www.iceagetv.com\/radiosite\/wp-json\/wp\/v2\/media\/19281"}],"wp:attachment":[{"href":"https:\/\/www.iceagetv.com\/radiosite\/wp-json\/wp\/v2\/media?parent=19280"}],"wp:term":[{"taxonomy":"category","embeddable":true,"href":"https:\/\/www.iceagetv.com\/radiosite\/wp-json\/wp\/v2\/categories?post=19280"},{"taxonomy":"post_tag","embeddable":true,"href":"https:\/\/www.iceagetv.com\/radiosite\/wp-json\/wp\/v2\/tags?post=19280"}],"curies":[{"name":"wp","href":"https:\/\/api.w.org\/{rel}","templated":true}]}}