{"id":19309,"date":"2021-10-30T15:16:55","date_gmt":"2021-10-30T15:16:55","guid":{"rendered":"http:\/\/www.iceagetv.com\/radiosite\/?p=19309"},"modified":"2021-10-30T15:16:55","modified_gmt":"2021-10-30T15:16:55","slug":"heure-dhiver-comment-la-suppression-du-changement-dheure-a-disparu-de-lagenda-politique-europeen","status":"publish","type":"post","link":"https:\/\/www.iceagetv.com\/radiosite\/heure-dhiver-comment-la-suppression-du-changement-dheure-a-disparu-de-lagenda-politique-europeen\/","title":{"rendered":"Heure d\u2019hiver : comment la suppression du changement d\u2019heure a disparu de l\u2019agenda politique europ\u00e9en"},"content":{"rendered":"\n<p> Officiellement,\u00a0<a rel=\"noreferrer noopener\" href=\"https:\/\/www.vie-publique.fr\/questions-reponses\/271194-heure-dete-heure-dhiver-5-questions-sur-le-changement-dheure\" target=\"_blank\">c\u2019est encore la faute du Covid-19<\/a>\u00a0: depuis le d\u00e9but de la crise sanitaire, le projet de suppression du changement d\u2019heure semi-annuel dans l\u2019Union europ\u00e9enne (UE) est descendu en bas de la liste des priorit\u00e9s des Etats membres, loin derri\u00e8re le\u00a0<a rel=\"noreferrer noopener\" href=\"https:\/\/www.lemonde.fr\/idees\/article\/2019\/12\/10\/ursula-von-der-leyen-un-green-deal-europeen-pour-ralentir-le-rechauffement-de-la-planete_6022374_3232.html\" target=\"_blank\">Green Deal<\/a>\u00a0et les 750\u00a0milliards d\u2019euros du plan de relance.\u00a0<a rel=\"noreferrer noopener\" href=\"https:\/\/www.lemonde.fr\/international\/article\/2019\/03\/26\/le-parlement-europeen-se-prononce-pour-la-fin-du-changement-d-heure_5441563_3210.html\" target=\"_blank\">Vot\u00e9e en\u00a02019 par le Parlement europ\u00e9en<\/a>, la directive demandant aux Vingt-Sept de faire un choix entre\u00a0l\u2019heure d\u2019hiver et\u00a0l\u2019heure d\u2019\u00e9t\u00e9 aurait d\u00fb entrer en application en\u00a02021, mais, dimanche 31\u00a0octobre, les Fran\u00e7ais vont bien retirer une heure \u00e0 leur horloge (\u00e0 3\u00a0heures du matin dans la nuit de samedi \u00e0 dimanche, il sera 2\u00a0heures) \u2013 et devraient faire de m\u00eame en\u00a02022. <\/p>\n\n\n\n<p>Malgr\u00e9 l\u2019engouement&nbsp;<a href=\"https:\/\/eur-lex.europa.eu\/legal-content\/EN\/TXT\/?uri=CELEX%3A52018SC0406\" target=\"_blank\" rel=\"noreferrer noopener\">d\u2019une consultation men\u00e9e par la Commission europ\u00e9enne en&nbsp;2018<\/a>, \u00e0 laquelle avaient particip\u00e9 4,8&nbsp;millions de personnes \u2013 dont 84&nbsp;% favorables \u00e0 la fin de la bascule \u2013, les gouvernements rechignent \u00e0 se mettre d\u2019accord. Le Conseil de l\u2019UE, qui rassemble les ministres des Etats par th\u00e9matique,&nbsp;<a href=\"https:\/\/oeil.secure.europarl.europa.eu\/oeil\/popups\/ficheprocedure.do?reference=2018\/0332(COD)&amp;l=en\" target=\"_blank\" rel=\"noreferrer noopener\">n\u2019a toujours pas donn\u00e9 son avis au projet de directive<\/a>, un pr\u00e9requis avant toute entr\u00e9e en vigueur. Le sujet n\u2019\u00e9tait pas au programme du semestre de pr\u00e9sidence de l\u2019Union tenue par la Slov\u00e9nie jusqu\u2019en d\u00e9cembre et n\u2019a pas \u00e9t\u00e9 annonc\u00e9 pour la pr\u00e9sidence fran\u00e7aise, de janvier \u00e0 juin&nbsp;2022.<\/p>\n\n\n\n<h2 class=\"wp-block-heading\">Int\u00e9r\u00eats divergents<\/h2>\n\n\n\n<p>Les parlementaires europ\u00e9ens ont laiss\u00e9 la possibilit\u00e9 \u00e0 chaque pays de se fixer sur l\u2019heure l\u00e9gale du fuseau horaire du pays (en hiver) ou de conserver une heure suppl\u00e9mentaire (en\u00a0\u00e9t\u00e9). Avec ce choix, de nombreuses incompatibilit\u00e9s potentielles\u00a0apparaissent\u00a0: la Pologne pourrait, par exemple, \u00eatre d\u00e9cal\u00e9e avec l\u2019Allemagne mais sur la m\u00eame ligne que la R\u00e9publique tch\u00e8que, occasionnant un casse-t\u00eate permanent aux fronti\u00e8res \u2013 les minist\u00e8res des transports ont d\u2019ailleurs \u00e9t\u00e9 d\u00e9sign\u00e9s responsables du sujet au sein du Conseil de l\u2019UE. Pencher pour une harmonisation totale aurait pos\u00e9 d\u2019autres probl\u00e8mes\u00a0: un lever du jour en milieu de matin\u00e9e une partie de l\u2019ann\u00e9e en l\u2019Espagne, si l\u2019heure d\u2019hiver est maintenue\u00a0; une nuit termin\u00e9e d\u00e8s 3\u00a0heures du matin en Pologne si l\u2019heure d\u2019\u00e9t\u00e9 couvre toute l\u2019ann\u00e9e.<\/p>\n\n\n\n<p>Pour limiter les discordances, la Commission a demand\u00e9 \u00e0 ce que des pays proches g\u00e9ographiquement s\u2019alignent, par groupe, sur un choix commun. Seulement, les int\u00e9r\u00eats divergent&nbsp;: l\u2019ex\u00e9cutif allemand, avec le soutien de l\u2019opinion publique, est largement favorable \u00e0 l\u2019heure d\u2019\u00e9t\u00e9 mais n\u2019est pas suivi par tous ses voisins. La R\u00e9publique d\u2019Irlande est aujourd\u2019hui cal\u00e9e sur le rythme britannique et s\u2019en d\u00e9faire pourrait encore complexifier la gestion frontali\u00e8re avec l\u2019Irlande du Nord, d\u00e9j\u00e0 source de tensions depuis la mise en \u0153uvre du Brexit.<\/p>\n\n\n\n<p><em>\u00ab&nbsp;C\u2019est un sujet cher \u00e0 nos citoyens et nous devons leur montrer que l\u2019Union europ\u00e9enne est attentive \u00e0 leurs pr\u00e9occupations&nbsp;\u00bb<\/em>, appelait en mars&nbsp;2021 l\u2019eurod\u00e9put\u00e9 su\u00e9dois Johan Danielsson, rapporteur du projet de directive.&nbsp;<em>\u00ab&nbsp;Cela est seulement possible si nous lan\u00e7ons des n\u00e9gociations sur de nouvelles r\u00e8gles le plus t\u00f4t possible&nbsp;\u00bb<\/em>, ajoutait&nbsp;<a href=\"https:\/\/www.europarl.europa.eu\/news\/en\/press-room\/20210319IPR00446\/transport-meps-urge-to-end-clock-change\" target=\"_blank\" rel=\"noreferrer noopener\">dans un communiqu\u00e9 commun l\u2019eurod\u00e9put\u00e9e fran\u00e7aise Karima Delli<\/a>, pr\u00e9sidente de la commission transport et tourisme du parlement europ\u00e9en. Dans&nbsp;<a href=\"https:\/\/www.sudouest.fr\/sante\/fin-du-changement-d-heure-un-projet-au-point-mort-car-les-etats-n-arrivent-pas-a-se-mettre-d-accord-6662553.php\" target=\"_blank\" rel=\"noreferrer noopener\">un entretien \u00e0&nbsp;<em>Sud Ouest<\/em><\/a>, le 21&nbsp;octobre, l\u2019\u00e9lue Europe Ecologie-Les Verts appelait \u00e0 la nomination d\u2019une&nbsp;<em>\u00ab&nbsp;coordination europ\u00e9enne pour que ce sujet soit remis \u00e0 l\u2019ordre du jour&nbsp;\u00bb<\/em>.<\/p>\n\n\n\n<h2 class=\"wp-block-heading\">\u00ab&nbsp;Le temps passe tr\u00e8s lentement&nbsp;\u00bb<\/h2>\n\n\n\n<p>Depuis, aucune nouvelle. Le minist\u00e8re des affaires \u00e9trang\u00e8res fran\u00e7ais maintient, en r\u00e9ponse \u00e0 M<sup>me<\/sup>&nbsp;Delli, que les \u00e9changes&nbsp;<em>\u00ab&nbsp;se poursuivent&nbsp;\u00bb<\/em>&nbsp;sur le sujet, sans apporter plus de pr\u00e9cisions.&nbsp;<em>\u00ab&nbsp;Le temps passe tr\u00e8s lentement quand il s\u2019agit du changement d\u2019heure&nbsp;\u00bb<\/em>, a r\u00e9sum\u00e9 un porte-parole de la Commission au&nbsp;<a href=\"https:\/\/www.welt.de\/vermischtes\/article234699726\/Zeitumstellung-2021-Eigentlich-sollte-sie-schon-abgeschafft-sein.html\" target=\"_blank\" rel=\"noreferrer noopener\">quotidien allemand&nbsp;<em>Die Welt<\/em><\/a>. Si un accord finit par se d\u00e9gager au niveau europ\u00e9en, le choix entre heure d\u2019\u00e9t\u00e9 et heure d\u2019hiver resterait encore \u00e0 faire dans chaque Etat membre. En France,&nbsp;<a href=\"https:\/\/www2.assemblee-nationale.fr\/consultations-citoyennes\/consultations\/fin-du-changement-d-heure\" target=\"_blank\" rel=\"noreferrer noopener\">une consultation de la commission des affaires europ\u00e9enne \u00e0 l\u2019Assembl\u00e9e nationale<\/a>&nbsp;avait r\u00e9colt\u00e9 2,1&nbsp;millions de r\u00e9ponses&nbsp;: 83&nbsp;% des participants \u00e9taient pour la fin du changement d\u2019heure&nbsp;; 59&nbsp;% se disaient en faveur de l\u2019heure d\u2019\u00e9t\u00e9.<\/p>\n\n\n\n<p>En France, le passage \u00e0 l\u2019heure d\u2019\u00e9t\u00e9 avait \u00e9t\u00e9 d\u00e9cid\u00e9 en&nbsp;1976 pour \u00e9conomiser de l\u2019\u00e9nergie en r\u00e9duisant les temps d\u2019\u00e9clairage artificiel le soir. De nombreuses \u00e9tudes ont, depuis, relativis\u00e9 l\u2019apport r\u00e9el de la mesure sur ce point. Les parlementaires europ\u00e9ens mettent en avant, aujourd\u2019hui, des effets pr\u00e9sum\u00e9s sur la sant\u00e9 pour soutenir la suppression du changement semi-annuel.<\/p>\n\n\n\n<p><em>\u00ab&nbsp;Il est estim\u00e9 que 20&nbsp;% de la population souffre de probl\u00e8mes physiques ou mentaux li\u00e9s au changement d\u2019heure&nbsp;\u00bb<\/em>, avance Johan Danielsson, bien qu\u2019<a href=\"https:\/\/www.europarl.europa.eu\/RegData\/etudes\/BRIE\/2018\/630308\/EPRS_BRI(2018)630308_EN.pdf#page=5\" target=\"_blank\" rel=\"noreferrer noopener\">une synth\u00e8se sur le sujet produite par le Parlement europ\u00e9en<\/a>&nbsp;en&nbsp;2018 rappelait que les \u00e9l\u00e9ments de preuve sur&nbsp;<em>\u00ab&nbsp;des cons\u00e9quences globales&nbsp;<\/em>[du changement d\u2019heure]<em>&nbsp;sur la sant\u00e9 ne sont pas concluants&nbsp;\u00bb<\/em>.<\/p>\n\n\n\n<p><\/p>\n\n\n\n<p><\/p>\n","protected":false},"excerpt":{"rendered":"<p>Officiellement,\u00a0c\u2019est encore la faute du Covid-19\u00a0: depuis le d\u00e9but de la crise sanitaire, le projet de suppression du changement d\u2019heure semi-annuel dans l\u2019Union europ\u00e9enne (UE) est descendu en bas de la liste des priorit\u00e9s des Etats membres, loin derri\u00e8re le\u00a0Green Deal\u00a0et les 750\u00a0milliards d\u2019euros du plan de relance.\u00a0Vot\u00e9e en\u00a02019 par le Parlement europ\u00e9en, la directive [&hellip;]<\/p>\n","protected":false},"author":2,"featured_media":19310,"comment_status":"open","ping_status":"open","sticky":false,"template":"","format":"standard","meta":{"_jetpack_memberships_contains_paid_content":false,"footnotes":"","jetpack_publicize_message":"","jetpack_publicize_feature_enabled":true,"jetpack_social_post_already_shared":true,"jetpack_social_options":{"image_generator_settings":{"template":"highway","default_image_id":0,"font":"","enabled":false},"version":2},"_wpas_customize_per_network":false},"categories":[405],"tags":[],"class_list":["post-19309","post","type-post","status-publish","format-standard","has-post-thumbnail","hentry","category-actu-france-monde"],"jetpack_publicize_connections":[],"jetpack_featured_media_url":"https:\/\/i0.wp.com\/www.iceagetv.com\/radiosite\/wp-content\/uploads\/2021\/10\/Heure-d%E2%80%99hiver.png?fit=557%2C375&ssl=1","jetpack_sharing_enabled":true,"_links":{"self":[{"href":"https:\/\/www.iceagetv.com\/radiosite\/wp-json\/wp\/v2\/posts\/19309","targetHints":{"allow":["GET"]}}],"collection":[{"href":"https:\/\/www.iceagetv.com\/radiosite\/wp-json\/wp\/v2\/posts"}],"about":[{"href":"https:\/\/www.iceagetv.com\/radiosite\/wp-json\/wp\/v2\/types\/post"}],"author":[{"embeddable":true,"href":"https:\/\/www.iceagetv.com\/radiosite\/wp-json\/wp\/v2\/users\/2"}],"replies":[{"embeddable":true,"href":"https:\/\/www.iceagetv.com\/radiosite\/wp-json\/wp\/v2\/comments?post=19309"}],"version-history":[{"count":1,"href":"https:\/\/www.iceagetv.com\/radiosite\/wp-json\/wp\/v2\/posts\/19309\/revisions"}],"predecessor-version":[{"id":19311,"href":"https:\/\/www.iceagetv.com\/radiosite\/wp-json\/wp\/v2\/posts\/19309\/revisions\/19311"}],"wp:featuredmedia":[{"embeddable":true,"href":"https:\/\/www.iceagetv.com\/radiosite\/wp-json\/wp\/v2\/media\/19310"}],"wp:attachment":[{"href":"https:\/\/www.iceagetv.com\/radiosite\/wp-json\/wp\/v2\/media?parent=19309"}],"wp:term":[{"taxonomy":"category","embeddable":true,"href":"https:\/\/www.iceagetv.com\/radiosite\/wp-json\/wp\/v2\/categories?post=19309"},{"taxonomy":"post_tag","embeddable":true,"href":"https:\/\/www.iceagetv.com\/radiosite\/wp-json\/wp\/v2\/tags?post=19309"}],"curies":[{"name":"wp","href":"https:\/\/api.w.org\/{rel}","templated":true}]}}