{"id":19338,"date":"2021-11-01T16:44:10","date_gmt":"2021-11-01T16:44:10","guid":{"rendered":"http:\/\/www.iceagetv.com\/radiosite\/?p=19338"},"modified":"2021-11-01T16:44:10","modified_gmt":"2021-11-01T16:44:10","slug":"emmanuel-macron-appelle-les-pays-les-plus-gros-emetteurs-a-rehausser-leurs-ambitions-avant-la-fin-de-la-conference","status":"publish","type":"post","link":"https:\/\/www.iceagetv.com\/radiosite\/emmanuel-macron-appelle-les-pays-les-plus-gros-emetteurs-a-rehausser-leurs-ambitions-avant-la-fin-de-la-conference\/","title":{"rendered":"Emmanuel Macron appelle les pays \u00ab\u00a0les plus gros \u00e9metteurs\u00a0\u00bb \u00e0 \u00ab\u00a0rehausser leurs ambitions\u00a0\u00bb avant la fin de la conf\u00e9rence"},"content":{"rendered":"\n<p><a href=\"https:\/\/www.francetvinfo.fr\/monde\/environnement\/cop26\/\">La COP26 de Glasgow<\/a>&nbsp;(Royaume-Uni), la<em>&nbsp;\u00ab\u00a0conf\u00e9rence climat la plus importante\u00a0\u00bb<\/em>&nbsp;depuis la COP21 et la signature de l&rsquo;accord de Paris en 2015, a r\u00e9ellement d\u00e9but\u00e9 lundi 1er&nbsp;novembre, avec les discours des chefs d&rsquo;Etat et de gouvernement \u00e0 la tribune.<em>&nbsp;\u00ab\u00a0Les plus gros \u00e9metteurs doivent rehausser leurs ambitions dans les quinze jours qui viennent\u00a0\u00bb<\/em>, a lanc\u00e9&nbsp;Emmanuel Macron lors de son intervention, estimant que la France et l&rsquo;Union europ\u00e9enne, elles, sont&nbsp;<em>\u00ab\u00a0au rendez-vous\u00a0\u00bb<\/em>. Suivez les discours sur franceinfo, ou sur le site de l&rsquo;ONU,&nbsp;<a href=\"https:\/\/unfccc-cop26.streamworld.de\/webcast\/national-statements\" target=\"_blank\" rel=\"noreferrer noopener\">qui propose une traduction en anglais<\/a>&nbsp;des orateurs s&rsquo;exprimant dans d&rsquo;autres langues.<\/p>\n\n\n\n<p>&nbsp;<strong>Boris Johnson ouvre la conf\u00e9rence.&nbsp;<\/strong>Le Premier ministre britannique a donn\u00e9 le ton en ouverture, pr\u00e9venant qu&rsquo;un \u00e9chec des n\u00e9gociations entra\u00eenerait&nbsp;<em>\u00ab\u00a0une col\u00e8re et une impatience incontr\u00f4lables\u00a0\u00bb<\/em>, et que les g\u00e9n\u00e9rations futures&nbsp;<em>\u00ab\u00a0ne nous le pardonneront<\/em>&nbsp;<em>pas\u00a0\u00bb<\/em>.&nbsp;L&rsquo;Am\u00e9ricain Joe Biden a averti contre&nbsp;<em>\u00ab\u00a0le co\u00fbt de l&rsquo;inaction\u00a0\u00bb<\/em>&nbsp;qui augmente&nbsp;<em>\u00ab\u00a0chaque jour o\u00f9 nous repoussons\u00a0\u00bb<\/em>&nbsp;les r\u00e9formes.<\/p>\n\n\n\n<p>&nbsp;<strong>Plus de 120 chefs d&rsquo;Etat et de gouvernement.<\/strong>&nbsp;L&rsquo;Am\u00e9ricain Joe Biden&nbsp;et l&rsquo;Indien Narendra Modi font partie des dirigeants&nbsp;pr\u00e9sents.&nbsp;Mais il y a aussi de grands absents, comme le Chinois Xi Jinping, qui n&rsquo;est pas sorti de son pays depuis le d\u00e9but de la pand\u00e9mie de Covid-19, et le Russe Vladimir Poutine. Ils dirigent pourtant deux des pays les plus \u00e9metteurs de gaz \u00e0 effet de serre de la plan\u00e8te.<\/p>\n\n\n\n<p>&nbsp;<strong>Des objectifs disparates.&nbsp;<\/strong>Ambitions&nbsp;\u00e0 am\u00e9liorer, aides pour les pays pauvres, nouvelles r\u00e8gles pour les march\u00e9s carbone\u2026 Contrairement \u00e0 la COP21, cette conf\u00e9rence ne doit pas d\u00e9boucher sur un nouveau trait\u00e9, mais sur une s\u00e9rie d&rsquo;engagements pour revenir dans les clous de l&rsquo;accord de Paris,&nbsp;<a href=\"https:\/\/www.francetvinfo.fr\/meteo\/climat\/cop26-ou-en-est-l-accord-de-paris-sur-le-climat-six-ans-apres-sa-signature_4786085.html\">dont les objectifs ne sont pas tenus pour le moment<\/a>.<\/p>\n","protected":false},"excerpt":{"rendered":"<p>La COP26 de Glasgow&nbsp;(Royaume-Uni), la&nbsp;\u00ab\u00a0conf\u00e9rence climat la plus importante\u00a0\u00bb&nbsp;depuis la COP21 et la signature de l&rsquo;accord de Paris en 2015, a r\u00e9ellement d\u00e9but\u00e9 lundi 1er&nbsp;novembre, avec les discours des chefs d&rsquo;Etat et de gouvernement \u00e0 la tribune.&nbsp;\u00ab\u00a0Les plus gros \u00e9metteurs doivent rehausser leurs ambitions dans les quinze jours qui viennent\u00a0\u00bb, a lanc\u00e9&nbsp;Emmanuel Macron lors de [&hellip;]<\/p>\n","protected":false},"author":2,"featured_media":19339,"comment_status":"open","ping_status":"open","sticky":false,"template":"","format":"standard","meta":{"_jetpack_memberships_contains_paid_content":false,"footnotes":"","jetpack_publicize_message":"","jetpack_publicize_feature_enabled":true,"jetpack_social_post_already_shared":true,"jetpack_social_options":{"image_generator_settings":{"template":"highway","default_image_id":0,"font":"","enabled":false},"version":2},"_wpas_customize_per_network":false},"categories":[405],"tags":[],"class_list":["post-19338","post","type-post","status-publish","format-standard","has-post-thumbnail","hentry","category-actu-france-monde"],"jetpack_publicize_connections":[],"jetpack_featured_media_url":"https:\/\/i0.wp.com\/www.iceagetv.com\/radiosite\/wp-content\/uploads\/2021\/11\/COP26.jpg?fit=1197%2C450&ssl=1","jetpack_sharing_enabled":true,"_links":{"self":[{"href":"https:\/\/www.iceagetv.com\/radiosite\/wp-json\/wp\/v2\/posts\/19338","targetHints":{"allow":["GET"]}}],"collection":[{"href":"https:\/\/www.iceagetv.com\/radiosite\/wp-json\/wp\/v2\/posts"}],"about":[{"href":"https:\/\/www.iceagetv.com\/radiosite\/wp-json\/wp\/v2\/types\/post"}],"author":[{"embeddable":true,"href":"https:\/\/www.iceagetv.com\/radiosite\/wp-json\/wp\/v2\/users\/2"}],"replies":[{"embeddable":true,"href":"https:\/\/www.iceagetv.com\/radiosite\/wp-json\/wp\/v2\/comments?post=19338"}],"version-history":[{"count":1,"href":"https:\/\/www.iceagetv.com\/radiosite\/wp-json\/wp\/v2\/posts\/19338\/revisions"}],"predecessor-version":[{"id":19340,"href":"https:\/\/www.iceagetv.com\/radiosite\/wp-json\/wp\/v2\/posts\/19338\/revisions\/19340"}],"wp:featuredmedia":[{"embeddable":true,"href":"https:\/\/www.iceagetv.com\/radiosite\/wp-json\/wp\/v2\/media\/19339"}],"wp:attachment":[{"href":"https:\/\/www.iceagetv.com\/radiosite\/wp-json\/wp\/v2\/media?parent=19338"}],"wp:term":[{"taxonomy":"category","embeddable":true,"href":"https:\/\/www.iceagetv.com\/radiosite\/wp-json\/wp\/v2\/categories?post=19338"},{"taxonomy":"post_tag","embeddable":true,"href":"https:\/\/www.iceagetv.com\/radiosite\/wp-json\/wp\/v2\/tags?post=19338"}],"curies":[{"name":"wp","href":"https:\/\/api.w.org\/{rel}","templated":true}]}}