{"id":19341,"date":"2021-11-02T16:47:48","date_gmt":"2021-11-02T16:47:48","guid":{"rendered":"http:\/\/www.iceagetv.com\/radiosite\/?p=19341"},"modified":"2021-11-02T16:47:48","modified_gmt":"2021-11-02T16:47:48","slug":"lacteur-et-humoriste-ary-abittan-a-ete-mis-en-examen-pour-viol-et-place-sous-controle-judiciaire-apres-48h-dune-garde-a-vue-debutee-dimanche","status":"publish","type":"post","link":"https:\/\/www.iceagetv.com\/radiosite\/lacteur-et-humoriste-ary-abittan-a-ete-mis-en-examen-pour-viol-et-place-sous-controle-judiciaire-apres-48h-dune-garde-a-vue-debutee-dimanche\/","title":{"rendered":"L\u2019acteur et humoriste Ary Abittan a \u00e9t\u00e9 mis en examen pour viol et plac\u00e9 sous contr\u00f4le judiciaire apr\u00e8s 48h d&rsquo;une garde \u00e0 vue d\u00e9but\u00e9e dimanche"},"content":{"rendered":"\n<p><strong>LE POINT SUR CE QUE L&rsquo;ON SAIT<\/strong><\/p>\n\n\n\n<p>L&rsquo;acteur Ary Abittan, connu notamment pour avoir jou\u00e9 dans la com\u00e9die \u00ab\u00a0Qu&rsquo;est-ce qu&rsquo;on a fait au bon dieu ?\u00a0\u00bb, a \u00e9t\u00e9 mis en examen mardi pour viol apr\u00e8s les accusations d&rsquo;une femme et plac\u00e9 sous contr\u00f4le judiciaire, a-t-on appris de source judiciaire. Le com\u00e9dien, \u00e2g\u00e9 de 47 ans, a \u00e9t\u00e9 interpell\u00e9 dimanche et plac\u00e9 en garde \u00e0 vue au commissariat du 1er district de la police judiciaire de Paris.<\/p>\n\n\n\n<p>La veille, dans la soir\u00e9e de samedi, une jeune femme avec qui il entretient une relation intime, avait port\u00e9 plainte contre lui pour des faits de viol. A l&rsquo;issue de 48 heures de garde \u00e0 vue, Ary Abittan a \u00e9t\u00e9 pr\u00e9sent\u00e9 \u00e0 un juge d&rsquo;instruction qui l&rsquo;a mis en examen pour viol et plac\u00e9 sous contr\u00f4le judiciaire, a pr\u00e9cis\u00e9 la source judiciaire. Les faits se seraient d\u00e9roul\u00e9s dans la soir\u00e9e de samedi au domicile de l&rsquo;acteur dans le VIIIe arrondissement de la capitale, pr\u00e8s des Champs-Elys\u00e9es, selon le site internet du&nbsp;<a href=\"https:\/\/www.lepoint.fr\/faits-divers\/ary-abittan-47-ans-accuse-de-viol-par-une-jeune-femme-de-23-ans-02-11-2021-2450277_2627.php\" target=\"_blank\" rel=\"noreferrer noopener\">Point<\/a>.<\/p>\n\n\n\n<p>La jeune femme, \u00e2g\u00e9e de 23 ans, accuse le com\u00e9dien de lui avoir impos\u00e9 des pratiques sexuelles auxquelles elle n&rsquo;aurait pas consenti, ce qu&rsquo;il conteste, pr\u00e9cise le Point. Contact\u00e9, son avocat n&rsquo;avait pu \u00eatre joint mardi apr\u00e8s-midi.<\/p>\n\n\n\n<p>Ary Abittan, qui a d\u00e9marr\u00e9 sur les planches avec des spectacles humoristiques, est surtout connu du grand public pour son r\u00f4le de gendre de Christian Clavier dans la trilogie \u00ab\u00a0Qu&rsquo;est-ce qu&rsquo;on a fait au bon dieu?\u00a0\u00bb de Philippe Chauveron (2014, 2019 et 2022). Habitu\u00e9 des \u00e9missions d&rsquo;Arthur sur TF1, il a \u00e9galement jou\u00e9 dans des t\u00e9l\u00e9films, dont \u00ab\u00a0Apprendre \u00e0 t&rsquo;aimer\u00a0\u00bb de St\u00e9phanie Pillonca sur la trisomie 21, distingu\u00e9 au festival de Luchon en 2020.<\/p>\n\n\n\n<p>Dans le dernier film de Claude Lelouch, \u00ab\u00a0L&rsquo;amour, c&rsquo;est mieux que la vie\u00a0\u00bb, il tient l&rsquo;un des r\u00f4les principaux avec G\u00e9rard Darmon et Philippe Lellouche. Humoriste, Ary Abittan doit se produire sur sc\u00e8ne \u00e0 partir de d\u00e9cembre avec son nouveau one man show, \u00ab\u00a0Pour de vrai\u00a0\u00bb, avant une tourn\u00e9e en France jusqu&rsquo;en 2023. Dans ce spectacle, ce \u00ab\u00a0divorc\u00e9, papa de trois filles et fils de deux parents angoiss\u00e9s (&#8230;) \u00e9voque sans tabous sa vie quotidienne avec sa sensibilit\u00e9\u00a0\u00bb, selon le r\u00e9sum\u00e9.<\/p>\n\n\n\n<p>Selon le&nbsp;<a href=\"https:\/\/www.lepoint.fr\/faits-divers\/ary-abittan-47-ans-accuse-de-viol-par-une-jeune-femme-de-23-ans-02-11-2021-2450277_2627.php\" target=\"_blank\" rel=\"noreferrer noopener\">site du Point<\/a>, la plaignante, une jeune femme&nbsp;de 23&nbsp;ans a rapport\u00e9 aux policiers \u00ab\u00a0entretenir une relation suivie avec l\u2019acteur sans pour autant \u00eatre sa compagne officielle.\u00a0\u00bb. Et de raconter avoir rejoint l&rsquo;acteur \u00e0 son domicile, pr\u00e8s des Champs-\u00c9lys\u00e9es, avoir d&rsquo;avoir une relation sexuelle \u00ab&nbsp;prot\u00e9g\u00e9e&nbsp;\u00bb. Les faits reproch\u00e9s se seraient d\u00e9roul\u00e9s&nbsp;durant un second rapport , durant lequel ele com\u00e9dien aurait pris des initiatives qui n\u2019auraient pas&nbsp;plu \u00e0 sa jeune amie\u00a0\u00bb, peut-on lire, \u00e9voquant \u00ab\u00a0des relations sexuelles non conventionnelles entre homme et femme.\u00a0\u00bb.&nbsp;La jeune femme affirme que l&rsquo;acteur \u00ab\u00a0serait pass\u00e9 outre son refus, pourtant explicitement exprim\u00e9\u00a0\u00bb. De son cot\u00e9, Ary Abittan nie les faits qui lui sont reproch\u00e9s. Pr\u00e9cisant face aux policiers qu'\u00a0\u00bbils avaient pris une douche ensemble et la plaignante a ensuite quitt\u00e9 l\u2019appartement alors que lui a rejoint des amis r\u00e9unis \u00e0 une soir\u00e9e.\u00a0\u00bb, peut-on lire.<\/p>\n\n\n\n<p>Nos confr\u00e8res du&nbsp;<a href=\"https:\/\/www.lepoint.fr\/faits-divers\/ary-abittan-47-ans-accuse-de-viol-par-une-jeune-femme-de-23-ans-02-11-2021-2450277_2627.php\" target=\"_blank\" rel=\"noreferrer noopener\">Point<\/a>&nbsp;indique que dans un premier temps, la victime pr\u00e9sum\u00e9e ne souhaitait pas d\u00e9poser de plainte pour ne pas \u00ab&nbsp;entacher la carri\u00e8re de l\u2019acteur&nbsp;\u00bb, pr\u00e9f\u00e9rant signaler les faits dans une main courante. Mais&nbsp;la permanence criminelle du parquet de Paris a saisi le 1er&nbsp;district de police judiciaire. Apr\u00e8s avoir \u00e9t\u00e9 interpell\u00e9 \u00e0 son domicile et plac\u00e9 en garde \u00e0 vue, le com\u00e9dien a \u00e9t\u00e9 d\u00e9f\u00e9r\u00e9 devant un magistrat du parquet de Paris, avant d&rsquo;\u00eatre mis en examen pour viol et plac\u00e9 sous contr\u00f4le judiciaire.<\/p>\n\n\n\n<p><\/p>\n","protected":false},"excerpt":{"rendered":"<p>LE POINT SUR CE QUE L&rsquo;ON SAIT L&rsquo;acteur Ary Abittan, connu notamment pour avoir jou\u00e9 dans la com\u00e9die \u00ab\u00a0Qu&rsquo;est-ce qu&rsquo;on a fait au bon dieu ?\u00a0\u00bb, a \u00e9t\u00e9 mis en examen mardi pour viol apr\u00e8s les accusations d&rsquo;une femme et plac\u00e9 sous contr\u00f4le judiciaire, a-t-on appris de source judiciaire. Le com\u00e9dien, \u00e2g\u00e9 de 47 ans, [&hellip;]<\/p>\n","protected":false},"author":2,"featured_media":19342,"comment_status":"open","ping_status":"open","sticky":false,"template":"","format":"standard","meta":{"_jetpack_memberships_contains_paid_content":false,"footnotes":"","jetpack_publicize_message":"","jetpack_publicize_feature_enabled":true,"jetpack_social_post_already_shared":true,"jetpack_social_options":{"image_generator_settings":{"template":"highway","default_image_id":0,"font":"","enabled":false},"version":2},"_wpas_customize_per_network":false},"categories":[68],"tags":[],"class_list":["post-19341","post","type-post","status-publish","format-standard","has-post-thumbnail","hentry","category-actu-culturelle"],"jetpack_publicize_connections":[],"jetpack_featured_media_url":"https:\/\/i0.wp.com\/www.iceagetv.com\/radiosite\/wp-content\/uploads\/2021\/11\/Ary-Abittan.jpg?fit=679%2C293&ssl=1","jetpack_sharing_enabled":true,"_links":{"self":[{"href":"https:\/\/www.iceagetv.com\/radiosite\/wp-json\/wp\/v2\/posts\/19341","targetHints":{"allow":["GET"]}}],"collection":[{"href":"https:\/\/www.iceagetv.com\/radiosite\/wp-json\/wp\/v2\/posts"}],"about":[{"href":"https:\/\/www.iceagetv.com\/radiosite\/wp-json\/wp\/v2\/types\/post"}],"author":[{"embeddable":true,"href":"https:\/\/www.iceagetv.com\/radiosite\/wp-json\/wp\/v2\/users\/2"}],"replies":[{"embeddable":true,"href":"https:\/\/www.iceagetv.com\/radiosite\/wp-json\/wp\/v2\/comments?post=19341"}],"version-history":[{"count":1,"href":"https:\/\/www.iceagetv.com\/radiosite\/wp-json\/wp\/v2\/posts\/19341\/revisions"}],"predecessor-version":[{"id":19343,"href":"https:\/\/www.iceagetv.com\/radiosite\/wp-json\/wp\/v2\/posts\/19341\/revisions\/19343"}],"wp:featuredmedia":[{"embeddable":true,"href":"https:\/\/www.iceagetv.com\/radiosite\/wp-json\/wp\/v2\/media\/19342"}],"wp:attachment":[{"href":"https:\/\/www.iceagetv.com\/radiosite\/wp-json\/wp\/v2\/media?parent=19341"}],"wp:term":[{"taxonomy":"category","embeddable":true,"href":"https:\/\/www.iceagetv.com\/radiosite\/wp-json\/wp\/v2\/categories?post=19341"},{"taxonomy":"post_tag","embeddable":true,"href":"https:\/\/www.iceagetv.com\/radiosite\/wp-json\/wp\/v2\/tags?post=19341"}],"curies":[{"name":"wp","href":"https:\/\/api.w.org\/{rel}","templated":true}]}}