{"id":19353,"date":"2021-11-03T15:52:43","date_gmt":"2021-11-03T15:52:43","guid":{"rendered":"http:\/\/www.iceagetv.com\/radiosite\/?p=19353"},"modified":"2021-11-03T15:52:43","modified_gmt":"2021-11-03T15:52:43","slug":"le-chanteur-jean-luc-lahaye-interpelle-ce-matin-et-place-en-garde-a-vue-il-est-soupconne-de-viols-et-agressions-sexuelles-sur-deux-mineures-sa-fille-a-egalement-ete-placee-en-garde-a-vue","status":"publish","type":"post","link":"https:\/\/www.iceagetv.com\/radiosite\/le-chanteur-jean-luc-lahaye-interpelle-ce-matin-et-place-en-garde-a-vue-il-est-soupconne-de-viols-et-agressions-sexuelles-sur-deux-mineures-sa-fille-a-egalement-ete-placee-en-garde-a-vue\/","title":{"rendered":"Le chanteur Jean-Luc Lahaye interpell\u00e9 ce matin et plac\u00e9 en garde \u00e0 vue, il est soup\u00e7onn\u00e9 de \u00ab\u00a0viols et agressions sexuelles sur deux mineures\u00a0\u00bb &#8211; Sa fille a \u00e9galement \u00e9t\u00e9 plac\u00e9e en garde \u00e0 vue"},"content":{"rendered":"\n<p>Selon<a href=\"https:\/\/www.leparisien.fr\/faits-divers\/le-chanteur-jean-luc-lahaye-et-sa-fille-en-garde-a-vue-dans-une-affaire-de-viols-sur-mineures-03-11-2021-PKBRRYO76JHKNEQUDUMMQBRWRA.php?ts=1635951050427\" target=\"_blank\" rel=\"noreferrer noopener\">&nbsp;le Parisien<\/a>, Jean-Luc Lahaye a \u00e9t\u00e9 interpell\u00e9 ce matin par les policiers de l\u2019Office central pour la r\u00e9pression des violences aux personnes \u00e0 Paris, soup\u00e7onn\u00e9 de \u00ab viols et agressions sexuelles sur mineur de plus de 15 ans \u00bb ainsi que \u00ab corruption de mineur \u00bb , envers deux adolescentes \u00e2g\u00e9es de 16 et 17 ans, en 2013-2014. Nos confr\u00e8res indiquent que sa fille a \u00e9galement \u00e9t\u00e9 plac\u00e9e en garde \u00e0 vue, pour des soup\u00e7ons de pression sur les victimes. Selon leurs d\u00e9clarations, les deux mineures \u00e9taient \u00ab\u00a0sous emprise du chanteur dont elles appr\u00e9ciaient les tubes. Le chanteur aurait eu des rapports sexuels avec elles et leur aurait demand\u00e9, par Internet et cam\u00e9ras interpos\u00e9es, de se d\u00e9v\u00eatir et de prendre des poses sexuelles\u00a0\u00bb, peut-on lire.<\/p>\n\n\n\n<p><a href=\"https:\/\/www.leparisien.fr\/faits-divers\/le-chanteur-jean-luc-lahaye-et-sa-fille-en-garde-a-vue-dans-une-affaire-de-viols-sur-mineures-03-11-2021-PKBRRYO76JHKNEQUDUMMQBRWRA.php?ts=1635951050427\" target=\"_blank\" rel=\"noreferrer noopener\">Le Parisien<\/a>&nbsp;indique que si les deux mineures avaient port\u00e9 plainte contre Jean-Luc Lahaye, elles s&rsquo;\u00e9taient r\u00e9tract\u00e9es. Et d&rsquo;ajouter que l&rsquo;une des deux victimes concern\u00e9es est l\u2019adolescente pour laquelle l&rsquo;artiste avait \u00e9t\u00e9 condamn\u00e9 pour corruption de mineur en 2015. C&rsquo;est finalement en d\u00e9but d&rsquo;ann\u00e9es que les deux jeunes femmes ont d\u00e9cid\u00e9 de red\u00e9pos\u00e9 plainte, expliquant \u00ab\u00a0avoir pris conscience des agressions subies avec le recul et s\u2019\u00eatre d\u00e9tach\u00e9es de leur admiration de Jean-Luc Lahaye\u00a0\u00bb. Une nouvelle enqu\u00eate pr\u00e9liminaire a ainsi \u00e9t\u00e9 ouverte.<\/p>\n\n\n\n<p>Quant \u00e0 la fille du chanteur, Margaux, elle a \u00e9galement \u00e9t\u00e9 plac\u00e9e en garde \u00e0 vue pour \u00ab subordination de t\u00e9moin \u00bb, soup\u00e7onn\u00e9e d\u2019avoir fait pression sur les deux adolescentes pour les astreindre au silence.<\/p>\n","protected":false},"excerpt":{"rendered":"<p>Selon&nbsp;le Parisien, Jean-Luc Lahaye a \u00e9t\u00e9 interpell\u00e9 ce matin par les policiers de l\u2019Office central pour la r\u00e9pression des violences aux personnes \u00e0 Paris, soup\u00e7onn\u00e9 de \u00ab viols et agressions sexuelles sur mineur de plus de 15 ans \u00bb ainsi que \u00ab corruption de mineur \u00bb , envers deux adolescentes \u00e2g\u00e9es de 16 et 17 [&hellip;]<\/p>\n","protected":false},"author":2,"featured_media":19354,"comment_status":"open","ping_status":"open","sticky":false,"template":"","format":"standard","meta":{"_jetpack_memberships_contains_paid_content":false,"footnotes":"","jetpack_publicize_message":"","jetpack_publicize_feature_enabled":true,"jetpack_social_post_already_shared":true,"jetpack_social_options":{"image_generator_settings":{"template":"highway","default_image_id":0,"font":"","enabled":false},"version":2},"_wpas_customize_per_network":false},"categories":[68],"tags":[],"class_list":["post-19353","post","type-post","status-publish","format-standard","has-post-thumbnail","hentry","category-actu-culturelle"],"jetpack_publicize_connections":[],"jetpack_featured_media_url":"https:\/\/i0.wp.com\/www.iceagetv.com\/radiosite\/wp-content\/uploads\/2021\/11\/Le-chanteur-Jean-Luc-Lahaye.png?fit=739%2C374&ssl=1","jetpack_sharing_enabled":true,"_links":{"self":[{"href":"https:\/\/www.iceagetv.com\/radiosite\/wp-json\/wp\/v2\/posts\/19353","targetHints":{"allow":["GET"]}}],"collection":[{"href":"https:\/\/www.iceagetv.com\/radiosite\/wp-json\/wp\/v2\/posts"}],"about":[{"href":"https:\/\/www.iceagetv.com\/radiosite\/wp-json\/wp\/v2\/types\/post"}],"author":[{"embeddable":true,"href":"https:\/\/www.iceagetv.com\/radiosite\/wp-json\/wp\/v2\/users\/2"}],"replies":[{"embeddable":true,"href":"https:\/\/www.iceagetv.com\/radiosite\/wp-json\/wp\/v2\/comments?post=19353"}],"version-history":[{"count":1,"href":"https:\/\/www.iceagetv.com\/radiosite\/wp-json\/wp\/v2\/posts\/19353\/revisions"}],"predecessor-version":[{"id":19355,"href":"https:\/\/www.iceagetv.com\/radiosite\/wp-json\/wp\/v2\/posts\/19353\/revisions\/19355"}],"wp:featuredmedia":[{"embeddable":true,"href":"https:\/\/www.iceagetv.com\/radiosite\/wp-json\/wp\/v2\/media\/19354"}],"wp:attachment":[{"href":"https:\/\/www.iceagetv.com\/radiosite\/wp-json\/wp\/v2\/media?parent=19353"}],"wp:term":[{"taxonomy":"category","embeddable":true,"href":"https:\/\/www.iceagetv.com\/radiosite\/wp-json\/wp\/v2\/categories?post=19353"},{"taxonomy":"post_tag","embeddable":true,"href":"https:\/\/www.iceagetv.com\/radiosite\/wp-json\/wp\/v2\/tags?post=19353"}],"curies":[{"name":"wp","href":"https:\/\/api.w.org\/{rel}","templated":true}]}}