{"id":19363,"date":"2021-11-04T19:58:00","date_gmt":"2021-11-04T19:58:00","guid":{"rendered":"http:\/\/www.iceagetv.com\/radiosite\/?p=19363"},"modified":"2021-11-04T19:58:00","modified_gmt":"2021-11-04T19:58:00","slug":"calais-un-ter-percute-un-groupe-de-migrants-au-moins-un-mort-et-trois-blesses","status":"publish","type":"post","link":"https:\/\/www.iceagetv.com\/radiosite\/calais-un-ter-percute-un-groupe-de-migrants-au-moins-un-mort-et-trois-blesses\/","title":{"rendered":"Calais : Un TER percute un groupe de migrants, au moins un mort et trois bless\u00e9s"},"content":{"rendered":"\n<p><a href=\"https:\/\/www.20minutes.fr\/dossier\/ter\">Un train TER<\/a>&nbsp;a percut\u00e9 un groupe d\u2019une cinquantaine de&nbsp;<a href=\"https:\/\/www.20minutes.fr\/dossier\/migrants\">migrants<\/a>, ce jeudi \u00e0&nbsp;<a href=\"https:\/\/www.20minutes.fr\/dossier\/calais\">Calais<\/a>&nbsp;(Pas-de-Calais), faisant au moins un mort, un bless\u00e9 en \u00ab&nbsp;urgence absolue&nbsp;\u00bb et deux bless\u00e9s l\u00e9gers, a annonc\u00e9 le&nbsp;parquet de Boulogne-sur-Mer.<\/p>\n\n\n\n<p>L\u2019accident s\u2019est d\u00e9roul\u00e9 vers 18h35 sur la voie ferr\u00e9e reliant Dunkerque \u00e0 Calais, dans le sens Dunkerque-Calais, a indiqu\u00e9 le procureur de la R\u00e9publique de Boulogne-sur-Mer, Guirec Le Bras.<\/p>\n\n\n\n<h2 class=\"wp-block-heading\">Un chemin de passage vers un campement<\/h2>\n\n\n\n<p>\u00ab&nbsp;Quatre migrants ont \u00e9t\u00e9 percut\u00e9s. Une personne est d\u00e9c\u00e9d\u00e9e, une est en urgence absolue et a \u00e9t\u00e9 conduite \u00e0 l\u2019h\u00f4pital, et les deux autres sont bless\u00e9es mais sans pronostic vital engag\u00e9&nbsp;\u00bb, a-t-il dit. L\u2019enqu\u00eate n\u2019a pas permis \u00e0 ce stade de d\u00e9terminer l\u2019\u00e2ge ni l\u2019identit\u00e9 du migrant d\u00e9c\u00e9d\u00e9 et du bless\u00e9 grave, mais \u00ab&nbsp;a priori&nbsp;\u00bb, les deux bless\u00e9s l\u00e9gers \u00ab&nbsp;seraient de nationalit\u00e9 \u00e9rythr\u00e9enne&nbsp;\u00bb, a-t-il ajout\u00e9.<\/p>\n\n\n\n<p>D\u2019apr\u00e8s les premiers \u00e9l\u00e9ments communiqu\u00e9s au parquet, \u00ab&nbsp;cette voie ferr\u00e9e serait un (\u2026) chemin de passage r\u00e9gulier des migrants&nbsp;\u00bb, qui l\u2019empruntent \u00ab&nbsp;pour se rendre dans des campements ou ailleurs&nbsp;\u00bb.<\/p>\n\n\n\n<h2 class=\"wp-block-heading\">Une enqu\u00eate ouverte<\/h2>\n\n\n\n<p>Dix-sept personnes se trouvaient dans le TER mais \u00ab&nbsp;aucun n\u2019a \u00e9t\u00e9 bless\u00e9&nbsp;\u00bb, selon le procureur. Le parquet a ouvert une enqu\u00eate pour homicide involontaire.<\/p>\n\n\n\n<p>Vers 20 heures, les secours avaient quitt\u00e9 les lieux et les \u00e9quipes de la SNCF \u00e9taient toujours pr\u00e9sentes sur les lieux de l\u2019accident, dans une zone pavillonnaire situ\u00e9e non loin du centre hospitalier, a constat\u00e9 un correspondant de l\u2019AFP. Ce lotissement se situe aussi \u00e0 proximit\u00e9 d\u2019un campement de migrants.<\/p>\n","protected":false},"excerpt":{"rendered":"<p>Un train TER&nbsp;a percut\u00e9 un groupe d\u2019une cinquantaine de&nbsp;migrants, ce jeudi \u00e0&nbsp;Calais&nbsp;(Pas-de-Calais), faisant au moins un mort, un bless\u00e9 en \u00ab&nbsp;urgence absolue&nbsp;\u00bb et deux bless\u00e9s l\u00e9gers, a annonc\u00e9 le&nbsp;parquet de Boulogne-sur-Mer. L\u2019accident s\u2019est d\u00e9roul\u00e9 vers 18h35 sur la voie ferr\u00e9e reliant Dunkerque \u00e0 Calais, dans le sens Dunkerque-Calais, a indiqu\u00e9 le procureur de la R\u00e9publique [&hellip;]<\/p>\n","protected":false},"author":2,"featured_media":19364,"comment_status":"open","ping_status":"open","sticky":false,"template":"","format":"standard","meta":{"_jetpack_memberships_contains_paid_content":false,"footnotes":"","jetpack_publicize_message":"","jetpack_publicize_feature_enabled":true,"jetpack_social_post_already_shared":true,"jetpack_social_options":{"image_generator_settings":{"template":"highway","default_image_id":0,"font":"","enabled":false},"version":2},"_wpas_customize_per_network":false},"categories":[405],"tags":[2987],"class_list":["post-19363","post","type-post","status-publish","format-standard","has-post-thumbnail","hentry","category-actu-france-monde","tag-calais-un-ter-percute-un-groupe-de-migrants"],"jetpack_publicize_connections":[],"jetpack_featured_media_url":"https:\/\/i0.wp.com\/www.iceagetv.com\/radiosite\/wp-content\/uploads\/2021\/11\/Calais-Un-TER-percute-un-groupe-de-migrants-au-moins-un-mort-et-trois-bless%C3%A9s.jpeg?fit=640%2C410&ssl=1","jetpack_sharing_enabled":true,"_links":{"self":[{"href":"https:\/\/www.iceagetv.com\/radiosite\/wp-json\/wp\/v2\/posts\/19363","targetHints":{"allow":["GET"]}}],"collection":[{"href":"https:\/\/www.iceagetv.com\/radiosite\/wp-json\/wp\/v2\/posts"}],"about":[{"href":"https:\/\/www.iceagetv.com\/radiosite\/wp-json\/wp\/v2\/types\/post"}],"author":[{"embeddable":true,"href":"https:\/\/www.iceagetv.com\/radiosite\/wp-json\/wp\/v2\/users\/2"}],"replies":[{"embeddable":true,"href":"https:\/\/www.iceagetv.com\/radiosite\/wp-json\/wp\/v2\/comments?post=19363"}],"version-history":[{"count":1,"href":"https:\/\/www.iceagetv.com\/radiosite\/wp-json\/wp\/v2\/posts\/19363\/revisions"}],"predecessor-version":[{"id":19365,"href":"https:\/\/www.iceagetv.com\/radiosite\/wp-json\/wp\/v2\/posts\/19363\/revisions\/19365"}],"wp:featuredmedia":[{"embeddable":true,"href":"https:\/\/www.iceagetv.com\/radiosite\/wp-json\/wp\/v2\/media\/19364"}],"wp:attachment":[{"href":"https:\/\/www.iceagetv.com\/radiosite\/wp-json\/wp\/v2\/media?parent=19363"}],"wp:term":[{"taxonomy":"category","embeddable":true,"href":"https:\/\/www.iceagetv.com\/radiosite\/wp-json\/wp\/v2\/categories?post=19363"},{"taxonomy":"post_tag","embeddable":true,"href":"https:\/\/www.iceagetv.com\/radiosite\/wp-json\/wp\/v2\/tags?post=19363"}],"curies":[{"name":"wp","href":"https:\/\/api.w.org\/{rel}","templated":true}]}}