{"id":19366,"date":"2021-11-05T08:03:51","date_gmt":"2021-11-05T08:03:51","guid":{"rendered":"http:\/\/www.iceagetv.com\/radiosite\/?p=19366"},"modified":"2021-11-05T08:03:51","modified_gmt":"2021-11-05T08:03:51","slug":"coronavirus-face-a-la-menace-dune-cinquieme-vague-le-president-de-la-republique-emmanuel-macron-pourrait-sadresser-aux-francais-dans-les-prochains-jours-selon-les-informations-de-rtl","status":"publish","type":"post","link":"https:\/\/www.iceagetv.com\/radiosite\/coronavirus-face-a-la-menace-dune-cinquieme-vague-le-president-de-la-republique-emmanuel-macron-pourrait-sadresser-aux-francais-dans-les-prochains-jours-selon-les-informations-de-rtl\/","title":{"rendered":"Coronavirus : Face \u00e0 la menace d&rsquo;une cinqui\u00e8me vague, le Pr\u00e9sident de la R\u00e9publique, Emmanuel Macron, pourrait s&rsquo;adresser aux Fran\u00e7ais dans les prochains jours selon les informations de RTL"},"content":{"rendered":"\n<p>Emmanuel Macron pourrait intervenir tr\u00e8s prochainement dans les m\u00e9dias \u00e0 propos de l&rsquo;\u00e9pid\u00e9mie de Coronavirus selon les informations d\u00e9voil\u00e9es ce matin sur RTL et en particulier face \u00e0 la menace d&rsquo;une cinqui\u00e8me vague.<\/p>\n\n\n\n<p>\u00ab\u00a0Emmanuel Macron est tr\u00e8s inquiet de la situation sanitaire en Europe\u00a0\u00bb, confie un ministre.<\/p>\n\n\n\n<p>Selon les informations de RTL, le chef de l&rsquo;\u00c9tat envisage m\u00eame de s&rsquo;adresser aux Fran\u00e7ais tr\u00e8s prochainement. Ce qui inqui\u00e8te Emmanuel Macron, ce sont d\u2019abord les pr\u00e9visions effrayantes de l&rsquo;OMS. Le Pr\u00e9sident regarde aussi la situation sanitaire du voisin allemand, qui vient de battre un nouveau record de contaminations.<\/p>\n\n\n\n<p>En France, selon un membre du conseil scientifique, les hospitalisations devraient remonter mi-novembre.<\/p>\n","protected":false},"excerpt":{"rendered":"<p>Emmanuel Macron pourrait intervenir tr\u00e8s prochainement dans les m\u00e9dias \u00e0 propos de l&rsquo;\u00e9pid\u00e9mie de Coronavirus selon les informations d\u00e9voil\u00e9es ce matin sur RTL et en particulier face \u00e0 la menace d&rsquo;une cinqui\u00e8me vague. \u00ab\u00a0Emmanuel Macron est tr\u00e8s inquiet de la situation sanitaire en Europe\u00a0\u00bb, confie un ministre. Selon les informations de RTL, le chef de [&hellip;]<\/p>\n","protected":false},"author":2,"featured_media":19367,"comment_status":"open","ping_status":"open","sticky":false,"template":"","format":"standard","meta":{"_jetpack_memberships_contains_paid_content":false,"footnotes":"","jetpack_publicize_message":"","jetpack_publicize_feature_enabled":true,"jetpack_social_post_already_shared":true,"jetpack_social_options":{"image_generator_settings":{"template":"highway","default_image_id":0,"font":"","enabled":false},"version":2},"_wpas_customize_per_network":false},"categories":[405],"tags":[],"class_list":["post-19366","post","type-post","status-publish","format-standard","has-post-thumbnail","hentry","category-actu-france-monde"],"jetpack_publicize_connections":[],"jetpack_featured_media_url":"https:\/\/i0.wp.com\/www.iceagetv.com\/radiosite\/wp-content\/uploads\/2021\/11\/Face-%C3%A0-la-menace-dune-cinqui%C3%A8me-vague.png?fit=609%2C267&ssl=1","jetpack_sharing_enabled":true,"_links":{"self":[{"href":"https:\/\/www.iceagetv.com\/radiosite\/wp-json\/wp\/v2\/posts\/19366","targetHints":{"allow":["GET"]}}],"collection":[{"href":"https:\/\/www.iceagetv.com\/radiosite\/wp-json\/wp\/v2\/posts"}],"about":[{"href":"https:\/\/www.iceagetv.com\/radiosite\/wp-json\/wp\/v2\/types\/post"}],"author":[{"embeddable":true,"href":"https:\/\/www.iceagetv.com\/radiosite\/wp-json\/wp\/v2\/users\/2"}],"replies":[{"embeddable":true,"href":"https:\/\/www.iceagetv.com\/radiosite\/wp-json\/wp\/v2\/comments?post=19366"}],"version-history":[{"count":1,"href":"https:\/\/www.iceagetv.com\/radiosite\/wp-json\/wp\/v2\/posts\/19366\/revisions"}],"predecessor-version":[{"id":19368,"href":"https:\/\/www.iceagetv.com\/radiosite\/wp-json\/wp\/v2\/posts\/19366\/revisions\/19368"}],"wp:featuredmedia":[{"embeddable":true,"href":"https:\/\/www.iceagetv.com\/radiosite\/wp-json\/wp\/v2\/media\/19367"}],"wp:attachment":[{"href":"https:\/\/www.iceagetv.com\/radiosite\/wp-json\/wp\/v2\/media?parent=19366"}],"wp:term":[{"taxonomy":"category","embeddable":true,"href":"https:\/\/www.iceagetv.com\/radiosite\/wp-json\/wp\/v2\/categories?post=19366"},{"taxonomy":"post_tag","embeddable":true,"href":"https:\/\/www.iceagetv.com\/radiosite\/wp-json\/wp\/v2\/tags?post=19366"}],"curies":[{"name":"wp","href":"https:\/\/api.w.org\/{rel}","templated":true}]}}