{"id":19369,"date":"2021-11-05T08:55:09","date_gmt":"2021-11-05T08:55:09","guid":{"rendered":"http:\/\/www.iceagetv.com\/radiosite\/?p=19369"},"modified":"2021-11-05T08:55:09","modified_gmt":"2021-11-05T08:55:09","slug":"vaccination-contre-le-covid-19-emmanuel-macron-pourrait-rendre-la-3e-dose-obligatoire","status":"publish","type":"post","link":"https:\/\/www.iceagetv.com\/radiosite\/vaccination-contre-le-covid-19-emmanuel-macron-pourrait-rendre-la-3e-dose-obligatoire\/","title":{"rendered":"Vaccination contre le Covid-19 : Emmanuel Macron pourrait rendre la 3e dose obligatoire"},"content":{"rendered":"\n<p>Face \u00e0 la reprise de l&rsquo;\u00e9pid\u00e9mie de Covid-19 en France et en Europe, Emmanuel Macron pourrait s&rsquo;adresser prochainement aux Fran\u00e7ais et rendre la 3e dose de vaccin obligatoire, particuli\u00e8rement pour les personnes fragiles.<\/p>\n\n\n\n<p>Emmanuel Macron envisagerait de\u00a0s&rsquo;adresser aux Fran\u00e7ais dans les prochains jours, selon\u00a0<a class=\"\" rel=\"noreferrer noopener\" href=\"https:\/\/www.rtl.fr\/actu\/politique\/info-rtl-coronavirus-macron-envisage-de-s-exprimer-devant-les-francais-tres-prochainement-7900093408\" target=\"_blank\">RTL<\/a>, et pourrait annoncer l&rsquo;obligation de la 3e dose de vaccin contre le Covid-19, dans un premier temps\u00a0pour les personnes les plus fragiles.Emmanuel Macron est tr\u00e8s inquiet de la situation sanitaire en Europe\u00a0\u00bb, confie un ministre \u00e0 nos confr\u00e8res.\u00a0L&rsquo;Organisation mondiale de la sant\u00e9 (OMS) s&rsquo;est en effet alarm\u00e9e jeudi 4 novembre de la\u00a0<a class=\"\" href=\"https:\/\/www.ladepeche.fr\/2021\/11\/04\/covid-19-loms-sinquiete-du-rythme-de-transmission-tres-preoccupant-en-europe-9908447.php\">nouvelle aggravation de la pand\u00e9mie de Covid-19 en Europe<\/a>, qui pourrait d\u00e9boucher sur un demi-million de morts suppl\u00e9mentaires sur le continent d&rsquo;ici f\u00e9vrier.<\/p>\n","protected":false},"excerpt":{"rendered":"<p>Face \u00e0 la reprise de l&rsquo;\u00e9pid\u00e9mie de Covid-19 en France et en Europe, Emmanuel Macron pourrait s&rsquo;adresser prochainement aux Fran\u00e7ais et rendre la 3e dose de vaccin obligatoire, particuli\u00e8rement pour les personnes fragiles. Emmanuel Macron envisagerait de\u00a0s&rsquo;adresser aux Fran\u00e7ais dans les prochains jours, selon\u00a0RTL, et pourrait annoncer l&rsquo;obligation de la 3e dose de vaccin contre [&hellip;]<\/p>\n","protected":false},"author":2,"featured_media":19370,"comment_status":"open","ping_status":"open","sticky":false,"template":"","format":"standard","meta":{"_jetpack_memberships_contains_paid_content":false,"footnotes":"","jetpack_publicize_message":"","jetpack_publicize_feature_enabled":true,"jetpack_social_post_already_shared":true,"jetpack_social_options":{"image_generator_settings":{"template":"highway","default_image_id":0,"font":"","enabled":false},"version":2},"_wpas_customize_per_network":false},"categories":[405],"tags":[],"class_list":["post-19369","post","type-post","status-publish","format-standard","has-post-thumbnail","hentry","category-actu-france-monde"],"jetpack_publicize_connections":[],"jetpack_featured_media_url":"https:\/\/i0.wp.com\/www.iceagetv.com\/radiosite\/wp-content\/uploads\/2021\/11\/image-2.jpg?fit=435%2C325&ssl=1","jetpack_sharing_enabled":true,"_links":{"self":[{"href":"https:\/\/www.iceagetv.com\/radiosite\/wp-json\/wp\/v2\/posts\/19369","targetHints":{"allow":["GET"]}}],"collection":[{"href":"https:\/\/www.iceagetv.com\/radiosite\/wp-json\/wp\/v2\/posts"}],"about":[{"href":"https:\/\/www.iceagetv.com\/radiosite\/wp-json\/wp\/v2\/types\/post"}],"author":[{"embeddable":true,"href":"https:\/\/www.iceagetv.com\/radiosite\/wp-json\/wp\/v2\/users\/2"}],"replies":[{"embeddable":true,"href":"https:\/\/www.iceagetv.com\/radiosite\/wp-json\/wp\/v2\/comments?post=19369"}],"version-history":[{"count":1,"href":"https:\/\/www.iceagetv.com\/radiosite\/wp-json\/wp\/v2\/posts\/19369\/revisions"}],"predecessor-version":[{"id":19371,"href":"https:\/\/www.iceagetv.com\/radiosite\/wp-json\/wp\/v2\/posts\/19369\/revisions\/19371"}],"wp:featuredmedia":[{"embeddable":true,"href":"https:\/\/www.iceagetv.com\/radiosite\/wp-json\/wp\/v2\/media\/19370"}],"wp:attachment":[{"href":"https:\/\/www.iceagetv.com\/radiosite\/wp-json\/wp\/v2\/media?parent=19369"}],"wp:term":[{"taxonomy":"category","embeddable":true,"href":"https:\/\/www.iceagetv.com\/radiosite\/wp-json\/wp\/v2\/categories?post=19369"},{"taxonomy":"post_tag","embeddable":true,"href":"https:\/\/www.iceagetv.com\/radiosite\/wp-json\/wp\/v2\/tags?post=19369"}],"curies":[{"name":"wp","href":"https:\/\/api.w.org\/{rel}","templated":true}]}}