{"id":19372,"date":"2021-11-05T14:41:05","date_gmt":"2021-11-05T14:41:05","guid":{"rendered":"http:\/\/www.iceagetv.com\/radiosite\/?p=19372"},"modified":"2021-11-05T14:41:05","modified_gmt":"2021-11-05T14:41:05","slug":"violences-du-1er-mai-2018-alexandre-benalla-condamne-a-trois-ans-de-prison-dont-un-ferme","status":"publish","type":"post","link":"https:\/\/www.iceagetv.com\/radiosite\/violences-du-1er-mai-2018-alexandre-benalla-condamne-a-trois-ans-de-prison-dont-un-ferme\/","title":{"rendered":"Violences du 1er mai 2018 : Alexandre Benalla condamn\u00e9 \u00e0 trois ans de prison dont un ferme"},"content":{"rendered":"\n<p>Plus de trois ans apr\u00e8s&nbsp;<a href=\"https:\/\/www.francetvinfo.fr\/politique\/emmanuel-macron\/agression-d-un-manifestant-par-un-collaborateur-de-l-elysee\/proces-d-alexandre-benalla-qu-est-devenu-l-ancien-charge-de-mission-depuis-son-depart-de-l-elysee-en-2018_4763137.html\">l&rsquo;affaire Benalla<\/a>,&nbsp;le tribunal de grande instance de Paris a condamn\u00e9&nbsp;l&rsquo;ancien charg\u00e9 de mission \u00e0 l&rsquo;Elys\u00e9e&nbsp;\u00e0 trois ans de prison dont un ferme,&nbsp;500 euros d&rsquo;amende et cinq ans d&rsquo;interdiction d&rsquo;exercer dans la fonction publique notamment pour \u00ab\u00a0violences volontaires en r\u00e9union\u00a0\u00bb, \u00ab\u00a0port d&rsquo;arme prohib\u00e9\u00a0\u00bb et \u00ab\u00a0usage de passeports diplomatiques\u00a0\u00bb dans l&rsquo;affaire des violences du 1er mai 2018.<\/p>\n\n\n\n<p>L&rsquo;accusation avait requis 18 mois d&#8217;emprisonnement avec sursis \u00e0 l&rsquo;encontre Alexandre Benalla, aujourd&rsquo;hui \u00e2g\u00e9 de 30 ans. Tout au long du proc\u00e8s, il a d\u00e9fendu son innocence sur la quasi-totalit\u00e9 des faits.&nbsp;<em>\u00ab\u00a0Le tribunal juge que seule une peine mixte est susceptible de marquer la gravit\u00e9 des faits\u00a0\u00bb,<\/em>&nbsp;a expliqu\u00e9 la pr\u00e9sidente du tribunal,&nbsp;Isabelle Pr\u00e9vost-Desprez, qui souligne son&nbsp;<em>\u00ab\u00a0indiff\u00e9rence \u00e0 la loi p\u00e9nale\u00a0\u00bb.<\/em><\/p>\n\n\n\n<h2 class=\"wp-block-heading\">Vincent Crase \u00e9galement condamn\u00e9<\/h2>\n\n\n\n<p>De son c\u00f4t\u00e9, l&rsquo;ex-salari\u00e9 de La R\u00e9publique en marche, Vincent Crase, a \u00e9t\u00e9 condamn\u00e9 \u00e0&nbsp;deux ans d&#8217;emprisonnement avec sursis, 500 euros d&rsquo;amende, l&rsquo;interdiction de port d&rsquo;arme de dix ans et la confiscation de celles qui d\u00e9tient pour notamment&nbsp;\u00ab\u00a0violence en r\u00e9union\u00a0\u00bb, \u00ab\u00a0port d&rsquo;arme prohib\u00e9\u00a0\u00bb et \u00ab\u00a0suppression de donn\u00e9es\u00a0\u00bb dans l&rsquo;affaire des violences du 1er mai 2018 \u00e0 Paris.<\/p>\n\n\n\n<p>Enfin, deux policiers de la pr\u00e9fecture de police de Paris, Maxence Creusat et Laurent Simonin, jug\u00e9s pour avoir transmis des images de vid\u00e9osurveillance \u00e0 Alexandre Benalla, ont respectivement \u00e9t\u00e9 condamn\u00e9s \u00e0 500 euros amende et \u00e0 trois mois de prison avec sursis, sans inscription pour les deux au casier judiciaire.<\/p>\n\n\n\n<h2 class=\"wp-block-heading\">Trois autres proc\u00e9dures en cours<\/h2>\n\n\n\n<p>Alexandre Benalla avait \u00e9t\u00e9 identifi\u00e9 par le journal&nbsp;<em>Le Monde<\/em>&nbsp;le 18 juillet 2018, sur une vid\u00e9o o\u00f9 il apparaissait avec un casque des forces de l&rsquo;ordre, brutalisant une femme et un homme, place de la Contrescarpe \u00e0 Paris, \u00e0 l&rsquo;issue d&rsquo;une journ\u00e9e de manifestation \u00e9maill\u00e9e de violences. Celui qui \u00e9tait \u00e0 26 ans au coeur du dispositif de s\u00e9curit\u00e9 entourant le pr\u00e9sident de la R\u00e9publique devait ce jour-l\u00e0 n&rsquo;avoir qu&rsquo;un r\u00f4le d&rsquo;observateur. Suspendu pendant 15 jours, il avait toujours un bureau au \u00ab\u00a0Ch\u00e2teau\u00a0\u00bb, r\u00e9v\u00e9lait le quotidien.<\/p>\n\n\n\n<p>L&rsquo;article avait d\u00e9clench\u00e9 un s\u00e9isme politique dont les r\u00e9pliques avaient secou\u00e9 pendant de longs mois le pouvoir d&rsquo;Emmanuel Macron, au rythme des r\u00e9v\u00e9lations de la presse et des auditions de responsables devant les commissions parlementaires. Vis\u00e9 depuis par six enqu\u00eates judiciaires, dont une a \u00e9t\u00e9 class\u00e9e sans suite, Alexandre Benalla a fait face pour la premi\u00e8re fois \u00e0 un tribunal pendant trois semaines, avec son ami et ex-employ\u00e9 LREM Vincent Crase, ainsi que deux policiers.<\/p>\n\n\n\n<p>En plus de ce&nbsp;proc\u00e8s, trois autres proc\u00e9dures judiciaires le concernant sont toujours en cours. L&rsquo;une porte sur des soup\u00e7ons de \u00ab\u00a0corruption\u00a0\u00bb dans un&nbsp;<a href=\"https:\/\/www.francetvinfo.fr\/politique\/emmanuel-macron\/agression-d-un-manifestant-par-un-collaborateur-de-l-elysee\/affaire-benalla-crase-on-vous-explique-l-affaire-du-contrat-russe-revelee-par-mediapart_3170861.html\">contrat entre l&rsquo;entreprise de Vincent Crase, Mars, et un sulfureux oligarque russe<\/a>. Une deuxi\u00e8me concerne&nbsp;<a href=\"https:\/\/www.francetvinfo.fr\/politique\/emmanuel-macron\/agression-d-un-manifestant-par-un-collaborateur-de-l-elysee\/coffre-fort-d-alexandre-benalla-une-information-judiciaire-contre-x-ouverte-depuis-le-5-novembre_3702909.html\">le myst\u00e9rieux coffre-fort<\/a>&nbsp;qu&rsquo;il poss\u00e9dait \u00e0 son domicile. Enfin, la troisi\u00e8me vise&nbsp;<a href=\"https:\/\/www.francetvinfo.fr\/politique\/emmanuel-macron\/agression-d-un-manifestant-par-un-collaborateur-de-l-elysee\/affaire-benalla-la-commission-d-enquete-du-senat-demande-des-poursuites-contre-alexandre-benalla-et-vincent-crase-pour-faux-temoignages_3198983.html\">des soup\u00e7ons de \u00ab\u00a0faux t\u00e9moignage\u00a0\u00bb<\/a>&nbsp;devant la commission d&rsquo;enqu\u00eate du S\u00e9nat.<\/p>\n","protected":false},"excerpt":{"rendered":"<p>Plus de trois ans apr\u00e8s&nbsp;l&rsquo;affaire Benalla,&nbsp;le tribunal de grande instance de Paris a condamn\u00e9&nbsp;l&rsquo;ancien charg\u00e9 de mission \u00e0 l&rsquo;Elys\u00e9e&nbsp;\u00e0 trois ans de prison dont un ferme,&nbsp;500 euros d&rsquo;amende et cinq ans d&rsquo;interdiction d&rsquo;exercer dans la fonction publique notamment pour \u00ab\u00a0violences volontaires en r\u00e9union\u00a0\u00bb, \u00ab\u00a0port d&rsquo;arme prohib\u00e9\u00a0\u00bb et \u00ab\u00a0usage de passeports diplomatiques\u00a0\u00bb dans l&rsquo;affaire des violences [&hellip;]<\/p>\n","protected":false},"author":2,"featured_media":19373,"comment_status":"open","ping_status":"open","sticky":false,"template":"","format":"standard","meta":{"_jetpack_memberships_contains_paid_content":false,"footnotes":"","jetpack_publicize_message":"","jetpack_publicize_feature_enabled":true,"jetpack_social_post_already_shared":true,"jetpack_social_options":{"image_generator_settings":{"template":"highway","default_image_id":0,"font":"","enabled":false},"version":2},"_wpas_customize_per_network":false},"categories":[405],"tags":[],"class_list":["post-19372","post","type-post","status-publish","format-standard","has-post-thumbnail","hentry","category-actu-france-monde"],"jetpack_publicize_connections":[],"jetpack_featured_media_url":"https:\/\/i0.wp.com\/www.iceagetv.com\/radiosite\/wp-content\/uploads\/2021\/11\/Violences-du-1er-mai-2018.png?fit=736%2C332&ssl=1","jetpack_sharing_enabled":true,"_links":{"self":[{"href":"https:\/\/www.iceagetv.com\/radiosite\/wp-json\/wp\/v2\/posts\/19372","targetHints":{"allow":["GET"]}}],"collection":[{"href":"https:\/\/www.iceagetv.com\/radiosite\/wp-json\/wp\/v2\/posts"}],"about":[{"href":"https:\/\/www.iceagetv.com\/radiosite\/wp-json\/wp\/v2\/types\/post"}],"author":[{"embeddable":true,"href":"https:\/\/www.iceagetv.com\/radiosite\/wp-json\/wp\/v2\/users\/2"}],"replies":[{"embeddable":true,"href":"https:\/\/www.iceagetv.com\/radiosite\/wp-json\/wp\/v2\/comments?post=19372"}],"version-history":[{"count":1,"href":"https:\/\/www.iceagetv.com\/radiosite\/wp-json\/wp\/v2\/posts\/19372\/revisions"}],"predecessor-version":[{"id":19374,"href":"https:\/\/www.iceagetv.com\/radiosite\/wp-json\/wp\/v2\/posts\/19372\/revisions\/19374"}],"wp:featuredmedia":[{"embeddable":true,"href":"https:\/\/www.iceagetv.com\/radiosite\/wp-json\/wp\/v2\/media\/19373"}],"wp:attachment":[{"href":"https:\/\/www.iceagetv.com\/radiosite\/wp-json\/wp\/v2\/media?parent=19372"}],"wp:term":[{"taxonomy":"category","embeddable":true,"href":"https:\/\/www.iceagetv.com\/radiosite\/wp-json\/wp\/v2\/categories?post=19372"},{"taxonomy":"post_tag","embeddable":true,"href":"https:\/\/www.iceagetv.com\/radiosite\/wp-json\/wp\/v2\/tags?post=19372"}],"curies":[{"name":"wp","href":"https:\/\/api.w.org\/{rel}","templated":true}]}}