{"id":19379,"date":"2021-11-05T20:20:20","date_gmt":"2021-11-05T20:20:20","guid":{"rendered":"http:\/\/www.iceagetv.com\/radiosite\/?p=19379"},"modified":"2021-11-05T20:20:20","modified_gmt":"2021-11-05T20:20:20","slug":"le-chanteur-jean-luc-lahaye-mis-en-examen-et-ecroue-pour-viols-agressions-sexuelles-et-corruption-de-mineures","status":"publish","type":"post","link":"https:\/\/www.iceagetv.com\/radiosite\/le-chanteur-jean-luc-lahaye-mis-en-examen-et-ecroue-pour-viols-agressions-sexuelles-et-corruption-de-mineures\/","title":{"rendered":"Le chanteur Jean-Luc Lahaye mis en examen et \u00e9crou\u00e9 pour viols, agressions sexuelles et corruption de mineures"},"content":{"rendered":"\n<p> <strong>Jean-Luc Lahaye\u00a0mis en examen et \u00e9crou\u00e9 pour viols, agressions sexuelles et corruption de mineures.\u00a0<\/strong>Apr\u00e8s avoir \u00e9t\u00e9 d\u00e9f\u00e9r\u00e9 ce matin en vue de sa pr\u00e9sentation devant un juge d\u2019instruction du tribunal judiciaire de Paris, qui l&rsquo;a mis en examen, le chanteur a\u00a0\u00e9t\u00e9\u00a0plac\u00e9 en d\u00e9tention provisoire ce vendredi soir\u00a0par un juge des libert\u00e9s et de la d\u00e9tention.  <strong>Apr\u00e8s 48h de garde \u00e0 vue, Jean-Luc Lahaye a \u00e9t\u00e9 d\u00e9f\u00e9r\u00e9 devant un juge d&rsquo;instruction en vue d&rsquo;une mise en examen pour viols sur mineures, selon\u00a0<a rel=\"noreferrer noopener\" href=\"https:\/\/www.francetvinfo.fr\/societe\/harcelement-sexuel\/soupcons-de-viols-sur-mineures-le-chanteur-jean-luc-lahaye-defere-devant-un-juge-d-instruction-en-vue-d-une-mise-en-examen_4833873.html\" target=\"_blank\">Franceinfo<\/a>.<\/strong>\u00a0<strong>\u00ab\u00a0Le chanteur a continu\u00e9 de nier les faits pendant sa garde \u00e0 vue et a parl\u00e9 de relations sexuelles consenties entre les adolescentes et lui\u00a0\u00bb, expliquent nos confr\u00e8res.<\/strong> <\/p>\n\n\n\n<p>La garde \u00e0 vue du chanteur Jean-Luc Lahaye, soup\u00e7onn\u00e9 notamment de viol et agression sexuelle sur mineurs de plus de 15 ans, avait \u00e9t\u00e9 prolong\u00e9e ce jeudi matin, a appris l&rsquo;AFP aupr\u00e8s du parquet de Paris.&nbsp;La vedette des ann\u00e9es 1980, \u00e9galement soup\u00e7onn\u00e9e de corruption de mineurs et d\u00e9tention d&rsquo;image \u00e0 caract\u00e8re p\u00e9dopornographique, avait \u00e9t\u00e9 interpell\u00e9e mercredi matin, puis plac\u00e9e en garde \u00e0 vue dans les locaux de l&rsquo;Office central pour la r\u00e9pression des violences aux personnes (OCRVP).<\/p>\n\n\n\n<p>L&rsquo;interpr\u00e8te de \u00ab\u00a0Papa chanteur\u00a0\u00bb, \u00e2g\u00e9 de 68 ans, est soup\u00e7onn\u00e9 d&rsquo;avoir eu des relations sexuelles avec deux adolescentes alors \u00e2g\u00e9es de 16 et 17 ans, en 2013 et 2014, avait r\u00e9v\u00e9l\u00e9 Le Parisien, confirm\u00e9 par une source proche du dossier consult\u00e9e par l&rsquo;AFP.<\/p>\n\n\n\n<p>Il leur aurait aussi \u00ab\u00a0demand\u00e9, par internet et cam\u00e9ras interpos\u00e9es, de se d\u00e9v\u00eatir et de prendre des poses sexuelles\u00a0\u00bb, selon le journal.&nbsp;La garde \u00e0 vue de la fille du chanteur, entendue pour \u00ab\u00a0subornation de t\u00e9moins et complicit\u00e9 de viol sur mineur de plus de 15 ans\u00a0\u00bb, \u00ab\u00a0a \u00e9t\u00e9 lev\u00e9e (mercredi) en raison de son \u00e9tat de sant\u00e9\u00a0\u00bb, a pr\u00e9cis\u00e9 le parquet.<\/p>\n\n\n\n<p>Deux femmes avaient \u00e9galement \u00e9t\u00e9 interpell\u00e9es, suspect\u00e9es de \u00ab\u00a0non-d\u00e9nonciation de crime et complicit\u00e9 de viol sur mineur de plus de 15 ans\u00a0\u00bb. La garde \u00e0 vue de l&rsquo;une d&rsquo;elles a \u00e9t\u00e9 prolong\u00e9e, tandis que la seconde a \u00e9t\u00e9 rel\u00e2ch\u00e9e \u00ab\u00a0sans poursuite \u00e0 ce stade\u00a0\u00bb, a-t-il ajout\u00e9.<\/p>\n\n\n\n<p>Selon la source proche du dossier, il s&rsquo;agit des m\u00e8res des deux victimes, qui les auraient encourag\u00e9es \u00e0 avoir des relations avec le chanteur et qui leur auraient demand\u00e9 ensuite de taire les faits.&nbsp;Le parquet de Paris avait ouvert une enqu\u00eate pr\u00e9liminaire d\u00e9but 2021, apr\u00e8s une nouvelle plainte des deux jeunes filles. Elles avaient auparavant port\u00e9 plainte contre le chanteur, mais s&rsquo;\u00e9taient ensuite r\u00e9tract\u00e9es.&nbsp;Parmi les deux plaignantes, indique le journal, figure l&rsquo;adolescente, \u00e2g\u00e9e alors de 14 ans, \u00e0 laquelle Jean-Luc Lahaye avait demand\u00e9 il y a quelques ann\u00e9es de s&rsquo;adonner \u00e0 des jeux sexuels par webcam interpos\u00e9e. Il avait \u00e9t\u00e9 condamn\u00e9 pour ces faits \u00e0 un an d&#8217;emprisonnement avec sursis le 18 mai 2015 pour corruption de mineure.<\/p>\n\n\n\n<p><\/p>\n","protected":false},"excerpt":{"rendered":"<p>Jean-Luc Lahaye\u00a0mis en examen et \u00e9crou\u00e9 pour viols, agressions sexuelles et corruption de mineures.\u00a0Apr\u00e8s avoir \u00e9t\u00e9 d\u00e9f\u00e9r\u00e9 ce matin en vue de sa pr\u00e9sentation devant un juge d\u2019instruction du tribunal judiciaire de Paris, qui l&rsquo;a mis en examen, le chanteur a\u00a0\u00e9t\u00e9\u00a0plac\u00e9 en d\u00e9tention provisoire ce vendredi soir\u00a0par un juge des libert\u00e9s et de la d\u00e9tention. [&hellip;]<\/p>\n","protected":false},"author":2,"featured_media":19380,"comment_status":"open","ping_status":"open","sticky":false,"template":"","format":"standard","meta":{"_jetpack_memberships_contains_paid_content":false,"footnotes":"","jetpack_publicize_message":"","jetpack_publicize_feature_enabled":true,"jetpack_social_post_already_shared":true,"jetpack_social_options":{"image_generator_settings":{"template":"highway","default_image_id":0,"font":"","enabled":false},"version":2},"_wpas_customize_per_network":false},"categories":[68],"tags":[],"class_list":["post-19379","post","type-post","status-publish","format-standard","has-post-thumbnail","hentry","category-actu-culturelle"],"jetpack_publicize_connections":[],"jetpack_featured_media_url":"https:\/\/i0.wp.com\/www.iceagetv.com\/radiosite\/wp-content\/uploads\/2021\/11\/Le-chanteur-Jean-Luc-Lahaye.jpg?fit=680%2C340&ssl=1","jetpack_sharing_enabled":true,"_links":{"self":[{"href":"https:\/\/www.iceagetv.com\/radiosite\/wp-json\/wp\/v2\/posts\/19379","targetHints":{"allow":["GET"]}}],"collection":[{"href":"https:\/\/www.iceagetv.com\/radiosite\/wp-json\/wp\/v2\/posts"}],"about":[{"href":"https:\/\/www.iceagetv.com\/radiosite\/wp-json\/wp\/v2\/types\/post"}],"author":[{"embeddable":true,"href":"https:\/\/www.iceagetv.com\/radiosite\/wp-json\/wp\/v2\/users\/2"}],"replies":[{"embeddable":true,"href":"https:\/\/www.iceagetv.com\/radiosite\/wp-json\/wp\/v2\/comments?post=19379"}],"version-history":[{"count":1,"href":"https:\/\/www.iceagetv.com\/radiosite\/wp-json\/wp\/v2\/posts\/19379\/revisions"}],"predecessor-version":[{"id":19381,"href":"https:\/\/www.iceagetv.com\/radiosite\/wp-json\/wp\/v2\/posts\/19379\/revisions\/19381"}],"wp:featuredmedia":[{"embeddable":true,"href":"https:\/\/www.iceagetv.com\/radiosite\/wp-json\/wp\/v2\/media\/19380"}],"wp:attachment":[{"href":"https:\/\/www.iceagetv.com\/radiosite\/wp-json\/wp\/v2\/media?parent=19379"}],"wp:term":[{"taxonomy":"category","embeddable":true,"href":"https:\/\/www.iceagetv.com\/radiosite\/wp-json\/wp\/v2\/categories?post=19379"},{"taxonomy":"post_tag","embeddable":true,"href":"https:\/\/www.iceagetv.com\/radiosite\/wp-json\/wp\/v2\/tags?post=19379"}],"curies":[{"name":"wp","href":"https:\/\/api.w.org\/{rel}","templated":true}]}}