{"id":19385,"date":"2021-11-06T15:48:54","date_gmt":"2021-11-06T15:48:54","guid":{"rendered":"http:\/\/www.iceagetv.com\/radiosite\/?p=19385"},"modified":"2021-11-06T15:48:54","modified_gmt":"2021-11-06T15:48:54","slug":"la-451e-edition-du-marche-de-noel-de-strasbourg-qui-demarre-le-26-novembre-va-se-tenir-sous-tres-haute-securite-avec-des-moyens-considerables-annoncent-les-organisateurs","status":"publish","type":"post","link":"https:\/\/www.iceagetv.com\/radiosite\/la-451e-edition-du-marche-de-noel-de-strasbourg-qui-demarre-le-26-novembre-va-se-tenir-sous-tres-haute-securite-avec-des-moyens-considerables-annoncent-les-organisateurs\/","title":{"rendered":"La 451e \u00e9dition du march\u00e9 de No\u00ebl de Strasbourg, qui d\u00e9marre le 26 novembre, va se tenir \u00ab\u00a0sous tr\u00e8s haute s\u00e9curit\u00e9 avec des moyens consid\u00e9rables\u00a0\u00bb, annoncent les organisateurs"},"content":{"rendered":"\n<p>La 451e \u00e9dition du march\u00e9 de No\u00ebl de Strasbourg, dans l\u2019est de la France, va se tenir \u00ab&nbsp;sous tr\u00e8s haute s\u00e9curit\u00e9 avec des moyens consid\u00e9rables&nbsp;\u00bb, dans un contexte sanitaire local \u00e9galement marqu\u00e9 par une reprise de l\u2019\u00e9pid\u00e9mie de Covid-19, ont annonc\u00e9 les organisateurs.<\/p>\n\n\n\n<p>Annul\u00e9 en 2020 pour cause d\u2019\u00e9pid\u00e9mie de Covid-19, ce march\u00e9 va avoir lieu cette ann\u00e9e \u00ab&nbsp;dans un contexte s\u00e9curitaire et sanitaire d\u00e9licat&nbsp;\u00bb, avec \u00ab&nbsp;un niveau de menace terroriste (&#8230;) particuli\u00e8rement \u00e9lev\u00e9&nbsp;\u00bb, a d\u00e9clar\u00e9 lors d\u2019une conf\u00e9rence de presse la repr\u00e9sentante de l\u2019Etat dans la R\u00e9gion Grand Est, la pr\u00e9f\u00e8te Josiane Chevalier.<\/p>\n\n\n\n<p>\u00ab&nbsp;Strasbourg, capitale de No\u00ebl \u00e0 dimension internationale&nbsp;\u00bb o\u00f9 se pressent chaque ann\u00e9e quelque 2 millions de visiteurs, \u00ab&nbsp;n\u2019est pas \u00e9pargn\u00e9e&nbsp;\u00bb, a-t-elle poursuivi, rappelant que le march\u00e9 avait \u00e9t\u00e9 endeuill\u00e9 en 2018 par un attentat qui avait fait cinq morts.<\/p>\n\n\n\n<p>Selon la pr\u00e9f\u00e8te, l\u2019\u00e9dition 2021, pr\u00e9vue du 26 novembre au 26 d\u00e9cembre, se d\u00e9roulera \u00ab&nbsp;sous tr\u00e8s haute s\u00e9curit\u00e9 avec des moyens consid\u00e9rables&nbsp;\u00bb. Du c\u00f4t\u00e9 des forces de l\u2019ordre, \u00ab&nbsp;plus de 700 personnes&nbsp;\u00bb seront mobilis\u00e9es.<\/p>\n\n\n\n<p>Le principe de contr\u00f4les syst\u00e9matiques au niveau de check-points, instaur\u00e9 apr\u00e8s 2018 mais mal vus des visiteurs et des Strasbourgeois, est abandonn\u00e9 au profit de \u00ab&nbsp;contr\u00f4les al\u00e9atoires, nombreux et dynamiques&nbsp;\u00bb op\u00e9r\u00e9s par les forces de l\u2019ordre dans le march\u00e9 qui sera moins concentr\u00e9, a ajout\u00e9 Mme Chevalier. Par un \u00ab&nbsp;quadrillage fin&nbsp;\u00bb de l\u2019hypercentre, \u00ab&nbsp;nous voulons cr\u00e9er une ins\u00e9curit\u00e9&nbsp;\u00bb pour les individus qui souhaiteraient commettre un acte malveillant, a justifi\u00e9 Laurent Tarasco, directeur d\u00e9partemental de la s\u00e9curit\u00e9 publique du d\u00e9partement du Bas-Rhin.<\/p>\n\n\n\n<p>Il y aura \u00ab&nbsp;21 points d\u2019acc\u00e8s&nbsp;\u00bb au march\u00e9, dont quatre d\u00e9di\u00e9s aux v\u00e9hicules qui seront syst\u00e9matiquement fouill\u00e9s par la police municipale. A chacun des autres points d\u2019acc\u00e8s, des contr\u00f4les al\u00e9atoires, assur\u00e9s par des soci\u00e9t\u00e9s priv\u00e9es, pourront toutefois \u00eatre conduits sur les pi\u00e9tons ou les cyclistes, selon M. Tarasco. Les soldats de l\u2019op\u00e9ration Sentinelle seront appuy\u00e9s par des ma\u00eetres-chien.<\/p>\n\n\n\n<p>Au niveau sanitaire, \u00ab&nbsp;le pass ne sera pas exig\u00e9&nbsp;\u00bb pour acc\u00e9der au march\u00e9 mais le masque y sera obligatoire, a indiqu\u00e9 Jeanne Barseghian, maire \u00e9cologiste de Strasbourg.<\/p>\n","protected":false},"excerpt":{"rendered":"<p>La 451e \u00e9dition du march\u00e9 de No\u00ebl de Strasbourg, dans l\u2019est de la France, va se tenir \u00ab&nbsp;sous tr\u00e8s haute s\u00e9curit\u00e9 avec des moyens consid\u00e9rables&nbsp;\u00bb, dans un contexte sanitaire local \u00e9galement marqu\u00e9 par une reprise de l\u2019\u00e9pid\u00e9mie de Covid-19, ont annonc\u00e9 les organisateurs. Annul\u00e9 en 2020 pour cause d\u2019\u00e9pid\u00e9mie de Covid-19, ce march\u00e9 va avoir [&hellip;]<\/p>\n","protected":false},"author":2,"featured_media":19386,"comment_status":"open","ping_status":"open","sticky":false,"template":"","format":"standard","meta":{"_jetpack_memberships_contains_paid_content":false,"footnotes":"","jetpack_publicize_message":"","jetpack_publicize_feature_enabled":true,"jetpack_social_post_already_shared":true,"jetpack_social_options":{"image_generator_settings":{"template":"highway","default_image_id":0,"font":"","enabled":false},"version":2},"_wpas_customize_per_network":false},"categories":[405],"tags":[],"class_list":["post-19385","post","type-post","status-publish","format-standard","has-post-thumbnail","hentry","category-actu-france-monde"],"jetpack_publicize_connections":[],"jetpack_featured_media_url":"https:\/\/i0.wp.com\/www.iceagetv.com\/radiosite\/wp-content\/uploads\/2021\/11\/La-451e-%C3%A9dition-du-march%C3%A9-de-No%C3%ABl-de-Strasbourg.png?fit=534%2C272&ssl=1","jetpack_sharing_enabled":true,"_links":{"self":[{"href":"https:\/\/www.iceagetv.com\/radiosite\/wp-json\/wp\/v2\/posts\/19385","targetHints":{"allow":["GET"]}}],"collection":[{"href":"https:\/\/www.iceagetv.com\/radiosite\/wp-json\/wp\/v2\/posts"}],"about":[{"href":"https:\/\/www.iceagetv.com\/radiosite\/wp-json\/wp\/v2\/types\/post"}],"author":[{"embeddable":true,"href":"https:\/\/www.iceagetv.com\/radiosite\/wp-json\/wp\/v2\/users\/2"}],"replies":[{"embeddable":true,"href":"https:\/\/www.iceagetv.com\/radiosite\/wp-json\/wp\/v2\/comments?post=19385"}],"version-history":[{"count":1,"href":"https:\/\/www.iceagetv.com\/radiosite\/wp-json\/wp\/v2\/posts\/19385\/revisions"}],"predecessor-version":[{"id":19387,"href":"https:\/\/www.iceagetv.com\/radiosite\/wp-json\/wp\/v2\/posts\/19385\/revisions\/19387"}],"wp:featuredmedia":[{"embeddable":true,"href":"https:\/\/www.iceagetv.com\/radiosite\/wp-json\/wp\/v2\/media\/19386"}],"wp:attachment":[{"href":"https:\/\/www.iceagetv.com\/radiosite\/wp-json\/wp\/v2\/media?parent=19385"}],"wp:term":[{"taxonomy":"category","embeddable":true,"href":"https:\/\/www.iceagetv.com\/radiosite\/wp-json\/wp\/v2\/categories?post=19385"},{"taxonomy":"post_tag","embeddable":true,"href":"https:\/\/www.iceagetv.com\/radiosite\/wp-json\/wp\/v2\/tags?post=19385"}],"curies":[{"name":"wp","href":"https:\/\/api.w.org\/{rel}","templated":true}]}}