{"id":19395,"date":"2021-11-08T19:49:06","date_gmt":"2021-11-08T19:49:06","guid":{"rendered":"http:\/\/www.iceagetv.com\/radiosite\/?p=19395"},"modified":"2021-11-08T19:49:06","modified_gmt":"2021-11-08T19:49:06","slug":"cannes-ce-que-lon-sait-de-lattaque-a-larme-blanche-contre-des-policiers","status":"publish","type":"post","link":"https:\/\/www.iceagetv.com\/radiosite\/cannes-ce-que-lon-sait-de-lattaque-a-larme-blanche-contre-des-policiers\/","title":{"rendered":"Cannes : ce que l&rsquo;on sait de l&rsquo;attaque \u00e0 l&rsquo;arme blanche contre des policiers"},"content":{"rendered":"\n<p> Le ministre de l&rsquo;Int\u00e9rieur, G\u00e9rald Darmanin, s&rsquo;est rendu \u00e0 Cannes pour rencontrer l&rsquo;\u00e9quipage de police\u00a0attaqu\u00e9 lundi matin devant le commissariat de\u00a0la ville. Le suspect, neutralis\u00e9 par les forces de l&rsquo;ordre, est \u00ab\u00a0entre la vie et la mort\u00a0\u00bb.  Un policier\u00a0<a href=\"https:\/\/www.francetvinfo.fr\/politique\/gerald-darmanin\/cannes-un-policier-agresse-a-l-arme-blanche-l-agresseur-neutralise-annonce-gerald-darmanin_4837095.html\">a \u00e9t\u00e9 agress\u00e9 \u00e0 l&rsquo;arme blanche<\/a>\u00a0devant le commissariat central de Cannes (Alpes-Maritimes), lundi 8 novembre, par un homme seul qui a \u00e9t\u00e9 neutralis\u00e9 par des tirs d&rsquo;arme \u00e0 feu. Arriv\u00e9 sur place vers 11 heures, le ministre de l&rsquo;Int\u00e9rieur, G\u00e9rald Darmanin, a livr\u00e9 les premiers \u00e9l\u00e9ments de l&rsquo;enqu\u00eate sur cette agression.\u00a0 <\/p>\n\n\n\n<h2 class=\"wp-block-heading\">Une attaque devant le commissariat<\/h2>\n\n\n\n<p>Les faits se sont produits vers 6h30 ce lundi matin, a&nbsp;relat\u00e9 G\u00e9rald Darmanin.&nbsp;<em>\u00ab\u00a0Les quatre policiers \u00e9taient en voiture, ils allaient prendre leur service\u00a0\u00bb<\/em>, a d\u00e9taill\u00e9 le ministre de l&rsquo;Int\u00e9rieur. Un homme seul s&rsquo;est approch\u00e9 du v\u00e9hicule de police qui stationnait devant le commissariat central de Cannes,&nbsp;<em>\u00ab\u00a0pour demander un renseignement\u00a0\u00bb<\/em>. Il a ouvert la porti\u00e8re du conducteur et lui a mis<em>&nbsp;\u00ab\u00a0plusieurs coups de couteau\u00a0\u00bb<\/em>&nbsp;au thorax.&nbsp;<\/p>\n\n\n\n<p>L&rsquo;homme a ensuite fait le tour du v\u00e9hicule pour s&rsquo;en prendre au chef de bord qui \u00e9tait assis \u00e0 l&rsquo;avant, sur le si\u00e8ge du passager, mais&nbsp;deux autres \u00e9quipiers, dont<em>&nbsp;\u00ab\u00a0un jeune gardien de la paix\u00a0\u00bb<\/em>&nbsp;a pr\u00e9cis\u00e9 le ministre, l&rsquo;en ont emp\u00each\u00e9 en utilisant&nbsp;leurs armes de service, blessant l&rsquo;homme gri\u00e8vement.<\/p>\n\n\n\n<p><em>\u00ab\u00a0Ce sont deux policiers qui ont pris des coups de couteau et ont \u00e9t\u00e9 sauv\u00e9s par leurs gilets pare-balles, un jeune policier et la polici\u00e8re cheffe d&rsquo;\u00e9quipage. La polici\u00e8re a pris des coups de couteau dans le dos. Des coups port\u00e9s avec beaucoup de violence, avec la volont\u00e9 de les tuer\u00a0\u00bb<\/em>, a estim\u00e9 sur franceinfo lundi David Lisnard maire LR de Cannes.<\/p>\n\n\n\n<h2 class=\"wp-block-heading\">Aucun policier bless\u00e9<\/h2>\n\n\n\n<p>L&rsquo;arme utilis\u00e9e par l&rsquo;assaillant n&rsquo;a toutefois pas r\u00e9ussi \u00e0 p\u00e9n\u00e9trer le gilet pare-balles du policier vis\u00e9.&nbsp;<em>\u00ab\u00a0C&rsquo;est de fa\u00e7on courageuse et professionnelle que les policiers ont r\u00e9pliqu\u00e9 et sauv\u00e9 la vie de leur camarade\u00a0\u00bb<\/em>, s&rsquo;est f\u00e9licit\u00e9 G\u00e9rald Darmanin, qui a pr\u00e9cis\u00e9 que le suspect \u00e9tait&nbsp;<em>\u00ab\u00a0entre la vie et la mort\u00a0\u00bb<\/em>.<\/p>\n\n\n\n<p>Au terme de son point presse, le ministre de l&rsquo;Int\u00e9rieur devait rencontrer les quatre\u00a0policiers vis\u00e9s par cette attaque,\u00a0<em>\u00ab\u00a0tr\u00e8s touch\u00e9s psychologiquement mais pas physiquement\u00a0\u00bb,\u00a0<\/em>a-t-il d\u00e9clar\u00e9.\u00a0Selon le secr\u00e9taire d\u00e9partemental adjoint du syndicat Unit\u00e9 SGP Police, Jean-Luc Bragato, cet \u00e9quipage \u00e9tait compos\u00e9<em>\u00a0\u00ab\u00a0d&rsquo;une cheffe de bord exp\u00e9riment\u00e9e d&rsquo;une quarantaine d&rsquo;ann\u00e9es et de trois jeunes de moyenne d&rsquo;\u00e2ge 26-27 ans\u00a0\u00bb.<\/em><\/p>\n\n\n\n<h2 class=\"wp-block-heading\">Le suspect inconnu des services de police<\/h2>\n\n\n\n<p>Face \u00e0 la presse, le ministre de l&rsquo;Int\u00e9rieur a livr\u00e9 plus de d\u00e9tails sur<a href=\"https:\/\/www.francetvinfo.fr\/faits-divers\/cannes-ce-que-lon-sait-de-lassaillant-qui-a-agresse-un-policier-a-l-arme-blanche_4837311.html\">&nbsp;le profil du suspect.<\/a>&nbsp;Il s&rsquo;agit d&rsquo;un homme de nationalit\u00e9 alg\u00e9rienne, qui voyageait fr\u00e9quemment entre la France et l&rsquo;Italie, o\u00f9 il&nbsp;disposait d&rsquo;un titre de s\u00e9jour. Le suspect, \u00e2g\u00e9 de 37 ans a appris franceinfo de sources polici\u00e8res,&nbsp;\u00e9tait&nbsp;<em>\u00ab\u00a0r\u00e9guli\u00e8rement pr\u00e9sent sur le territoire national\u00a0\u00bb,<\/em>&nbsp;a pr\u00e9cis\u00e9 G\u00e9rald Darmanin. Il avait r\u00e9cemment demand\u00e9 un titre de s\u00e9jour en France, que les autorit\u00e9s&nbsp;ne lui avaient pas accord\u00e9.<\/p>\n\n\n\n<p>Arriv\u00e9 en Italie via la Sardaigne en 2008, il&nbsp;s&rsquo;\u00e9tait \u00e9tabli \u00e0 Naples en 2011 o\u00f9 il&nbsp;\u00e9tait devenu marchand ambulant, a indiqu\u00e9 une source proche \u00e0 franceinfo. C&rsquo;est l\u00e0 qu&rsquo;il a obtenu un titre de s\u00e9jour \u00e0 dur\u00e9e ind\u00e9termin\u00e9e en Italie. Selon cette m\u00eame source, il faisait r\u00e9guli\u00e8rement des allers-retours entre la France et l&rsquo;Italie depuis 2016. Des perquisitions&nbsp;ont \u00e9t\u00e9 lanc\u00e9es \u00e0 Cannes au domicile de l&rsquo;assaillant, mais \u00e9galement \u00e0 Naples, a appris franceinfo de source proche de l&rsquo;enqu\u00eate. Pour l&rsquo;instant, elles n&rsquo;ont pas donn\u00e9 de r\u00e9sultats.<\/p>\n\n\n\n<h2 class=\"wp-block-heading\">L&rsquo;enqu\u00eate confi\u00e9e \u00e0 la&nbsp;PJ de Nice, le parquet antiterroriste \u00ab\u00a0reste observateur\u00a0\u00bb<\/h2>\n\n\n\n<p>Une enqu\u00eate a \u00e9t\u00e9 ouverte pour tentative d&rsquo;assassinat sur personne d\u00e9positaire de l&rsquo;autorit\u00e9 publique.&nbsp;Selon les premiers \u00e9l\u00e9ments de l&rsquo;enqu\u00eate, au moment o\u00f9 il a donn\u00e9 un coup de couteau au policier, l&rsquo;agresseur aurait dit qu&rsquo;il le faisait&nbsp;<em>\u00ab\u00a0au nom du Proph\u00e8te\u00a0\u00bb<\/em>.&nbsp;Le ministre de l&rsquo;Int\u00e9rieur s&rsquo;est montr\u00e9 tr\u00e8s prudent sur un \u00e9ventuel motif terroriste, se refusant&nbsp;\u00e0 toute qualification des faits.<em>\u00ab\u00a0<\/em>[Le suspect]&nbsp;<em>n&rsquo;a aucun casier judiciaire et n&rsquo;\u00e9tait pas connu des services de police. Il n&rsquo;\u00e9tait inscrit dans aucun des fichiers de radicalisation\u00a0\u00bb<\/em>, a&nbsp;d\u00e9velopp\u00e9&nbsp;G\u00e9rald Darmanin.<\/p>\n\n\n\n<p>L&rsquo;enqu\u00eate, confi\u00e9e \u00e0 la police judiciaire de Nice, va tenter d&rsquo;apporter des pr\u00e9cisions sur les motivations de cet homme.<em>&nbsp;\u00ab\u00a0Il n&rsquo;y a pas d&rsquo;enqu\u00eate ouverte par le Pnat&nbsp;<\/em>[Parquet national antiterroriste],<em>&nbsp;qui reste observateur\u00a0\u00bb<\/em>, a pr\u00e9cis\u00e9 le ministre de l&rsquo;Int\u00e9rieur, alors qu&rsquo;une source polici\u00e8re avait indiqu\u00e9 auparavant que la piste&nbsp;<em>\u00ab\u00a0terroriste \u00e9tait envisag\u00e9e\u00a0\u00bb<\/em>.&nbsp;Des investigations de la police anti-terroriste italienne se poursuivent notamment sur les num\u00e9ros de t\u00e9l\u00e9phone fran\u00e7ais.<\/p>\n\n\n\n<p><\/p>\n\n\n\n<p><\/p>\n","protected":false},"excerpt":{"rendered":"<p>Le ministre de l&rsquo;Int\u00e9rieur, G\u00e9rald Darmanin, s&rsquo;est rendu \u00e0 Cannes pour rencontrer l&rsquo;\u00e9quipage de police\u00a0attaqu\u00e9 lundi matin devant le commissariat de\u00a0la ville. Le suspect, neutralis\u00e9 par les forces de l&rsquo;ordre, est \u00ab\u00a0entre la vie et la mort\u00a0\u00bb. Un policier\u00a0a \u00e9t\u00e9 agress\u00e9 \u00e0 l&rsquo;arme blanche\u00a0devant le commissariat central de Cannes (Alpes-Maritimes), lundi 8 novembre, par un [&hellip;]<\/p>\n","protected":false},"author":2,"featured_media":19396,"comment_status":"open","ping_status":"open","sticky":false,"template":"","format":"standard","meta":{"_jetpack_memberships_contains_paid_content":false,"footnotes":"","jetpack_publicize_message":"","jetpack_publicize_feature_enabled":true,"jetpack_social_post_already_shared":true,"jetpack_social_options":{"image_generator_settings":{"template":"highway","default_image_id":0,"font":"","enabled":false},"version":2},"_wpas_customize_per_network":false},"categories":[405],"tags":[],"class_list":["post-19395","post","type-post","status-publish","format-standard","has-post-thumbnail","hentry","category-actu-france-monde"],"jetpack_publicize_connections":[],"jetpack_featured_media_url":"https:\/\/i0.wp.com\/www.iceagetv.com\/radiosite\/wp-content\/uploads\/2021\/11\/Cannes-ce-que-lon-sait-de-lattaque-%C3%A0-larme-blanche-contre-des-policiers.png?fit=765%2C525&ssl=1","jetpack_sharing_enabled":true,"_links":{"self":[{"href":"https:\/\/www.iceagetv.com\/radiosite\/wp-json\/wp\/v2\/posts\/19395","targetHints":{"allow":["GET"]}}],"collection":[{"href":"https:\/\/www.iceagetv.com\/radiosite\/wp-json\/wp\/v2\/posts"}],"about":[{"href":"https:\/\/www.iceagetv.com\/radiosite\/wp-json\/wp\/v2\/types\/post"}],"author":[{"embeddable":true,"href":"https:\/\/www.iceagetv.com\/radiosite\/wp-json\/wp\/v2\/users\/2"}],"replies":[{"embeddable":true,"href":"https:\/\/www.iceagetv.com\/radiosite\/wp-json\/wp\/v2\/comments?post=19395"}],"version-history":[{"count":1,"href":"https:\/\/www.iceagetv.com\/radiosite\/wp-json\/wp\/v2\/posts\/19395\/revisions"}],"predecessor-version":[{"id":19397,"href":"https:\/\/www.iceagetv.com\/radiosite\/wp-json\/wp\/v2\/posts\/19395\/revisions\/19397"}],"wp:featuredmedia":[{"embeddable":true,"href":"https:\/\/www.iceagetv.com\/radiosite\/wp-json\/wp\/v2\/media\/19396"}],"wp:attachment":[{"href":"https:\/\/www.iceagetv.com\/radiosite\/wp-json\/wp\/v2\/media?parent=19395"}],"wp:term":[{"taxonomy":"category","embeddable":true,"href":"https:\/\/www.iceagetv.com\/radiosite\/wp-json\/wp\/v2\/categories?post=19395"},{"taxonomy":"post_tag","embeddable":true,"href":"https:\/\/www.iceagetv.com\/radiosite\/wp-json\/wp\/v2\/tags?post=19395"}],"curies":[{"name":"wp","href":"https:\/\/api.w.org\/{rel}","templated":true}]}}