{"id":19406,"date":"2021-11-09T19:34:26","date_gmt":"2021-11-09T19:34:26","guid":{"rendered":"http:\/\/www.iceagetv.com\/radiosite\/?p=19406"},"modified":"2021-11-09T19:34:26","modified_gmt":"2021-11-09T19:34:26","slug":"emmanuel-macron-a-partir-du-15-decembre-il-faudra-une-3e-dose-pour-les-plus-de-65-ans-pour-prolonger-le-pass-pas-de-reforme-des-retraites-avant-2022-construction-de-nouvelles-centrales-nucleai","status":"publish","type":"post","link":"https:\/\/www.iceagetv.com\/radiosite\/emmanuel-macron-a-partir-du-15-decembre-il-faudra-une-3e-dose-pour-les-plus-de-65-ans-pour-prolonger-le-pass-pas-de-reforme-des-retraites-avant-2022-construction-de-nouvelles-centrales-nucleai\/","title":{"rendered":"Emmanuel Macron : \u00ab\u00a0A partir du 15 d\u00e9cembre il faudra une 3e dose pour les plus de 65 ans pour prolonger le pass \/ Pas de r\u00e9forme des retraites avant 2022 \/ Construction de nouvelles centrales nucl\u00e9aires\u00a0\u00bb"},"content":{"rendered":"\n<p><strong>Emmanuel Macron prend la parole sur toutes les cha\u00eenes de t\u00e9l\u00e9vision dans une allocution t\u00e9l\u00e9 :<\/strong><\/p>\n\n\n\n<p>\u00ab\u00a0Je tenais en cet automne \u00e0 revenir vers pour r\u00e9pondre \u00e0 vos inqui\u00e9tudes. Depuis deux ans nous sommes confront\u00e9s \u00e0 une pand\u00e9mie exceptionnelle. Nous avons inject\u00e9 en 10 mois pr\u00e8s de 100 millions de doses en faisant de nous un des pays les mieux prot\u00e9g\u00e9s du monde. J&rsquo;ai une pens\u00e9e respectueuse et \u00e9mue pour tous nos compatriotes qui ont disparu. Mais nous n&rsquo;en avons pas termin\u00e9 avec la pand\u00e9mie.<\/p>\n\n\n\n<p>La cinqui\u00e8me vague a commenc\u00e9 en Europe et l&rsquo;augmentation de 40% en une semaine du taux d&rsquo;incidence est une alerte en France.<\/p>\n\n\n\n<p>Alors vaccinez-vous pour pouvoir vivre normalement et \u00eatre libre gr\u00e2ce au pass sanitaire pour pouvoir aller dans les restaurant ou les lieux publics sans pass sanitaire.<\/p>\n\n\n\n<p><strong>A partir du 15 d\u00e9cembre il faudra une 3e dose pour les plus de 65 ans pour prolonger le pass sanitaire :<\/strong>&nbsp;\u00ab\u202fSi vous avez \u00e9t\u00e9 vaccin\u00e9s depuis plus de 6 mois, je vous demande d\u2019aller prendre rendez-vous A partir du 15 d\u00e9cembre il faudra justifier d\u2019un rappel pour prolonger la validit\u00e9 de votre passe sanitaire\u202f\u00bb<\/p>\n\n\n\n<p><strong>La campagne vaccinale de 3e dose dite dose de rappel pour les 50\/64 ans sera lanc\u00e9e d\u00e9but d\u00e9cembre.&nbsp;<\/strong><\/p>\n\n\n\n<p><strong>Le port du masque sanitaire est maintenu \u00e0 l&rsquo;\u00e9cole.&nbsp;<\/strong>Tous les assouplissements un moment envisag\u00e9s sont report\u00e9s \u00e0 une date ult\u00e9rieure pour conserver les r\u00e8gles en vigueur. Les gestes barri\u00e8res feront l&rsquo;objet d&rsquo;une attention accrue. Nous avions tous rel\u00e2ch\u00e9 nos efforts, c&rsquo;est bien normal, mais il faut les reprendre.<\/p>\n\n\n\n<p>Nos soignants ont \u00e9t\u00e9 augment\u00e9s de 200 \u00e0 400 euros par mois en moyenne, 500 \u00e9tablissements hospitaliers vont \u00eatre restaur\u00e9s, des milliers de maisons de retraites vont \u00eatre r\u00e9nov\u00e9es dans un effort in\u00e9dit de 19 milliards d&rsquo;euros.&nbsp;Jamais, depuis la cr\u00e9ation de la S\u00e9curit\u00e9 sociale, nous n&rsquo;avions autant investi dans la sant\u00e9 (apr\u00e8s des d\u00e9cennies d&rsquo;abandon.<\/p>\n\n\n\n<p><strong>Il va y avoir une r\u00e9forme de l&rsquo;assurance ch\u00f4mage. A partir du 1er d\u00e9cembre, une nouvelle \u00e9tape va s&rsquo;engager. Il faudra travailler au moins six mois dans les deux derni\u00e8res ann\u00e9es pour \u00eatre indemnis\u00e9&nbsp;contre quatre actuellement.<\/strong><\/p>\n\n\n\n<p><strong>Concernant la r\u00e9forme de retraites, les conditions ne sont pas r\u00e9unies pour relancer ce chantier.&nbsp;<\/strong>La situation sanitaire que nous vivons et qui est en train de se d\u00e9grader partout en Europe. Le souhait unanime exprim\u00e9 par les organisations syndicales et professionnelles de concentrer les efforts sur le besoin de concorde dans ce moment que vit notre nation, font que les conditions ne sont pas r\u00e9unies pour relancer aujourd\u2019hui ce chantier pour autant.\u202f<\/p>\n\n\n\n<p><strong>Il y aura en 2022 des d\u00e9cisions claires sur le front des retraites l&rsquo;ann\u00e9e prochaine. Travailler plus longtemps en repoussant l&rsquo;\u00e2ge l\u00e9gal,<\/strong>&nbsp;aller vers un syst\u00e8me plus juste en supprimant les r\u00e9gimes sp\u00e9ciaux, aller vers plus de libert\u00e9 en permettant de partir en retraite progressivement.<\/p>\n\n\n\n<p><strong>Nous avons depuis 2017 recrut\u00e9 10 000 policiers et gendarmes<\/strong>, augment\u00e9 substantiellement le budget de la Justice. Les r\u00e9sultats sont l\u00e0 : nous avons d\u00e9jou\u00e9 36 attentats, la baisse d&rsquo;un quart du nombre de cambriolages et des vols de v\u00e9hicule, des saisies et des arrestations record en<em>&nbsp;mati\u00e8re de trafic de drogue.<\/em><\/p>\n\n\n\n<p><strong>Nous allons relancer la construction de r\u00e9acteurs nucl\u00e9aires dans notre pays pour assurer notre ind\u00e9pendance \u00e9nerg\u00e9tique&nbsp;<\/strong>: \u00ab\u00a0Nous allons, pour la premi\u00e8re fois depuis des d\u00e9cennies, relancer la construction de centrales nucl\u00e9aires et continuer de d\u00e9velopper les \u00e9nergies renouvelables\u202f. Afin d\u2019\u00eatre \u00e0 la hauteur de nos engagements au moment de la COP 26\u202f<\/p>\n\n\n\n<p><strong>Durant ces \u00e9preuves nous sommes rest\u00e9s soud\u00e9s et humain. Je vous le dis avec conviction, n&rsquo;ayant pas peur et&nbsp; croyons en nous, \u00e0 la France. Croyant en la France.<\/strong><\/p>\n","protected":false},"excerpt":{"rendered":"<p>Emmanuel Macron prend la parole sur toutes les cha\u00eenes de t\u00e9l\u00e9vision dans une allocution t\u00e9l\u00e9 : \u00ab\u00a0Je tenais en cet automne \u00e0 revenir vers pour r\u00e9pondre \u00e0 vos inqui\u00e9tudes. Depuis deux ans nous sommes confront\u00e9s \u00e0 une pand\u00e9mie exceptionnelle. Nous avons inject\u00e9 en 10 mois pr\u00e8s de 100 millions de doses en faisant de nous [&hellip;]<\/p>\n","protected":false},"author":2,"featured_media":19407,"comment_status":"open","ping_status":"open","sticky":false,"template":"","format":"standard","meta":{"_jetpack_memberships_contains_paid_content":false,"footnotes":"","jetpack_publicize_message":"","jetpack_publicize_feature_enabled":true,"jetpack_social_post_already_shared":true,"jetpack_social_options":{"image_generator_settings":{"template":"highway","default_image_id":0,"font":"","enabled":false},"version":2},"_wpas_customize_per_network":false},"categories":[405],"tags":[],"class_list":["post-19406","post","type-post","status-publish","format-standard","has-post-thumbnail","hentry","category-actu-france-monde"],"jetpack_publicize_connections":[],"jetpack_featured_media_url":"https:\/\/i0.wp.com\/www.iceagetv.com\/radiosite\/wp-content\/uploads\/2021\/11\/Emmanuel-Macron-9-novembre.png?fit=572%2C368&ssl=1","jetpack_sharing_enabled":true,"_links":{"self":[{"href":"https:\/\/www.iceagetv.com\/radiosite\/wp-json\/wp\/v2\/posts\/19406","targetHints":{"allow":["GET"]}}],"collection":[{"href":"https:\/\/www.iceagetv.com\/radiosite\/wp-json\/wp\/v2\/posts"}],"about":[{"href":"https:\/\/www.iceagetv.com\/radiosite\/wp-json\/wp\/v2\/types\/post"}],"author":[{"embeddable":true,"href":"https:\/\/www.iceagetv.com\/radiosite\/wp-json\/wp\/v2\/users\/2"}],"replies":[{"embeddable":true,"href":"https:\/\/www.iceagetv.com\/radiosite\/wp-json\/wp\/v2\/comments?post=19406"}],"version-history":[{"count":1,"href":"https:\/\/www.iceagetv.com\/radiosite\/wp-json\/wp\/v2\/posts\/19406\/revisions"}],"predecessor-version":[{"id":19408,"href":"https:\/\/www.iceagetv.com\/radiosite\/wp-json\/wp\/v2\/posts\/19406\/revisions\/19408"}],"wp:featuredmedia":[{"embeddable":true,"href":"https:\/\/www.iceagetv.com\/radiosite\/wp-json\/wp\/v2\/media\/19407"}],"wp:attachment":[{"href":"https:\/\/www.iceagetv.com\/radiosite\/wp-json\/wp\/v2\/media?parent=19406"}],"wp:term":[{"taxonomy":"category","embeddable":true,"href":"https:\/\/www.iceagetv.com\/radiosite\/wp-json\/wp\/v2\/categories?post=19406"},{"taxonomy":"post_tag","embeddable":true,"href":"https:\/\/www.iceagetv.com\/radiosite\/wp-json\/wp\/v2\/tags?post=19406"}],"curies":[{"name":"wp","href":"https:\/\/api.w.org\/{rel}","templated":true}]}}