{"id":19409,"date":"2021-11-10T09:50:57","date_gmt":"2021-11-10T09:50:57","guid":{"rendered":"http:\/\/www.iceagetv.com\/radiosite\/?p=19409"},"modified":"2021-11-10T09:50:57","modified_gmt":"2021-11-10T09:50:57","slug":"mayenne-la-joggeuse-de-17-ans-retrouvee-hier-soir-affirme-avoir-ete-enlevee-et-sequestree-par-plusieurs-individus-et-avoir-reussi-a-prendre-la-fuite","status":"publish","type":"post","link":"https:\/\/www.iceagetv.com\/radiosite\/mayenne-la-joggeuse-de-17-ans-retrouvee-hier-soir-affirme-avoir-ete-enlevee-et-sequestree-par-plusieurs-individus-et-avoir-reussi-a-prendre-la-fuite\/","title":{"rendered":"Mayenne : La joggeuse de 17 ans retrouv\u00e9e hier soir affirme avoir \u00e9t\u00e9 \u00ab\u00a0enlev\u00e9e et s\u00e9questr\u00e9e par plusieurs individus et avoir r\u00e9ussi \u00e0 prendre la fuite"},"content":{"rendered":"\n<p><strong>&nbsp;La joggeuse de 17 ans retrouv\u00e9e hier soir affirme avoir \u00e9t\u00e9 \u00ab\u00a0enlev\u00e9e et s\u00e9questr\u00e9e par plusieurs individus et avoir r\u00e9ussi \u00e0 prendre la fuite\u00a0\u00bb<\/strong>&nbsp;selon ses premi\u00e8res d\u00e9clarations qui sont rapport\u00e9es ce matin par BFM.<\/p>\n\n\n\n<p><strong> L&rsquo;adolescente port\u00e9e disparue en Mayenne depuis le lundi, apr\u00e8s \u00eatre sortie faire son jogging, a \u00e9t\u00e9 retrouv\u00e9e vivante ce mardi, a annonc\u00e9 le parquet de Laval dans un communiqu\u00e9. Selon une source proche du dossier \u00e0 CNEWS, la jeune fille s&rsquo;est pr\u00e9sent\u00e9e dans un restaurant. Des gens l&rsquo;ont alors aper\u00e7u et ont alert\u00e9 les autorit\u00e9s.<\/strong><\/p>\n\n\n\n<p>Elle va d\u00e9sormais \u00eatre m\u00e9dicalement prise en charge pour s&rsquo;assurer de son \u00e9tat de sant\u00e9. Toujours selon cette source, elle serait en \u00e9tat de choc.<\/p>\n\n\n\n<p>La jeune fille s&rsquo;\u00e9tait r\u00e9fugi\u00e9e, ensanglant\u00e9e, dans un restaurant, un kebab de Sabl\u00e9-sur-Sarthe.<\/p>\n\n\n\n<p>Certaines sources non confirm\u00e9es pour l&rsquo;instant la jeune fille aurait \u00e9t\u00e9 vue en train de s&rsquo;enfuir d&rsquo;une voiture qui pourrait appartenir \u00e0 son ravisseur. Les investigations vont par ailleurs se poursuivre pour pr\u00e9ciser son emploi du temps.<\/p>\n\n\n\n<p>L&rsquo;adolescente \u00e9tait partie aux alentours de 16h pour faire un jogging, une activit\u00e9 habituelle pour elle. C&rsquo;est son p\u00e8re, alert\u00e9 par la dur\u00e9e inhabituelle de son absence, qui avait pr\u00e9venu les gendarmes, apr\u00e8s s&rsquo;\u00eatre rendu sur le parcours de sa course sans la retrouver.<\/p>\n\n\n\n<p>Ses recherches l&rsquo;ont amen\u00e9 \u00e0 d\u00e9couvrir diff\u00e9rents effets personnels, qu&rsquo;il a reconnus comme appartenant \u00e0 sa fille. Une enqu\u00eate pour \u00ab\u00a0enl\u00e8vement et s\u00e9questration\u00a0\u00bb avait \u00e9t\u00e9 ouverte, mardi, et un homme avait \u00e9t\u00e9 plac\u00e9 en garde \u00e0 vue, tandis que se poursuivaient d&rsquo;importantes recherches sur le terrain.<\/p>\n\n\n\n<p>\u00ab\u00a0Aucune piste\u00a0\u00bb n&rsquo;\u00e9tait \u00e0 \u00e9carter, qu&rsquo;elle soit \u00ab\u00a0accidentelle, criminelle ou de fugue\u00a0\u00bb, avait alors d\u00e9clar\u00e9 la responsable du parquet. Un t\u00e9l\u00e9phone et des \u00e9couteurs pr\u00e9sentant des traces de sang avaient \u00e9t\u00e9 retrouv\u00e9s, selon une source proche du dossier<\/p>\n","protected":false},"excerpt":{"rendered":"<p>&nbsp;La joggeuse de 17 ans retrouv\u00e9e hier soir affirme avoir \u00e9t\u00e9 \u00ab\u00a0enlev\u00e9e et s\u00e9questr\u00e9e par plusieurs individus et avoir r\u00e9ussi \u00e0 prendre la fuite\u00a0\u00bb&nbsp;selon ses premi\u00e8res d\u00e9clarations qui sont rapport\u00e9es ce matin par BFM. L&rsquo;adolescente port\u00e9e disparue en Mayenne depuis le lundi, apr\u00e8s \u00eatre sortie faire son jogging, a \u00e9t\u00e9 retrouv\u00e9e vivante ce mardi, a [&hellip;]<\/p>\n","protected":false},"author":2,"featured_media":19410,"comment_status":"open","ping_status":"open","sticky":false,"template":"","format":"standard","meta":{"_jetpack_memberships_contains_paid_content":false,"footnotes":"","jetpack_publicize_message":"","jetpack_publicize_feature_enabled":true,"jetpack_social_post_already_shared":true,"jetpack_social_options":{"image_generator_settings":{"template":"highway","default_image_id":0,"font":"","enabled":false},"version":2},"_wpas_customize_per_network":false},"categories":[405],"tags":[],"class_list":["post-19409","post","type-post","status-publish","format-standard","has-post-thumbnail","hentry","category-actu-france-monde"],"jetpack_publicize_connections":[],"jetpack_featured_media_url":"https:\/\/i0.wp.com\/www.iceagetv.com\/radiosite\/wp-content\/uploads\/2021\/11\/Mayenne.jpg?fit=679%2C293&ssl=1","jetpack_sharing_enabled":true,"_links":{"self":[{"href":"https:\/\/www.iceagetv.com\/radiosite\/wp-json\/wp\/v2\/posts\/19409","targetHints":{"allow":["GET"]}}],"collection":[{"href":"https:\/\/www.iceagetv.com\/radiosite\/wp-json\/wp\/v2\/posts"}],"about":[{"href":"https:\/\/www.iceagetv.com\/radiosite\/wp-json\/wp\/v2\/types\/post"}],"author":[{"embeddable":true,"href":"https:\/\/www.iceagetv.com\/radiosite\/wp-json\/wp\/v2\/users\/2"}],"replies":[{"embeddable":true,"href":"https:\/\/www.iceagetv.com\/radiosite\/wp-json\/wp\/v2\/comments?post=19409"}],"version-history":[{"count":1,"href":"https:\/\/www.iceagetv.com\/radiosite\/wp-json\/wp\/v2\/posts\/19409\/revisions"}],"predecessor-version":[{"id":19411,"href":"https:\/\/www.iceagetv.com\/radiosite\/wp-json\/wp\/v2\/posts\/19409\/revisions\/19411"}],"wp:featuredmedia":[{"embeddable":true,"href":"https:\/\/www.iceagetv.com\/radiosite\/wp-json\/wp\/v2\/media\/19410"}],"wp:attachment":[{"href":"https:\/\/www.iceagetv.com\/radiosite\/wp-json\/wp\/v2\/media?parent=19409"}],"wp:term":[{"taxonomy":"category","embeddable":true,"href":"https:\/\/www.iceagetv.com\/radiosite\/wp-json\/wp\/v2\/categories?post=19409"},{"taxonomy":"post_tag","embeddable":true,"href":"https:\/\/www.iceagetv.com\/radiosite\/wp-json\/wp\/v2\/tags?post=19409"}],"curies":[{"name":"wp","href":"https:\/\/api.w.org\/{rel}","templated":true}]}}