{"id":19418,"date":"2021-11-10T19:37:27","date_gmt":"2021-11-10T19:37:27","guid":{"rendered":"http:\/\/www.iceagetv.com\/radiosite\/?p=19418"},"modified":"2021-11-10T19:37:27","modified_gmt":"2021-11-10T19:37:27","slug":"yacine-mihoub-condamne-a-la-prison-a-perpetuite-pour-le-meurtre-de-loctogenaire-mireille-knoll-par-la-cour-dassises-de-paris","status":"publish","type":"post","link":"https:\/\/www.iceagetv.com\/radiosite\/yacine-mihoub-condamne-a-la-prison-a-perpetuite-pour-le-meurtre-de-loctogenaire-mireille-knoll-par-la-cour-dassises-de-paris\/","title":{"rendered":"Yacine Mihoub condamn\u00e9 \u00e0 la prison \u00e0 perp\u00e9tuit\u00e9 pour le meurtre de l&rsquo;octog\u00e9naire Mireille Knoll par la cour d&rsquo;assises de Paris"},"content":{"rendered":"\n<p><strong>Yacine Mihoub&nbsp;est condamn\u00e9 \u00e0 la prison \u00e0 perp\u00e9tuit\u00e9 pour le meurtre de l&rsquo;octog\u00e9naire Mireille Knoll par la cour d&rsquo;assises de Paris.&nbsp;L&rsquo;autre principal accus\u00e9 de ce proc\u00e8s, Alex Carrimbacus, a \u00e9t\u00e9 condamn\u00e9 \u00e0 15 ans de r\u00e9clusion criminelle.<\/strong><\/p>\n\n\n\n<p>L&rsquo;avocat g\u00e9n\u00e9ral avait requis mardi la r\u00e9clusion criminelle \u00e0 perp\u00e9tuit\u00e9 \u00e0 l&rsquo;encontre de Yacine Mihoub et dix-huit ans de r\u00e9clusion contre Alex Carrimbacus pour le meurtre de Mireille Knoll, une femme juive de 85 ans tu\u00e9e de onze coups de couteaux \u00e0 Paris en mars 2018. Yacine Mihoub, 32 ans, est \u00ab\u00a0le seul auteur\u00a0\u00bb, \u00ab\u00a0le responsable unique du meurtre particuli\u00e8rement sauvage de Mme Knoll\u00a0\u00bb, a estim\u00e9 le magistrat, Jean-Christophe Muller, devant la cour d&rsquo;assises de Paris. Il a agi ainsi \u00ab\u00a0parce qu&rsquo;elle \u00e9tait en \u00e9tat de vuln\u00e9rabilit\u00e9\u00a0\u00bb, et ce dans \u00ab\u00a0un contexte d&rsquo;antis\u00e9mitisme\u00a0\u00bb.<\/p>\n\n\n\n<p>Le minist\u00e8re public avait assorti sa r\u00e9quisition \u00e0 la r\u00e9clusion \u00e0 perp\u00e9tuit\u00e9 d&rsquo;une p\u00e9riode de s\u00fbret\u00e9 de dix-huit ans \u00e0 l&rsquo;encontre de M. Mihoub, d\u00e9j\u00e0 condamn\u00e9 \u00e0 six reprises notamment pour agression sexuelle. M. Carrimbacus, 25 ans, n&rsquo;est \u00ab\u00a0ni complice, ni coauteur du meurtre\u00a0\u00bb mais par \u00ab\u00a0contamination\u00a0\u00bb, son caract\u00e8re antis\u00e9mite \u00ab\u00a0lui est \u00e9galement imputable\u00a0\u00bb, a ajout\u00e9 l&rsquo;avocat g\u00e9n\u00e9ral. Il avait r\u00e9clam\u00e9 une peine de dix-huit ans de r\u00e9clusion criminelle pour vol aggrav\u00e9, avec une p\u00e9riode de s\u00fbret\u00e9 de neuf ans.<\/p>\n\n\n\n<p>Par ailleurs, trois ans d&#8217;emprisonnement avaient \u00e9t\u00e9 demand\u00e9s \u00e0 l&rsquo;encontre de la m\u00e8re de Yacine Mihoub, Zoulikha Khellaf, 61 ans. Elle est accus\u00e9e d&rsquo;avoir d\u00e9truit des objets en lien avec la sc\u00e8ne du crime et nettoy\u00e9 le couteau utilis\u00e9 pour tuer Mireille Knoll. Le 23 mars 2018, les pompiers appel\u00e9s pour un feu dans un HLM de l&rsquo;est parisien d\u00e9couvraient sur son lit m\u00e9dicalis\u00e9 le corps de Mireille Knoll, lard\u00e9 de onze coups de couteaux et en partie calcin\u00e9.<\/p>\n\n\n\n<p>Pendant l&rsquo;enqu\u00eate et tout au long du proc\u00e8s, les deux accus\u00e9s ont livr\u00e9 des versions qui s&rsquo;affrontent, s&rsquo;incriminant l&rsquo;un l&rsquo;autre du meurtre, et rejet\u00e9 toute accusation d&rsquo;antis\u00e9mitisme. La mort de Mireille Knoll \u00e9tait survenu un an apr\u00e8s le meurtre de Sarah Halimi, une sexag\u00e9naire juive jet\u00e9e de son balcon. Elle avait suscit\u00e9 une grande \u00ab\u00a0marche blanche\u00a0\u00bb dans Paris et relanc\u00e9 le d\u00e9bat sur l&rsquo;antis\u00e9mitisme en France.<\/p>\n","protected":false},"excerpt":{"rendered":"<p>Yacine Mihoub&nbsp;est condamn\u00e9 \u00e0 la prison \u00e0 perp\u00e9tuit\u00e9 pour le meurtre de l&rsquo;octog\u00e9naire Mireille Knoll par la cour d&rsquo;assises de Paris.&nbsp;L&rsquo;autre principal accus\u00e9 de ce proc\u00e8s, Alex Carrimbacus, a \u00e9t\u00e9 condamn\u00e9 \u00e0 15 ans de r\u00e9clusion criminelle. L&rsquo;avocat g\u00e9n\u00e9ral avait requis mardi la r\u00e9clusion criminelle \u00e0 perp\u00e9tuit\u00e9 \u00e0 l&rsquo;encontre de Yacine Mihoub et dix-huit ans [&hellip;]<\/p>\n","protected":false},"author":2,"featured_media":19419,"comment_status":"open","ping_status":"open","sticky":false,"template":"","format":"standard","meta":{"_jetpack_memberships_contains_paid_content":false,"footnotes":"","jetpack_publicize_message":"","jetpack_publicize_feature_enabled":true,"jetpack_social_post_already_shared":true,"jetpack_social_options":{"image_generator_settings":{"template":"highway","default_image_id":0,"font":"","enabled":false},"version":2},"_wpas_customize_per_network":false},"categories":[405],"tags":[],"class_list":["post-19418","post","type-post","status-publish","format-standard","has-post-thumbnail","hentry","category-actu-france-monde"],"jetpack_publicize_connections":[],"jetpack_featured_media_url":"https:\/\/i0.wp.com\/www.iceagetv.com\/radiosite\/wp-content\/uploads\/2021\/11\/Yacine-Mihoub-condamn%C3%A9-%C3%A0-la-prison-%C3%A0-perp%C3%A9tuit%C3%A9.jpg?fit=679%2C293&ssl=1","jetpack_sharing_enabled":true,"_links":{"self":[{"href":"https:\/\/www.iceagetv.com\/radiosite\/wp-json\/wp\/v2\/posts\/19418","targetHints":{"allow":["GET"]}}],"collection":[{"href":"https:\/\/www.iceagetv.com\/radiosite\/wp-json\/wp\/v2\/posts"}],"about":[{"href":"https:\/\/www.iceagetv.com\/radiosite\/wp-json\/wp\/v2\/types\/post"}],"author":[{"embeddable":true,"href":"https:\/\/www.iceagetv.com\/radiosite\/wp-json\/wp\/v2\/users\/2"}],"replies":[{"embeddable":true,"href":"https:\/\/www.iceagetv.com\/radiosite\/wp-json\/wp\/v2\/comments?post=19418"}],"version-history":[{"count":1,"href":"https:\/\/www.iceagetv.com\/radiosite\/wp-json\/wp\/v2\/posts\/19418\/revisions"}],"predecessor-version":[{"id":19420,"href":"https:\/\/www.iceagetv.com\/radiosite\/wp-json\/wp\/v2\/posts\/19418\/revisions\/19420"}],"wp:featuredmedia":[{"embeddable":true,"href":"https:\/\/www.iceagetv.com\/radiosite\/wp-json\/wp\/v2\/media\/19419"}],"wp:attachment":[{"href":"https:\/\/www.iceagetv.com\/radiosite\/wp-json\/wp\/v2\/media?parent=19418"}],"wp:term":[{"taxonomy":"category","embeddable":true,"href":"https:\/\/www.iceagetv.com\/radiosite\/wp-json\/wp\/v2\/categories?post=19418"},{"taxonomy":"post_tag","embeddable":true,"href":"https:\/\/www.iceagetv.com\/radiosite\/wp-json\/wp\/v2\/tags?post=19418"}],"curies":[{"name":"wp","href":"https:\/\/api.w.org\/{rel}","templated":true}]}}