{"id":19421,"date":"2021-11-10T19:39:06","date_gmt":"2021-11-10T19:39:06","guid":{"rendered":"http:\/\/www.iceagetv.com\/radiosite\/?p=19421"},"modified":"2021-11-10T19:39:06","modified_gmt":"2021-11-10T19:39:06","slug":"coronavirus-le-ministre-de-la-sante-olivier-veran-met-en-garde-face-a-la-situation-actuelle-qui-ressemble-clairement-au-debut-dune-cinquieme-vague","status":"publish","type":"post","link":"https:\/\/www.iceagetv.com\/radiosite\/coronavirus-le-ministre-de-la-sante-olivier-veran-met-en-garde-face-a-la-situation-actuelle-qui-ressemble-clairement-au-debut-dune-cinquieme-vague\/","title":{"rendered":"Coronavirus: Le ministre de la Sant\u00e9 Olivier V\u00e9ran met en garde face \u00e0 la situation actuelle qui \u00ab\u00a0ressemble clairement au d\u00e9but d&rsquo;une cinqui\u00e8me vague\u00a0\u00bb"},"content":{"rendered":"\n<p>Invit\u00e9 du 20h de TF1 ce mercredi soir, Olivier V\u00e9ran a mis en garde contre l&rsquo;arriv\u00e9e du cinqui\u00e8me vague \u00e9pid\u00e9mique. La situation actuelle \u00ab\u00a0ressemble clairement au d\u00e9but d&rsquo;une cinqui\u00e8me vague\u00a0\u00bb, a-t-il affirm\u00e9<\/p>\n\n\n\n<p>\u00ab\u00a0La circulation du virus s&rsquo;acc\u00e9l\u00e8re, 40% de plus en une semaine\u00a0\u00bb, a pr\u00e9cis\u00e9 le ministre de la Sant\u00e9 qui se veut tout de m\u00eame optimiste, retenant la \u00ab\u00a0vaccination massive\u00a0\u00bb des Fran\u00e7ais.&nbsp;<\/p>\n\n\n\n<p>Et&nbsp; d&rsquo;ajouter:&nbsp;\u00ab\u00a0La question de l&rsquo;int\u00e9gration au pass sanitaire pour les 50-64 ans viendra en son temps, en fonction des conditions \u00e9pid\u00e9miques\u00a0\u00bb.&nbsp; \u00ab\u00a0Je ne tranche pas encore le sujet mais c&rsquo;est une question l\u00e9gitime\u00a0\u00bb, a-t-il poursuivi en rappelant que \u00ab\u00a0plus de 4 personnes sur 5 dans les r\u00e9animations fran\u00e7aises aujourd&rsquo;hui sont \u00e2g\u00e9es de plus de 50 ans\u00a0\u00bb.&nbsp;<\/p>\n\n\n\n<p>\u00ab\u00a0Je ne dis pas qu&rsquo;une troisi\u00e8me dose est inutile pour les personnes de moins de 50 ans. Mais, pour l&rsquo;instant, il y a peu de personnes qui ont moins de 50 ans et plus de six mois de vaccination\u00a0\u00bb, a-t-il soulign\u00e9. Et d&rsquo;ajouter: \u00ab\u00a0Les \u00e9tudes nous montreront si le niveau de protection conf\u00e9r\u00e9e par le vaccin d\u00e9cline aussi au bout de quelques mois lorsque l&rsquo;on est plus jeune, ou non. Si on voit que c&rsquo;est le cas, on proposera le rappel\u00a0\u00bb.<\/p>\n","protected":false},"excerpt":{"rendered":"<p>Invit\u00e9 du 20h de TF1 ce mercredi soir, Olivier V\u00e9ran a mis en garde contre l&rsquo;arriv\u00e9e du cinqui\u00e8me vague \u00e9pid\u00e9mique. La situation actuelle \u00ab\u00a0ressemble clairement au d\u00e9but d&rsquo;une cinqui\u00e8me vague\u00a0\u00bb, a-t-il affirm\u00e9 \u00ab\u00a0La circulation du virus s&rsquo;acc\u00e9l\u00e8re, 40% de plus en une semaine\u00a0\u00bb, a pr\u00e9cis\u00e9 le ministre de la Sant\u00e9 qui se veut tout de [&hellip;]<\/p>\n","protected":false},"author":2,"featured_media":19422,"comment_status":"open","ping_status":"open","sticky":false,"template":"","format":"standard","meta":{"_jetpack_memberships_contains_paid_content":false,"footnotes":"","jetpack_publicize_message":"","jetpack_publicize_feature_enabled":true,"jetpack_social_post_already_shared":true,"jetpack_social_options":{"image_generator_settings":{"template":"highway","default_image_id":0,"font":"","enabled":false},"version":2},"_wpas_customize_per_network":false},"categories":[405],"tags":[],"class_list":["post-19421","post","type-post","status-publish","format-standard","has-post-thumbnail","hentry","category-actu-france-monde"],"jetpack_publicize_connections":[],"jetpack_featured_media_url":"https:\/\/i0.wp.com\/www.iceagetv.com\/radiosite\/wp-content\/uploads\/2021\/11\/Le-ministre-de-la-Sant%C3%A9-Olivier-V%C3%A9ran.jpg?fit=680%2C319&ssl=1","jetpack_sharing_enabled":true,"_links":{"self":[{"href":"https:\/\/www.iceagetv.com\/radiosite\/wp-json\/wp\/v2\/posts\/19421","targetHints":{"allow":["GET"]}}],"collection":[{"href":"https:\/\/www.iceagetv.com\/radiosite\/wp-json\/wp\/v2\/posts"}],"about":[{"href":"https:\/\/www.iceagetv.com\/radiosite\/wp-json\/wp\/v2\/types\/post"}],"author":[{"embeddable":true,"href":"https:\/\/www.iceagetv.com\/radiosite\/wp-json\/wp\/v2\/users\/2"}],"replies":[{"embeddable":true,"href":"https:\/\/www.iceagetv.com\/radiosite\/wp-json\/wp\/v2\/comments?post=19421"}],"version-history":[{"count":1,"href":"https:\/\/www.iceagetv.com\/radiosite\/wp-json\/wp\/v2\/posts\/19421\/revisions"}],"predecessor-version":[{"id":19423,"href":"https:\/\/www.iceagetv.com\/radiosite\/wp-json\/wp\/v2\/posts\/19421\/revisions\/19423"}],"wp:featuredmedia":[{"embeddable":true,"href":"https:\/\/www.iceagetv.com\/radiosite\/wp-json\/wp\/v2\/media\/19422"}],"wp:attachment":[{"href":"https:\/\/www.iceagetv.com\/radiosite\/wp-json\/wp\/v2\/media?parent=19421"}],"wp:term":[{"taxonomy":"category","embeddable":true,"href":"https:\/\/www.iceagetv.com\/radiosite\/wp-json\/wp\/v2\/categories?post=19421"},{"taxonomy":"post_tag","embeddable":true,"href":"https:\/\/www.iceagetv.com\/radiosite\/wp-json\/wp\/v2\/tags?post=19421"}],"curies":[{"name":"wp","href":"https:\/\/api.w.org\/{rel}","templated":true}]}}