{"id":19436,"date":"2021-11-12T07:51:09","date_gmt":"2021-11-12T07:51:09","guid":{"rendered":"http:\/\/www.iceagetv.com\/radiosite\/?p=19436"},"modified":"2021-11-12T07:51:09","modified_gmt":"2021-11-12T07:51:09","slug":"edf-ne-coupera-plus-lelectricite-en-cas-dimpayes-mais-limitera-la-puissance-fournie","status":"publish","type":"post","link":"https:\/\/www.iceagetv.com\/radiosite\/edf-ne-coupera-plus-lelectricite-en-cas-dimpayes-mais-limitera-la-puissance-fournie\/","title":{"rendered":"EDF ne coupera plus l&rsquo;\u00e9lectricit\u00e9 en cas d&rsquo;impay\u00e9s mais limitera la puissance fournie"},"content":{"rendered":"\n<p> Le\u00a0groupe\u00a0s&rsquo;engage \u00e0 fournir l&rsquo;\u00e9quivalent de 1\u00a0000 watts aux usagers qui n&rsquo;ont pas pay\u00e9 leurs factures.\u00a0Ce qui leur permettra de conserver certains \u00ab\u00a0usages essentiels\u00a0\u00bb mais pas de se chauffer. <\/p>\n\n\n\n<p>Une mesure prise dans un contexte de&nbsp;<a href=\"https:\/\/www.francetvinfo.fr\/economie\/energie\/infographies-gaz-electricite-carburants-visualisez-l-augmentation-de-vos-factures-en-trois-graphiques_4791379.html\">flamb\u00e9e des prix de l&rsquo;\u00e9nergie<\/a>.&nbsp;EDF a d\u00e9cid\u00e9 de ne plus couper l&rsquo;\u00e9lectricit\u00e9&nbsp;en cas d&rsquo;impay\u00e9s.&nbsp;<em>\u00ab\u00a0Nous nous engageons \u00e0 accompagner nos clients en situation d&rsquo;impay\u00e9s en mettant fin \u00e0 la coupure d\u2019alimentation en \u00e9lectricit\u00e9\u00a0\u00bb<\/em>, a&nbsp;annonc\u00e9 Marc Benayoun, l&rsquo;un des directeurs ex\u00e9cutifs du groupe, vendredi 12 novembre, dans une interview au&nbsp;<a href=\"https:\/\/www.leparisien.fr\/economie\/consommation\/edf-arrete-les-coupures-delectricite-pour-impayes-12-11-2021-AJX33BRDJRDCJHZEKJBRXSQKPY.php?ts=1636693067201\"><em>Parisien<\/em><\/a>&nbsp;<em>(article payant)<\/em>.&nbsp;<\/p>\n\n\n\n<p>A la place, le fournisseur d&rsquo;\u00e9lectricit\u00e9 s&rsquo;engage \u00e0 appliquer<em>&nbsp;\u00ab\u00a0une limitation de puissance\u00a0\u00bb<\/em>&nbsp;\u00e9quivalente \u00e0 1&nbsp;000 watts, et ce&nbsp;<em>\u00ab\u00a0tout au long de l&rsquo;ann\u00e9e\u00a0\u00bb<\/em>. Cette r\u00e9duction permettra de conserver&nbsp;<em>\u00ab\u00a0les usages essentiels\u00a0\u00bb<\/em>&nbsp;comme&nbsp;<em>\u00ab\u00a0l&rsquo;\u00e9clairage, la recharge des t\u00e9l\u00e9phones, un chauffe-eau, une machine \u00e0 laver, internet ou encore un petit r\u00e9frig\u00e9rateur\u00a0\u00bb.&nbsp;<\/em>En revanche, une telle limitation implique que&nbsp;<em>\u00ab\u00a0le chauffage par exemple ne fonctionne<\/em><em>&nbsp;plus\u00a0\u00bb<\/em>.<\/p>\n\n\n\n<p>Cette mesure, qui prendra effet le 1er avril 2022,&nbsp;<em>\u00ab\u00a0s&rsquo;appliquera dans tous les cas, sauf s&rsquo;il existe une impossibilit\u00e9 physique ou technique de limiter la puissance de l&rsquo;alimentation \u00e9lectrique du logement\u00a0\u00bb<\/em>, a pr\u00e9cis\u00e9 EDF dans&nbsp;<a href=\"https:\/\/www.edf.fr\/groupe-edf\/espaces-dedies\/journalistes\/tous-les-communiques-de-presse\/edf-ne-demandera-plus-la-coupure-d-electricite-pour-ses-clients-particuliers\" target=\"_blank\" rel=\"noreferrer noopener\">un communiqu\u00e9<\/a>.&nbsp;<\/p>\n\n\n\n<h2 class=\"wp-block-heading\">\u00ab\u00a0Un bien dont on ne peut pas se passer\u00a0\u00bb<\/h2>\n\n\n\n<p>La loi impose une&nbsp;<a href=\"https:\/\/www.francetvinfo.fr\/replay-radio\/le-brief-eco\/bientot-un-droit-dacces-minimal-a-lelectricite-pour-les-foyers-les-plus-precaires_4824257.html\">suspension des coupures d&rsquo;\u00e9lectricit\u00e9 et de gaz uniquement lors de la tr\u00eave hivernale<\/a>, du 1er novembre au 1er avril. En dehors de cette p\u00e9riode, les&nbsp;fournisseurs d&rsquo;\u00e9nergie sont libres de pouvoir&nbsp;couper l&rsquo;alimentation des foyers en situation d&rsquo;impay\u00e9s.&nbsp;<\/p>\n\n\n\n<p>Chaque ann\u00e9e,<em>&nbsp;\u00ab\u00a0entre 200&nbsp;000 et 300&nbsp;000 foyers sont priv\u00e9s d&rsquo;\u00e9lectricit\u00e9 parce qu&rsquo;ils n&rsquo;ont pas eu les moyens de payer\u00a0\u00bb<\/em>, avait estim\u00e9 mercredi sur franceinfo le m\u00e9diateur national de l&rsquo;\u00e9nergie, Olivier Challan-Belval.&nbsp;<em>\u00ab\u00a0Aujourd&rsquo;hui, l&rsquo;\u00e9lectricit\u00e9 est vraiment devenue un bien dont on ne peut pas se passer.\u00a0\u00bb<\/em><\/p>\n\n\n\n<p><\/p>\n","protected":false},"excerpt":{"rendered":"<p>Le\u00a0groupe\u00a0s&rsquo;engage \u00e0 fournir l&rsquo;\u00e9quivalent de 1\u00a0000 watts aux usagers qui n&rsquo;ont pas pay\u00e9 leurs factures.\u00a0Ce qui leur permettra de conserver certains \u00ab\u00a0usages essentiels\u00a0\u00bb mais pas de se chauffer. Une mesure prise dans un contexte de&nbsp;flamb\u00e9e des prix de l&rsquo;\u00e9nergie.&nbsp;EDF a d\u00e9cid\u00e9 de ne plus couper l&rsquo;\u00e9lectricit\u00e9&nbsp;en cas d&rsquo;impay\u00e9s.&nbsp;\u00ab\u00a0Nous nous engageons \u00e0 accompagner nos clients en [&hellip;]<\/p>\n","protected":false},"author":2,"featured_media":19437,"comment_status":"open","ping_status":"open","sticky":false,"template":"","format":"standard","meta":{"_jetpack_memberships_contains_paid_content":false,"footnotes":"","jetpack_publicize_message":"","jetpack_publicize_feature_enabled":true,"jetpack_social_post_already_shared":true,"jetpack_social_options":{"image_generator_settings":{"template":"highway","default_image_id":0,"font":"","enabled":false},"version":2},"_wpas_customize_per_network":false},"categories":[405],"tags":[],"class_list":["post-19436","post","type-post","status-publish","format-standard","has-post-thumbnail","hentry","category-actu-france-monde"],"jetpack_publicize_connections":[],"jetpack_featured_media_url":"https:\/\/i0.wp.com\/www.iceagetv.com\/radiosite\/wp-content\/uploads\/2021\/11\/EDF-ne-coupera-plus-l%C3%A9lectricit%C3%A9-en-cas-dimpay%C3%A9s-mais-limitera-la-puissance-fournie.png?fit=903%2C527&ssl=1","jetpack_sharing_enabled":true,"_links":{"self":[{"href":"https:\/\/www.iceagetv.com\/radiosite\/wp-json\/wp\/v2\/posts\/19436","targetHints":{"allow":["GET"]}}],"collection":[{"href":"https:\/\/www.iceagetv.com\/radiosite\/wp-json\/wp\/v2\/posts"}],"about":[{"href":"https:\/\/www.iceagetv.com\/radiosite\/wp-json\/wp\/v2\/types\/post"}],"author":[{"embeddable":true,"href":"https:\/\/www.iceagetv.com\/radiosite\/wp-json\/wp\/v2\/users\/2"}],"replies":[{"embeddable":true,"href":"https:\/\/www.iceagetv.com\/radiosite\/wp-json\/wp\/v2\/comments?post=19436"}],"version-history":[{"count":1,"href":"https:\/\/www.iceagetv.com\/radiosite\/wp-json\/wp\/v2\/posts\/19436\/revisions"}],"predecessor-version":[{"id":19438,"href":"https:\/\/www.iceagetv.com\/radiosite\/wp-json\/wp\/v2\/posts\/19436\/revisions\/19438"}],"wp:featuredmedia":[{"embeddable":true,"href":"https:\/\/www.iceagetv.com\/radiosite\/wp-json\/wp\/v2\/media\/19437"}],"wp:attachment":[{"href":"https:\/\/www.iceagetv.com\/radiosite\/wp-json\/wp\/v2\/media?parent=19436"}],"wp:term":[{"taxonomy":"category","embeddable":true,"href":"https:\/\/www.iceagetv.com\/radiosite\/wp-json\/wp\/v2\/categories?post=19436"},{"taxonomy":"post_tag","embeddable":true,"href":"https:\/\/www.iceagetv.com\/radiosite\/wp-json\/wp\/v2\/tags?post=19436"}],"curies":[{"name":"wp","href":"https:\/\/api.w.org\/{rel}","templated":true}]}}