{"id":19439,"date":"2021-11-12T14:21:38","date_gmt":"2021-11-12T14:21:38","guid":{"rendered":"http:\/\/www.iceagetv.com\/radiosite\/?p=19439"},"modified":"2021-11-12T14:21:38","modified_gmt":"2021-11-12T14:21:38","slug":"une-information-judiciaire-ouverte-apres-une-accusation-de-viol-a-lelysee-sur-une-jeune-militaire-le-1er-juillet-dernier-apres-un-pot-au-sein-meme-de-la-presidence-de-la-republique","status":"publish","type":"post","link":"https:\/\/www.iceagetv.com\/radiosite\/une-information-judiciaire-ouverte-apres-une-accusation-de-viol-a-lelysee-sur-une-jeune-militaire-le-1er-juillet-dernier-apres-un-pot-au-sein-meme-de-la-presidence-de-la-republique\/","title":{"rendered":"Une information judiciaire ouverte apr\u00e8s une accusation de viol \u00e0 l&rsquo;Elys\u00e9e sur une jeune militaire, le 1er juillet dernier apr\u00e8s un pot, au sein m\u00eame de la pr\u00e9sidence de la R\u00e9publique"},"content":{"rendered":"\n<p>\u00abLib\u00e9ration\u00bb r\u00e9v\u00e8le qu\u2019une enqu\u00eate judiciaire a \u00e9t\u00e9 ouverte afin de faire la lumi\u00e8re sur des violences sexuelles qui auraient vis\u00e9 une jeune militaire, le 1er juillet dernier apr\u00e8s un pot, au sein m\u00eame de la pr\u00e9sidence de la R\u00e9publique.<\/p>\n\n\n\n<p>Cette information judiciaire pour \u00ab\u00a0viol\u00a0\u00bb a \u00e9t\u00e9 ouverte le 12 juillet dernier apr\u00e8s qu&rsquo;une militaire a port\u00e9 plainte au commissariat du 8e arrondissement de Paris, le 1er juillet. Au moment de sa plainte, selon une source proche du dossier, elle a expliqu\u00e9 avoir \u00e9t\u00e9 victime de violences sexuelles \u00e0 l&rsquo;Elys\u00e9e.<\/p>\n\n\n\n<p><a href=\"https:\/\/www.liberation.fr\/societe\/droits-des-femmes\/viol-dune-jeune-militaire-a-lelysee-une-enquete-judiciaire-ouverte-20211112_4BC4WKW6WJFIRMEHMTPZ24MDRQ\/\" target=\"_blank\" rel=\"noreferrer noopener\">Selon Lib\u00e9ration<\/a>, une jeune militaire, qui assistait auparavant au pot de son sup\u00e9rieur, dit avoir subi des violences sexuelles de la part d\u2019un militaire. Les deux militaires sont affect\u00e9s \u00e0 l\u2019\u00e9tat-major particulier, travaillent ensemble au quotidien et se connaissent. Dans les heures qui ont suivi, la victime s\u2019est rendue au commissariat du VIIIe arrondissement, pour y relater le drame et d\u00e9poser une main courante \u2013 entra\u00eenant de fait la saisine du procureur de la R\u00e9publique de Paris.<\/p>\n\n\n\n<p>Le parquet a d\u00e9cid\u00e9 d\u2019ouvrir le 12 juillet une information judiciaire pour viol, comme le confirme une source judiciaire, confi\u00e9e \u00e0 un juge d\u2019instruction.<\/p>\n\n\n\n<p>Des auditions ont \u00e9t\u00e9 men\u00e9es par le service de police charg\u00e9 du dossier ; la garde \u00e0 vue et l\u2019interrogatoire du suspect ont d\u00e9j\u00e0 eu lieu.<\/p>\n\n\n\n<p>L&rsquo;homme accus\u00e9 du viol, lui m\u00eame militaire, a \u00e9t\u00e9 plac\u00e9 sous le statut de t\u00e9moin assist\u00e9 par le juge d&rsquo;instruction charg\u00e9 de l&rsquo;enqu\u00eate, selon une source judiciaire contact\u00e9e par<a href=\"https:\/\/www.francetvinfo.fr\/societe\/harcelement-sexuel\/une-information-judiciaire-ouverte-apres-une-plainte-pour-viol-deposee-par-une-militaire-de-l-elysee_4842345.html\" target=\"_blank\" rel=\"noreferrer noopener\">&nbsp;franceinfo.<\/a>&nbsp;La ministre des Arm\u00e9es Florence Parly a d\u00e9clench\u00e9 une enqu\u00eate administrative \u00e0 l&rsquo;encontre du suspect,&nbsp;\u00ab\u00a0dont le d\u00e9tachement \u00e0 l&rsquo;Elys\u00e9e a \u00e9t\u00e9 interrompu\u00a0\u00bb.&nbsp;\u00ab\u00a0Parall\u00e8lement \u00e0 une \u00e9ventuelle sanction p\u00e9nale, il risque d\u2019\u00eatre traduit devant le conseil de discipline\u00a0\u00bb.&nbsp;&nbsp;<\/p>\n","protected":false},"excerpt":{"rendered":"<p>\u00abLib\u00e9ration\u00bb r\u00e9v\u00e8le qu\u2019une enqu\u00eate judiciaire a \u00e9t\u00e9 ouverte afin de faire la lumi\u00e8re sur des violences sexuelles qui auraient vis\u00e9 une jeune militaire, le 1er juillet dernier apr\u00e8s un pot, au sein m\u00eame de la pr\u00e9sidence de la R\u00e9publique. Cette information judiciaire pour \u00ab\u00a0viol\u00a0\u00bb a \u00e9t\u00e9 ouverte le 12 juillet dernier apr\u00e8s qu&rsquo;une militaire a [&hellip;]<\/p>\n","protected":false},"author":2,"featured_media":19440,"comment_status":"open","ping_status":"open","sticky":false,"template":"","format":"standard","meta":{"_jetpack_memberships_contains_paid_content":false,"footnotes":"","jetpack_publicize_message":"","jetpack_publicize_feature_enabled":true,"jetpack_social_post_already_shared":true,"jetpack_social_options":{"image_generator_settings":{"template":"highway","default_image_id":0,"font":"","enabled":false},"version":2},"_wpas_customize_per_network":false},"categories":[405],"tags":[],"class_list":["post-19439","post","type-post","status-publish","format-standard","has-post-thumbnail","hentry","category-actu-france-monde"],"jetpack_publicize_connections":[],"jetpack_featured_media_url":"https:\/\/i0.wp.com\/www.iceagetv.com\/radiosite\/wp-content\/uploads\/2021\/11\/Une-information-judiciaire-ouverte-apr%C3%A8s-une-accusation-de-viol-%C3%A0-lElys%C3%A9e.jpg?fit=679%2C380&ssl=1","jetpack_sharing_enabled":true,"_links":{"self":[{"href":"https:\/\/www.iceagetv.com\/radiosite\/wp-json\/wp\/v2\/posts\/19439","targetHints":{"allow":["GET"]}}],"collection":[{"href":"https:\/\/www.iceagetv.com\/radiosite\/wp-json\/wp\/v2\/posts"}],"about":[{"href":"https:\/\/www.iceagetv.com\/radiosite\/wp-json\/wp\/v2\/types\/post"}],"author":[{"embeddable":true,"href":"https:\/\/www.iceagetv.com\/radiosite\/wp-json\/wp\/v2\/users\/2"}],"replies":[{"embeddable":true,"href":"https:\/\/www.iceagetv.com\/radiosite\/wp-json\/wp\/v2\/comments?post=19439"}],"version-history":[{"count":1,"href":"https:\/\/www.iceagetv.com\/radiosite\/wp-json\/wp\/v2\/posts\/19439\/revisions"}],"predecessor-version":[{"id":19441,"href":"https:\/\/www.iceagetv.com\/radiosite\/wp-json\/wp\/v2\/posts\/19439\/revisions\/19441"}],"wp:featuredmedia":[{"embeddable":true,"href":"https:\/\/www.iceagetv.com\/radiosite\/wp-json\/wp\/v2\/media\/19440"}],"wp:attachment":[{"href":"https:\/\/www.iceagetv.com\/radiosite\/wp-json\/wp\/v2\/media?parent=19439"}],"wp:term":[{"taxonomy":"category","embeddable":true,"href":"https:\/\/www.iceagetv.com\/radiosite\/wp-json\/wp\/v2\/categories?post=19439"},{"taxonomy":"post_tag","embeddable":true,"href":"https:\/\/www.iceagetv.com\/radiosite\/wp-json\/wp\/v2\/tags?post=19439"}],"curies":[{"name":"wp","href":"https:\/\/api.w.org\/{rel}","templated":true}]}}