{"id":19442,"date":"2021-11-12T15:50:39","date_gmt":"2021-11-12T15:50:39","guid":{"rendered":"http:\/\/www.iceagetv.com\/radiosite\/?p=19442"},"modified":"2021-11-12T15:50:39","modified_gmt":"2021-11-12T15:50:39","slug":"mayenne-la-joggeuse-a-menti-annonce-le-procureur-de-laval","status":"publish","type":"post","link":"https:\/\/www.iceagetv.com\/radiosite\/mayenne-la-joggeuse-a-menti-annonce-le-procureur-de-laval\/","title":{"rendered":"Mayenne : la joggeuse \u00aba menti\u00bb, annonce le procureur de Laval"},"content":{"rendered":"\n<p>Entendue ce vendredi, \u00abla jeune fille a indiqu\u00e9 avoir menti, ne pas avoir \u00e9t\u00e9 enlev\u00e9e et s&rsquo;\u00eatre rendue \u00e0 Sabl\u00e9-sur-Sarthe \u00e0 pied\u00bb, a d\u00e9clar\u00e9 le procureur C\u00e9line Magne.<\/p>\n\n\n\n<p>Rebondissement dans l&rsquo;affaire de la joggeuse\u00a0<a href=\"https:\/\/www.lefigaro.fr\/actualite-france\/mayenne-une-vingtaine-de-gendarmes-mobilises-apres-la-disparition-inquietante-d-une-mineure-20211108\">\u00abenlev\u00e9e\u00bb en Mayenne puis r\u00e9apparue le 8 novembre dernier \u00e0 Sabl\u00e9-sur-Sarthe<\/a>\u00a0(Sarthe). Le procureur de la R\u00e9publique de Laval C\u00e9line Magne a annonc\u00e9 ce vendredi apr\u00e8s-midi que la victime a avou\u00e9 avoir invent\u00e9 son histoire<\/p>\n\n\n\n<p><em>La premi\u00e8re version de la jeune joggeuse fait le r\u00e9cit d&rsquo;un enl\u00e8vement par deux jeunes hommes la frappant et l&#8217;emportant dans une camionnette verte dans une maison d&rsquo;o\u00f9 elle serait parvenue \u00e0 s&rsquo;enfuir en frappant l&rsquo;un d&rsquo;eux, rest\u00e9 seul<\/em>\u00bb, indique d&rsquo;abord le communiqu\u00e9 de presse du procureur. Entendue ce jour par les enqu\u00eateurs, ainsi que deux officiers de police judiciaire dont une victimologue, \u00ab<em>la jeune fille a indiqu\u00e9 avoir menti, ne pas avoir \u00e9t\u00e9 enlev\u00e9e et s&rsquo;\u00eatre rendue \u00e0 Sabl\u00e9-sur-Sarthe \u00e0 pied<\/em>\u00bb, annonce le communiqu\u00e9. \u00ab<em>Selon elle, les blessures sont d&rsquo;origine accidentelle. Elle aurait notamment d\u00e9coup\u00e9 son tee-shirt avec une paire de ciseaux<\/em>\u00bb, poursuit le parquet.<\/p>\n\n\n\n<p>La jeune femme serait \u00ab<em>d\u00e9sol\u00e9e d&rsquo;avoir caus\u00e9 une mobilisation importante<\/em>\u00bb. \u00ab<em>Actuellement prise en charge par ses parents qui ont \u00e9t\u00e9 inform\u00e9s de ses d\u00e9clarations, la jeune fille fera l&rsquo;objet d&rsquo;une proc\u00e9dure pour d\u00e9nonciation d&rsquo;infraction imaginaire. L&rsquo;enqu\u00eate n\u00e9cessitera de r\u00e9unir les \u00e9l\u00e9ments relatifs \u00e0 sa personnalit\u00e9, susceptibles d&rsquo;\u00e9clairer les raisons de son comportement pour l&rsquo;heure inexpliqu\u00e9.<\/em>\u00bb<\/p>\n\n\n\n<p><\/p>\n","protected":false},"excerpt":{"rendered":"<p>Entendue ce vendredi, \u00abla jeune fille a indiqu\u00e9 avoir menti, ne pas avoir \u00e9t\u00e9 enlev\u00e9e et s&rsquo;\u00eatre rendue \u00e0 Sabl\u00e9-sur-Sarthe \u00e0 pied\u00bb, a d\u00e9clar\u00e9 le procureur C\u00e9line Magne. Rebondissement dans l&rsquo;affaire de la joggeuse\u00a0\u00abenlev\u00e9e\u00bb en Mayenne puis r\u00e9apparue le 8 novembre dernier \u00e0 Sabl\u00e9-sur-Sarthe\u00a0(Sarthe). Le procureur de la R\u00e9publique de Laval C\u00e9line Magne a annonc\u00e9 [&hellip;]<\/p>\n","protected":false},"author":2,"featured_media":19443,"comment_status":"open","ping_status":"open","sticky":false,"template":"","format":"standard","meta":{"_jetpack_memberships_contains_paid_content":false,"footnotes":"","jetpack_publicize_message":"","jetpack_publicize_feature_enabled":true,"jetpack_social_post_already_shared":true,"jetpack_social_options":{"image_generator_settings":{"template":"highway","default_image_id":0,"font":"","enabled":false},"version":2},"_wpas_customize_per_network":false},"categories":[405],"tags":[],"class_list":["post-19442","post","type-post","status-publish","format-standard","has-post-thumbnail","hentry","category-actu-france-monde"],"jetpack_publicize_connections":[],"jetpack_featured_media_url":"https:\/\/i0.wp.com\/www.iceagetv.com\/radiosite\/wp-content\/uploads\/2021\/11\/Mayenne-la-joggeuse.png?fit=744%2C315&ssl=1","jetpack_sharing_enabled":true,"_links":{"self":[{"href":"https:\/\/www.iceagetv.com\/radiosite\/wp-json\/wp\/v2\/posts\/19442","targetHints":{"allow":["GET"]}}],"collection":[{"href":"https:\/\/www.iceagetv.com\/radiosite\/wp-json\/wp\/v2\/posts"}],"about":[{"href":"https:\/\/www.iceagetv.com\/radiosite\/wp-json\/wp\/v2\/types\/post"}],"author":[{"embeddable":true,"href":"https:\/\/www.iceagetv.com\/radiosite\/wp-json\/wp\/v2\/users\/2"}],"replies":[{"embeddable":true,"href":"https:\/\/www.iceagetv.com\/radiosite\/wp-json\/wp\/v2\/comments?post=19442"}],"version-history":[{"count":1,"href":"https:\/\/www.iceagetv.com\/radiosite\/wp-json\/wp\/v2\/posts\/19442\/revisions"}],"predecessor-version":[{"id":19444,"href":"https:\/\/www.iceagetv.com\/radiosite\/wp-json\/wp\/v2\/posts\/19442\/revisions\/19444"}],"wp:featuredmedia":[{"embeddable":true,"href":"https:\/\/www.iceagetv.com\/radiosite\/wp-json\/wp\/v2\/media\/19443"}],"wp:attachment":[{"href":"https:\/\/www.iceagetv.com\/radiosite\/wp-json\/wp\/v2\/media?parent=19442"}],"wp:term":[{"taxonomy":"category","embeddable":true,"href":"https:\/\/www.iceagetv.com\/radiosite\/wp-json\/wp\/v2\/categories?post=19442"},{"taxonomy":"post_tag","embeddable":true,"href":"https:\/\/www.iceagetv.com\/radiosite\/wp-json\/wp\/v2\/tags?post=19442"}],"curies":[{"name":"wp","href":"https:\/\/api.w.org\/{rel}","templated":true}]}}