{"id":19449,"date":"2021-11-13T15:25:52","date_gmt":"2021-11-13T15:25:52","guid":{"rendered":"http:\/\/www.iceagetv.com\/radiosite\/?p=19449"},"modified":"2021-11-13T15:25:52","modified_gmt":"2021-11-13T15:25:52","slug":"confidentiel-eric-zemmour-pourrait-tenir-son-premier-meeting-politique-le-5-decembre-au-zenith-de-paris-au-lendemain-de-la-convention-des-republicains-pour-designer-leur-candidat","status":"publish","type":"post","link":"https:\/\/www.iceagetv.com\/radiosite\/confidentiel-eric-zemmour-pourrait-tenir-son-premier-meeting-politique-le-5-decembre-au-zenith-de-paris-au-lendemain-de-la-convention-des-republicains-pour-designer-leur-candidat\/","title":{"rendered":"Confidentiel : Eric Zemmour pourrait tenir son premier meeting politique le 5 d\u00e9cembre au Z\u00e9nith de Paris au lendemain de la convention des R\u00e9publicains pour d\u00e9signer leur candidat"},"content":{"rendered":"\n<p>On envisage un premier meeting de campagne au mois de d\u00e9cembre\u00bb, a ainsi affirm\u00e9 l&rsquo;entourage d&rsquo;Eric Zemmour aupr\u00e8s de l&rsquo;AFP, \u00e9voquant plusieurs salles pour cette r\u00e9union publique, comme le Z\u00e9nith de Paris, d&rsquo;une capacit\u00e9 de pr\u00e8s de 7.000 places. Une autre source proche de l&rsquo;essayiste a quant \u00e0 elle assur\u00e9 que ce dernier sera au Z\u00e9nith le 5 d\u00e9cembre. Une date qui, si elle se confirme, ne tiendrait vraisemblablement pas du hasard puisque le parti Les R\u00e9publicains doit, lui, tenir son congr\u00e8s, en vue de d\u00e9signer son candidat \u00e0 la pr\u00e9sidentielle, du 1er au 4 d\u00e9cembre.<\/p>\n\n\n\n<p>Venu pr\u00e9senter son dernier livre, \u00abLa France n&rsquo;a pas dit son dernier mot\u00bb (Ed. Rubempr\u00e9) ce vendredi au Palais des congr\u00e8s de Bordeaux (Gironde), dans lequel il a fait salle comble, Eric Zemmour a indiqu\u00e9, lors d&rsquo;un point presse, que, sur la forme, il souhaite l&rsquo;annonce de sa candidature \u00absuffisamment efficace, pertinente, percutante, pour que des millions et des millions de gens comprennent ce que je veux dire\u00bb et \u00abfaire\u00bb.<\/p>\n\n\n\n<p>Sur la date de cette annonce, le pol\u00e9miste a indiqu\u00e9 que les m\u00e9dias seraient \u00abavertis suffisamment en avance\u00bb. Toutefois, l&rsquo;annonce de la candidature elle-m\u00eame ne devrait pas avoir lieu au meeting, mais avant celui-ci, selon la source proche sur laquelle s&rsquo;appuie l&rsquo;AFP.<\/p>\n\n\n\n<p>La venue d&rsquo;Eric Zemmour \u00e0 Bordeaux ce vendredi semble avoir quoi qu&rsquo;il en soit constitu\u00e9 une d\u00e9monstration de force alors que plusieurs centaines de personnes n&rsquo;ont pu acc\u00e9der au Palais des congr\u00e8s, faute de place.<\/p>\n\n\n\n<p>Cette derni\u00e8re conf\u00e9rence a aussi, d&rsquo;une certaine mani\u00e8re, \u00e9tabli une r\u00e9ponse aux deux derniers sondages qui placent le pol\u00e9miste aux alentours de 14%, en baisse de 1,5 \u00e0 2 points. Un premier recul depuis la rentr\u00e9e tr\u00e8s remarqu\u00e9.<\/p>\n","protected":false},"excerpt":{"rendered":"<p>On envisage un premier meeting de campagne au mois de d\u00e9cembre\u00bb, a ainsi affirm\u00e9 l&rsquo;entourage d&rsquo;Eric Zemmour aupr\u00e8s de l&rsquo;AFP, \u00e9voquant plusieurs salles pour cette r\u00e9union publique, comme le Z\u00e9nith de Paris, d&rsquo;une capacit\u00e9 de pr\u00e8s de 7.000 places. Une autre source proche de l&rsquo;essayiste a quant \u00e0 elle assur\u00e9 que ce dernier sera au [&hellip;]<\/p>\n","protected":false},"author":2,"featured_media":19450,"comment_status":"open","ping_status":"open","sticky":false,"template":"","format":"standard","meta":{"_jetpack_memberships_contains_paid_content":false,"footnotes":"","jetpack_publicize_message":"","jetpack_publicize_feature_enabled":true,"jetpack_social_post_already_shared":true,"jetpack_social_options":{"image_generator_settings":{"template":"highway","default_image_id":0,"font":"","enabled":false},"version":2},"_wpas_customize_per_network":false},"categories":[405],"tags":[],"class_list":["post-19449","post","type-post","status-publish","format-standard","has-post-thumbnail","hentry","category-actu-france-monde"],"jetpack_publicize_connections":[],"jetpack_featured_media_url":"https:\/\/i0.wp.com\/www.iceagetv.com\/radiosite\/wp-content\/uploads\/2021\/11\/Confidentiel-Eric-Zemmour.jpg?fit=679%2C293&ssl=1","jetpack_sharing_enabled":true,"_links":{"self":[{"href":"https:\/\/www.iceagetv.com\/radiosite\/wp-json\/wp\/v2\/posts\/19449","targetHints":{"allow":["GET"]}}],"collection":[{"href":"https:\/\/www.iceagetv.com\/radiosite\/wp-json\/wp\/v2\/posts"}],"about":[{"href":"https:\/\/www.iceagetv.com\/radiosite\/wp-json\/wp\/v2\/types\/post"}],"author":[{"embeddable":true,"href":"https:\/\/www.iceagetv.com\/radiosite\/wp-json\/wp\/v2\/users\/2"}],"replies":[{"embeddable":true,"href":"https:\/\/www.iceagetv.com\/radiosite\/wp-json\/wp\/v2\/comments?post=19449"}],"version-history":[{"count":1,"href":"https:\/\/www.iceagetv.com\/radiosite\/wp-json\/wp\/v2\/posts\/19449\/revisions"}],"predecessor-version":[{"id":19451,"href":"https:\/\/www.iceagetv.com\/radiosite\/wp-json\/wp\/v2\/posts\/19449\/revisions\/19451"}],"wp:featuredmedia":[{"embeddable":true,"href":"https:\/\/www.iceagetv.com\/radiosite\/wp-json\/wp\/v2\/media\/19450"}],"wp:attachment":[{"href":"https:\/\/www.iceagetv.com\/radiosite\/wp-json\/wp\/v2\/media?parent=19449"}],"wp:term":[{"taxonomy":"category","embeddable":true,"href":"https:\/\/www.iceagetv.com\/radiosite\/wp-json\/wp\/v2\/categories?post=19449"},{"taxonomy":"post_tag","embeddable":true,"href":"https:\/\/www.iceagetv.com\/radiosite\/wp-json\/wp\/v2\/tags?post=19449"}],"curies":[{"name":"wp","href":"https:\/\/api.w.org\/{rel}","templated":true}]}}