{"id":19456,"date":"2021-11-14T10:03:59","date_gmt":"2021-11-14T10:03:59","guid":{"rendered":"http:\/\/www.iceagetv.com\/radiosite\/?p=19456"},"modified":"2021-11-14T10:03:59","modified_gmt":"2021-11-14T10:03:59","slug":"la-reine-elizabeth-ii-nassistera-finalement-pas-a-une-ceremonie-officielle-prevue-aujourdhui-pour-raison-de-sante-annonce-le-palais-de-buckingham","status":"publish","type":"post","link":"https:\/\/www.iceagetv.com\/radiosite\/la-reine-elizabeth-ii-nassistera-finalement-pas-a-une-ceremonie-officielle-prevue-aujourdhui-pour-raison-de-sante-annonce-le-palais-de-buckingham\/","title":{"rendered":"La reine Elizabeth II n&rsquo;assistera finalement pas \u00e0 une c\u00e9r\u00e9monie officielle pr\u00e9vue aujourd&rsquo;hui pour raison de sant\u00e9, annonce le palais de Buckingham"},"content":{"rendered":"\n<p>Elizabeth II, 95 ans, n&rsquo;assistera pas \u00e0 une c\u00e9r\u00e9monie officielle \u00e0 Londres aujourd&rsquo;hui comme elle comptait le faire, en raison de son \u00e9tat de sant\u00e9, a annonc\u00e9 le palais de Buckingham.&nbsp;\u00ab\u00a0La reine, s&rsquo;\u00e9tant fait mal au dos, a d\u00e9cid\u00e9 qu&rsquo;elle ne pourra pas assister au service du Dimanche du Souvenir d&rsquo;aujourd&rsquo;hui au C\u00e9notaphe. Sa Majest\u00e9 est d\u00e9\u00e7ue de manquer la c\u00e9r\u00e9monie\u00a0\u00bb, a indiqu\u00e9 le palais dans un communiqu\u00e9.<\/p>\n\n\n\n<p>Le palais de Buckingham avait indiqu\u00e9 jeudi que la monarque avait la&nbsp;\u00ab\u00a0ferme intention\u00a0\u00bb&nbsp;de participer \u00e0 cette c\u00e9r\u00e9monie en hommage aux victimes des guerres, apr\u00e8s avoir d\u00fb renoncer \u00e0 participer \u00e0 plusieurs \u00e9v\u00e9nements ces derni\u00e8res semaines sur le conseil de ses m\u00e9decins. Elle devait y assister depuis le balcon du minist\u00e8re des Affaires \u00e9trang\u00e8res.<\/p>\n\n\n\n<p>Son fils le prince Charles, h\u00e9ritier du tr\u00f4ne, qui f\u00eate ce dimanche ses 73 ans, d\u00e9posera une gerbe au nom de sa m\u00e8re au C\u00e9notaphe, un monument aux morts situ\u00e9 dans le centre de Londres, comme il le fait depuis 2017. C&rsquo;est \u00e0 cette date qu&rsquo;Elizabeth II a commenc\u00e9 \u00e0 confier certaines de ses fonctions \u00e0 d&rsquo;autres membres de la famille royale.<\/p>\n\n\n\n<p>Cette annulation risque de raviver les inqui\u00e9tudes des Britanniques sur l&rsquo;\u00e9tat de sant\u00e9 de la reine, qui a pass\u00e9 une nuit \u00e0 l&rsquo;h\u00f4pital le mois dernier apr\u00e8s avoir subi des tests m\u00e9dicaux.<\/p>\n\n\n\n<p>Sur les conseils de ses m\u00e9decins, la reine a apr\u00e8s cette br\u00e8ve hospitalisation \u00e9t\u00e9 pri\u00e9e de se reposer et son agenda a \u00e9t\u00e9 fortement all\u00e9g\u00e9: Elizabeth II a notamment annul\u00e9 son d\u00e9placement \u00e0 la COP26, \u00e0 Glasgow (Ecosse), o\u00f9 les princes Charles et William ont repr\u00e9sent\u00e9 la famille royale.<\/p>\n\n\n\n<p>Elle a aussi d\u00fb renoncer \u00e0 un voyage de deux jours en Irlande du Nord.<\/p>\n","protected":false},"excerpt":{"rendered":"<p>Elizabeth II, 95 ans, n&rsquo;assistera pas \u00e0 une c\u00e9r\u00e9monie officielle \u00e0 Londres aujourd&rsquo;hui comme elle comptait le faire, en raison de son \u00e9tat de sant\u00e9, a annonc\u00e9 le palais de Buckingham.&nbsp;\u00ab\u00a0La reine, s&rsquo;\u00e9tant fait mal au dos, a d\u00e9cid\u00e9 qu&rsquo;elle ne pourra pas assister au service du Dimanche du Souvenir d&rsquo;aujourd&rsquo;hui au C\u00e9notaphe. Sa Majest\u00e9 [&hellip;]<\/p>\n","protected":false},"author":2,"featured_media":19457,"comment_status":"open","ping_status":"open","sticky":false,"template":"","format":"standard","meta":{"_jetpack_memberships_contains_paid_content":false,"footnotes":"","jetpack_publicize_message":"","jetpack_publicize_feature_enabled":true,"jetpack_social_post_already_shared":true,"jetpack_social_options":{"image_generator_settings":{"template":"highway","default_image_id":0,"font":"","enabled":false},"version":2},"_wpas_customize_per_network":false},"categories":[405],"tags":[],"class_list":["post-19456","post","type-post","status-publish","format-standard","has-post-thumbnail","hentry","category-actu-france-monde"],"jetpack_publicize_connections":[],"jetpack_featured_media_url":"https:\/\/i0.wp.com\/www.iceagetv.com\/radiosite\/wp-content\/uploads\/2021\/11\/La-reine-Elizabeth-II-nassistera-finalement-pas-%C3%A0-une-c%C3%A9r%C3%A9monie-officielle.png?fit=593%2C265&ssl=1","jetpack_sharing_enabled":true,"_links":{"self":[{"href":"https:\/\/www.iceagetv.com\/radiosite\/wp-json\/wp\/v2\/posts\/19456","targetHints":{"allow":["GET"]}}],"collection":[{"href":"https:\/\/www.iceagetv.com\/radiosite\/wp-json\/wp\/v2\/posts"}],"about":[{"href":"https:\/\/www.iceagetv.com\/radiosite\/wp-json\/wp\/v2\/types\/post"}],"author":[{"embeddable":true,"href":"https:\/\/www.iceagetv.com\/radiosite\/wp-json\/wp\/v2\/users\/2"}],"replies":[{"embeddable":true,"href":"https:\/\/www.iceagetv.com\/radiosite\/wp-json\/wp\/v2\/comments?post=19456"}],"version-history":[{"count":1,"href":"https:\/\/www.iceagetv.com\/radiosite\/wp-json\/wp\/v2\/posts\/19456\/revisions"}],"predecessor-version":[{"id":19458,"href":"https:\/\/www.iceagetv.com\/radiosite\/wp-json\/wp\/v2\/posts\/19456\/revisions\/19458"}],"wp:featuredmedia":[{"embeddable":true,"href":"https:\/\/www.iceagetv.com\/radiosite\/wp-json\/wp\/v2\/media\/19457"}],"wp:attachment":[{"href":"https:\/\/www.iceagetv.com\/radiosite\/wp-json\/wp\/v2\/media?parent=19456"}],"wp:term":[{"taxonomy":"category","embeddable":true,"href":"https:\/\/www.iceagetv.com\/radiosite\/wp-json\/wp\/v2\/categories?post=19456"},{"taxonomy":"post_tag","embeddable":true,"href":"https:\/\/www.iceagetv.com\/radiosite\/wp-json\/wp\/v2\/tags?post=19456"}],"curies":[{"name":"wp","href":"https:\/\/api.w.org\/{rel}","templated":true}]}}