{"id":19459,"date":"2021-11-14T13:06:30","date_gmt":"2021-11-14T13:06:30","guid":{"rendered":"http:\/\/www.iceagetv.com\/radiosite\/?p=19459"},"modified":"2021-11-14T13:06:30","modified_gmt":"2021-11-14T13:06:30","slug":"autriche-les-personnes-non-vaccinees-contre-le-covid-19-confinees-a-partir-de-lundi-annonce-le-chancelier","status":"publish","type":"post","link":"https:\/\/www.iceagetv.com\/radiosite\/autriche-les-personnes-non-vaccinees-contre-le-covid-19-confinees-a-partir-de-lundi-annonce-le-chancelier\/","title":{"rendered":"Autriche : les personnes non vaccin\u00e9es contre le Covid-19 confin\u00e9es \u00e0 partir de lundi, annonce le chancelier"},"content":{"rendered":"\n<p> Environ 65% de la population autrichienne\u00a0est compl\u00e8tement vaccin\u00e9e contre le Covid-19, l\u2019un des taux les plus bas d\u2019Europe occidentale. <\/p>\n\n\n\n<p>L&rsquo;Autriche oblig\u00e9e de r\u00e9agir.&nbsp;Face&nbsp;\u00e0 la cinqui\u00e8me vague et pour endiguer le nombre record de nouveaux cas de&nbsp;<a href=\"https:\/\/www.francetvinfo.fr\/sante\/maladie\/coronavirus\/\">Covid-19<\/a>, le chancelier&nbsp;Alexander Schallenberg a annonc\u00e9 dimanche 14 novembre que les personnes non vaccin\u00e9es ou non gu\u00e9ries devraient se confiner \u00e0 partir de lundi.&nbsp;<em>\u00ab\u00a0La situation est grave (&#8230;). Nous ne prenons pas cette mesure le c\u0153ur l\u00e9ger mais malheureusement elle est n\u00e9cessaire\u00a0\u00bb<\/em>, a-t-il d\u00e9clar\u00e9 lors d&rsquo;une conf\u00e9rence de presse \u00e0 Vienne,&nbsp;alors que plus de 13 000 nouveaux cas ont \u00e9t\u00e9 enregistr\u00e9s samedi.<\/p>\n\n\n\n<p>Environ 65% de la population&nbsp;a re\u00e7u les deux doses de vaccin dans le pays, ce qui est inf\u00e9rieur \u00e0 la moyenne europ\u00e9enne de 67% et loin de pays comme l&rsquo;Espagne (79%) ou la France (75%). Le chancelier lui-m\u00eame&nbsp;avait qualifi\u00e9 ce taux de&nbsp;<em>\u00ab\u00a0honteusement bas\u00a0\u00bb<\/em>, quand il avait fait \u00e9tat de ce projet de confinement vendredi.&nbsp;Concr\u00e8tement, les personnes concern\u00e9es n&rsquo;auront pas le droit de quitter leur domicile sauf pour faire leurs courses, du sport ou pour des soins m\u00e9dicaux.<\/p>\n\n\n\n<p>La mesure s&rsquo;applique \u00e0 partir de l&rsquo;\u00e2ge de 12 ans. Des contr\u00f4les inopin\u00e9s seront effectu\u00e9s.&nbsp;Le gouvernement \u00e9valuera l&rsquo;effet de ces restrictions dans 10 jours, a pr\u00e9cis\u00e9 dimanche le ministre de la Sant\u00e9 Wolfgang M\u00fcckstein. Il a appell\u00e9 les r\u00e9fractaires \u00e0 se faire vacciner au plus vite.&nbsp;Le Parlement doit approuver dans la soir\u00e9e la mesure.&nbsp;<\/p>\n\n\n\n<p><\/p>\n","protected":false},"excerpt":{"rendered":"<p>Environ 65% de la population autrichienne\u00a0est compl\u00e8tement vaccin\u00e9e contre le Covid-19, l\u2019un des taux les plus bas d\u2019Europe occidentale. L&rsquo;Autriche oblig\u00e9e de r\u00e9agir.&nbsp;Face&nbsp;\u00e0 la cinqui\u00e8me vague et pour endiguer le nombre record de nouveaux cas de&nbsp;Covid-19, le chancelier&nbsp;Alexander Schallenberg a annonc\u00e9 dimanche 14 novembre que les personnes non vaccin\u00e9es ou non gu\u00e9ries devraient se confiner [&hellip;]<\/p>\n","protected":false},"author":2,"featured_media":19460,"comment_status":"open","ping_status":"open","sticky":false,"template":"","format":"standard","meta":{"_jetpack_memberships_contains_paid_content":false,"footnotes":"","jetpack_publicize_message":"","jetpack_publicize_feature_enabled":true,"jetpack_social_post_already_shared":true,"jetpack_social_options":{"image_generator_settings":{"template":"highway","default_image_id":0,"font":"","enabled":false},"version":2},"_wpas_customize_per_network":false},"categories":[405],"tags":[2989],"class_list":["post-19459","post","type-post","status-publish","format-standard","has-post-thumbnail","hentry","category-actu-france-monde","tag-les-personnes-non-vaccinees-contre-le-covid-19-confinees-a-partir-de-lundi"],"jetpack_publicize_connections":[],"jetpack_featured_media_url":"https:\/\/i0.wp.com\/www.iceagetv.com\/radiosite\/wp-content\/uploads\/2021\/11\/les-personnes-non-vaccin%C3%A9es-contre-le-Covid-19-confin%C3%A9es-%C3%A0-partir-de-lundi-annonce-le-chancelier.png?fit=833%2C504&ssl=1","jetpack_sharing_enabled":true,"_links":{"self":[{"href":"https:\/\/www.iceagetv.com\/radiosite\/wp-json\/wp\/v2\/posts\/19459","targetHints":{"allow":["GET"]}}],"collection":[{"href":"https:\/\/www.iceagetv.com\/radiosite\/wp-json\/wp\/v2\/posts"}],"about":[{"href":"https:\/\/www.iceagetv.com\/radiosite\/wp-json\/wp\/v2\/types\/post"}],"author":[{"embeddable":true,"href":"https:\/\/www.iceagetv.com\/radiosite\/wp-json\/wp\/v2\/users\/2"}],"replies":[{"embeddable":true,"href":"https:\/\/www.iceagetv.com\/radiosite\/wp-json\/wp\/v2\/comments?post=19459"}],"version-history":[{"count":1,"href":"https:\/\/www.iceagetv.com\/radiosite\/wp-json\/wp\/v2\/posts\/19459\/revisions"}],"predecessor-version":[{"id":19461,"href":"https:\/\/www.iceagetv.com\/radiosite\/wp-json\/wp\/v2\/posts\/19459\/revisions\/19461"}],"wp:featuredmedia":[{"embeddable":true,"href":"https:\/\/www.iceagetv.com\/radiosite\/wp-json\/wp\/v2\/media\/19460"}],"wp:attachment":[{"href":"https:\/\/www.iceagetv.com\/radiosite\/wp-json\/wp\/v2\/media?parent=19459"}],"wp:term":[{"taxonomy":"category","embeddable":true,"href":"https:\/\/www.iceagetv.com\/radiosite\/wp-json\/wp\/v2\/categories?post=19459"},{"taxonomy":"post_tag","embeddable":true,"href":"https:\/\/www.iceagetv.com\/radiosite\/wp-json\/wp\/v2\/tags?post=19459"}],"curies":[{"name":"wp","href":"https:\/\/api.w.org\/{rel}","templated":true}]}}