{"id":19462,"date":"2021-11-14T15:33:33","date_gmt":"2021-11-14T15:33:33","guid":{"rendered":"http:\/\/www.iceagetv.com\/radiosite\/?p=19462"},"modified":"2021-11-14T15:33:33","modified_gmt":"2021-11-14T15:33:33","slug":"reforme-des-retraites-elisabeth-borne-confirme-quun-systeme-par-points-nest-plus-envisage-par-emmanuel-macron","status":"publish","type":"post","link":"https:\/\/www.iceagetv.com\/radiosite\/reforme-des-retraites-elisabeth-borne-confirme-quun-systeme-par-points-nest-plus-envisage-par-emmanuel-macron\/","title":{"rendered":"R\u00e9forme des retraites : Elisabeth Borne confirme qu\u2019un syst\u00e8me par points n\u2019est plus envisag\u00e9 par Emmanuel Macron"},"content":{"rendered":"\n<p>Le syst\u00e8me d\u2019une&nbsp;<a href=\"https:\/\/www.20minutes.fr\/dossier\/retraite\">retraite<\/a>&nbsp;par points \u00ab&nbsp;a pu cr\u00e9er de l\u2019inqui\u00e9tude&nbsp;\u00bb et il est \u00ab&nbsp;peut-\u00eatre pr\u00e9f\u00e9rable&nbsp;\u00bb de faire la r\u00e9forme diff\u00e9remment, a admis dimanche&nbsp;<a href=\"https:\/\/www.20minutes.fr\/politique\/elisabeth-borne\/\">\u00c9lisabeth Borne<\/a>&nbsp;sur BFMTV, confirmant ainsi indirectement qu&rsquo;&nbsp;<a href=\"https:\/\/www.20minutes.fr\/politique\/emmanuel-macron\/\">Emmanuel Macron<\/a>&nbsp;ne l\u2019envisageait plus pour un deuxi\u00e8me quinquennat. Lors de son allocution mardi, le pr\u00e9sident avait d\u00e9j\u00e0 annonc\u00e9 que \u00ab&nbsp;les conditions ne sont pas r\u00e9unies&nbsp;\u00bb pour relancer le chantier de la&nbsp;<a href=\"https:\/\/www.20minutes.fr\/dossier\/reforme_des_retraites\">r\u00e9forme des retraites<\/a>, renvoy\u00e9e \u00e0 2022 et un \u00e9ventuel second mandat.<\/p>\n\n\n\n<p>Mais il n\u2019a plus \u00e9voqu\u00e9 l\u2019instauration d\u2019un syst\u00e8me \u00e0 points, th\u00e8me cl\u00e9 de son projet de r\u00e9forme de 2017. Il s\u2019agit d\u00e9sormais selon lui de \u00ab\u00a0repousser l\u2019\u00e2ge l\u00e9gal\u00a0\u00bb, \u00ab\u00a0supprimer les r\u00e9gimes sp\u00e9ciaux en harmonisant les r\u00e8gles entre public et priv\u00e9\u00a0\u00bb, \u00ab\u00a0d\u2019encourager le travail au-del\u00e0 de l\u2019\u00e2ge l\u00e9gal\u00a0\u00bb et de \u00ab\u00a0faire en sorte qu\u2019au terme d\u2019une carri\u00e8re compl\u00e8te, aucune pension ne puisse \u00eatre inf\u00e9rieure \u00e0 1.000 euros\u00a0\u00bb.<\/p>\n\n\n\n<p>Dans le syst\u00e8me de retraite universel vot\u00e9 en premi\u00e8re lecture par l\u2019Assembl\u00e9e nationale avant la crise du Covid, le montant de la retraite devait d\u00e9pendre d\u2019un nombre de points accumul\u00e9s tout au long de la carri\u00e8re professionnelle et non plus de la dur\u00e9e de cotisation (en trimestres) et du&nbsp;<a href=\"https:\/\/www.20minutes.fr\/dossier\/salaire\">salaire de r\u00e9f\u00e9rence<\/a>&nbsp;(25 meilleures ann\u00e9es dans le priv\u00e9, 6 derniers mois dans le public).<\/p>\n\n\n\n<p>Pour parvenir \u00e0 la prise en compte de l\u2019ensemble d\u2019une dur\u00e9e d\u2019activit\u00e9, \u00ab&nbsp;il y a d\u2019autres fa\u00e7ons de le faire (que le syst\u00e8me par points) et peut-\u00eatre que c\u2019est pr\u00e9f\u00e9rable&nbsp;\u00bb, a jug\u00e9 la ministre du&nbsp;<a href=\"https:\/\/www.20minutes.fr\/dossier\/travail\">Travail<\/a>. Le syst\u00e8me par points \u00e9tait largement critiqu\u00e9 par l\u2019ensemble des&nbsp;<a href=\"https:\/\/www.20minutes.fr\/dossier\/syndicat\">syndicats<\/a>, \u00e0 l\u2019exception de la CFDT.<\/p>\n\n\n\n<p><\/p>\n","protected":false},"excerpt":{"rendered":"<p>Le syst\u00e8me d\u2019une&nbsp;retraite&nbsp;par points \u00ab&nbsp;a pu cr\u00e9er de l\u2019inqui\u00e9tude&nbsp;\u00bb et il est \u00ab&nbsp;peut-\u00eatre pr\u00e9f\u00e9rable&nbsp;\u00bb de faire la r\u00e9forme diff\u00e9remment, a admis dimanche&nbsp;\u00c9lisabeth Borne&nbsp;sur BFMTV, confirmant ainsi indirectement qu&rsquo;&nbsp;Emmanuel Macron&nbsp;ne l\u2019envisageait plus pour un deuxi\u00e8me quinquennat. Lors de son allocution mardi, le pr\u00e9sident avait d\u00e9j\u00e0 annonc\u00e9 que \u00ab&nbsp;les conditions ne sont pas r\u00e9unies&nbsp;\u00bb pour relancer le [&hellip;]<\/p>\n","protected":false},"author":2,"featured_media":19463,"comment_status":"open","ping_status":"open","sticky":false,"template":"","format":"standard","meta":{"_jetpack_memberships_contains_paid_content":false,"footnotes":"","jetpack_publicize_message":"","jetpack_publicize_feature_enabled":true,"jetpack_social_post_already_shared":true,"jetpack_social_options":{"image_generator_settings":{"template":"highway","default_image_id":0,"font":"","enabled":false},"version":2},"_wpas_customize_per_network":false},"categories":[405],"tags":[],"class_list":["post-19462","post","type-post","status-publish","format-standard","has-post-thumbnail","hentry","category-actu-france-monde"],"jetpack_publicize_connections":[],"jetpack_featured_media_url":"https:\/\/i0.wp.com\/www.iceagetv.com\/radiosite\/wp-content\/uploads\/2021\/11\/R%C3%A9forme-des-retraites.jpg?fit=640%2C410&ssl=1","jetpack_sharing_enabled":true,"_links":{"self":[{"href":"https:\/\/www.iceagetv.com\/radiosite\/wp-json\/wp\/v2\/posts\/19462","targetHints":{"allow":["GET"]}}],"collection":[{"href":"https:\/\/www.iceagetv.com\/radiosite\/wp-json\/wp\/v2\/posts"}],"about":[{"href":"https:\/\/www.iceagetv.com\/radiosite\/wp-json\/wp\/v2\/types\/post"}],"author":[{"embeddable":true,"href":"https:\/\/www.iceagetv.com\/radiosite\/wp-json\/wp\/v2\/users\/2"}],"replies":[{"embeddable":true,"href":"https:\/\/www.iceagetv.com\/radiosite\/wp-json\/wp\/v2\/comments?post=19462"}],"version-history":[{"count":1,"href":"https:\/\/www.iceagetv.com\/radiosite\/wp-json\/wp\/v2\/posts\/19462\/revisions"}],"predecessor-version":[{"id":19464,"href":"https:\/\/www.iceagetv.com\/radiosite\/wp-json\/wp\/v2\/posts\/19462\/revisions\/19464"}],"wp:featuredmedia":[{"embeddable":true,"href":"https:\/\/www.iceagetv.com\/radiosite\/wp-json\/wp\/v2\/media\/19463"}],"wp:attachment":[{"href":"https:\/\/www.iceagetv.com\/radiosite\/wp-json\/wp\/v2\/media?parent=19462"}],"wp:term":[{"taxonomy":"category","embeddable":true,"href":"https:\/\/www.iceagetv.com\/radiosite\/wp-json\/wp\/v2\/categories?post=19462"},{"taxonomy":"post_tag","embeddable":true,"href":"https:\/\/www.iceagetv.com\/radiosite\/wp-json\/wp\/v2\/tags?post=19462"}],"curies":[{"name":"wp","href":"https:\/\/api.w.org\/{rel}","templated":true}]}}