{"id":19466,"date":"2021-11-15T16:48:42","date_gmt":"2021-11-15T16:48:42","guid":{"rendered":"http:\/\/www.iceagetv.com\/radiosite\/?p=19466"},"modified":"2021-11-15T16:48:42","modified_gmt":"2021-11-15T16:48:42","slug":"jean-luc-melenchon-a-depose-plainte-apres-des-menaces-de-mort-sur-un-groupe-telegram-dextreme-droite-apres-la-publication-de-portraits-ou-il-est-vise-par-une-arme-a-feu-sur-le-front","status":"publish","type":"post","link":"https:\/\/www.iceagetv.com\/radiosite\/jean-luc-melenchon-a-depose-plainte-apres-des-menaces-de-mort-sur-un-groupe-telegram-dextreme-droite-apres-la-publication-de-portraits-ou-il-est-vise-par-une-arme-a-feu-sur-le-front\/","title":{"rendered":"Jean-Luc M\u00e9lenchon a d\u00e9pos\u00e9 plainte apr\u00e8s des menaces de mort sur un groupe Telegram d&rsquo;extr\u00eame droite apr\u00e8s la publication de portraits o\u00f9 il est vis\u00e9 par une arme \u00e0 feu sur le front"},"content":{"rendered":"\n<p>Jean-Luc M\u00e9lenchon&nbsp;a d\u00e9pos\u00e9 plainte contre X aujourd&rsquo;hui apr\u00e8s pour&nbsp;\u00ab\u00a0menaces de mort\u00a0\u00bb&nbsp;et&nbsp;\u00ab\u00a0provocation \u00e0 commettre des infractions non suivies d&rsquo;effet\u00a0\u00bb, indique son avocat Ari\u00e9 Alimi \u00e0&nbsp;<a href=\"https:\/\/www.francetvinfo.fr\/economie\/emploi\/metiers\/droit-et-justice\/jean-luc-melenchon-a-depose-plainte-apres-des-menaces-de-mort-sur-une-boucle-telegram-d-extreme-droite_4845905.html\" target=\"_blank\" rel=\"noreferrer noopener\">franceinfo<\/a>, confirmant&nbsp;une information de StreetPress.<\/p>\n\n\n\n<p>C&rsquo;est sur le canal Telegram d&rsquo;extr\u00eame droite&nbsp;\u00ab\u00a0Les Vilains Fachos 2.0\u00a0\u00bb&nbsp;que d\u00e9but novembre, neuf portraits, dont celui de Jean-Luc M\u00e9lenchon, ont \u00e9t\u00e9 vis\u00e9s par une arme \u00e0 feu sur le front. Etaient \u00e9galement vis\u00e9s par ces menaces la d\u00e9put\u00e9e LFI Dani\u00e8le Obono, les journalistes du M\u00e9dia Taha Bouhafs et de StreetPress Mathieu Molard.<\/p>\n\n\n\n<p>Un appel \u00e0&nbsp;\u00ab\u00a0viser la cible avec des fl\u00e9chettes\u00a0\u00bb apparaissait \u00e9galement, m\u00eame si&nbsp;\u00ab\u00a0certains peuvent \u00eatre tent\u00e9s d&rsquo;utiliser des armes \u00e0 feu sur ces cibles\u00a0\u00bb, avant de conclure :&nbsp;\u00ab\u00a0Rappelez-vous de soutenir le Z\u00a0\u00bb, faisant r\u00e9f\u00e9rence \u00e0 la probable candidature d&rsquo;\u00c9ric Zemmour&nbsp;\u00e0 la prochaine \u00e9lection pr\u00e9sidentielle.&nbsp;<\/p>\n\n\n\n<p>\u00ab\u00a0Ces menaces racistes de l&rsquo;extr\u00eame droite sont de plus en plus inqui\u00e9tantes\u00a0\u00bb, d\u00e9clare \u00e0&nbsp;<a href=\"https:\/\/www.francetvinfo.fr\/economie\/emploi\/metiers\/droit-et-justice\/jean-luc-melenchon-a-depose-plainte-apres-des-menaces-de-mort-sur-une-boucle-telegram-d-extreme-droite_4845905.html\" target=\"_blank\" rel=\"noreferrer noopener\">franceinfo<\/a>&nbsp;l&rsquo;avocat de Jean-Luc M\u00e9lenchon et de Taha Bouhafs Ari\u00e9 Alimi.&nbsp;\u00ab\u00a0Ce qui est \u00e9galement inqui\u00e9tant est l&rsquo;inaction du minist\u00e8re public et du minist\u00e8re de l&rsquo;int\u00e9rieur dans ces menaces physiques et racistes. L&rsquo;absence de r\u00e9action&nbsp;favorise toujours le passage \u00e0 l&rsquo;acte\u00a0\u00bb, conclut-il.<\/p>\n","protected":false},"excerpt":{"rendered":"<p>Jean-Luc M\u00e9lenchon&nbsp;a d\u00e9pos\u00e9 plainte contre X aujourd&rsquo;hui apr\u00e8s pour&nbsp;\u00ab\u00a0menaces de mort\u00a0\u00bb&nbsp;et&nbsp;\u00ab\u00a0provocation \u00e0 commettre des infractions non suivies d&rsquo;effet\u00a0\u00bb, indique son avocat Ari\u00e9 Alimi \u00e0&nbsp;franceinfo, confirmant&nbsp;une information de StreetPress. C&rsquo;est sur le canal Telegram d&rsquo;extr\u00eame droite&nbsp;\u00ab\u00a0Les Vilains Fachos 2.0\u00a0\u00bb&nbsp;que d\u00e9but novembre, neuf portraits, dont celui de Jean-Luc M\u00e9lenchon, ont \u00e9t\u00e9 vis\u00e9s par une arme \u00e0 feu [&hellip;]<\/p>\n","protected":false},"author":2,"featured_media":19467,"comment_status":"open","ping_status":"open","sticky":false,"template":"","format":"standard","meta":{"_jetpack_memberships_contains_paid_content":false,"footnotes":"","jetpack_publicize_message":"","jetpack_publicize_feature_enabled":true,"jetpack_social_post_already_shared":true,"jetpack_social_options":{"image_generator_settings":{"template":"highway","default_image_id":0,"font":"","enabled":false},"version":2},"_wpas_customize_per_network":false},"categories":[405],"tags":[],"class_list":["post-19466","post","type-post","status-publish","format-standard","has-post-thumbnail","hentry","category-actu-france-monde"],"jetpack_publicize_connections":[],"jetpack_featured_media_url":"https:\/\/i0.wp.com\/www.iceagetv.com\/radiosite\/wp-content\/uploads\/2021\/11\/Jean-Luc-M%C3%A9lenchon-annonce-le-d%C3%A9p%C3%B4t-d%E2%80%99une-plainte-apr%C3%A8s-la-diffusion-d%E2%80%99une-vid%C3%A9o-simulant-le-meurtre-d%E2%80%99un-%C3%A9lecteur-de-LFI.png?fit=567%2C255&ssl=1","jetpack_sharing_enabled":true,"_links":{"self":[{"href":"https:\/\/www.iceagetv.com\/radiosite\/wp-json\/wp\/v2\/posts\/19466","targetHints":{"allow":["GET"]}}],"collection":[{"href":"https:\/\/www.iceagetv.com\/radiosite\/wp-json\/wp\/v2\/posts"}],"about":[{"href":"https:\/\/www.iceagetv.com\/radiosite\/wp-json\/wp\/v2\/types\/post"}],"author":[{"embeddable":true,"href":"https:\/\/www.iceagetv.com\/radiosite\/wp-json\/wp\/v2\/users\/2"}],"replies":[{"embeddable":true,"href":"https:\/\/www.iceagetv.com\/radiosite\/wp-json\/wp\/v2\/comments?post=19466"}],"version-history":[{"count":1,"href":"https:\/\/www.iceagetv.com\/radiosite\/wp-json\/wp\/v2\/posts\/19466\/revisions"}],"predecessor-version":[{"id":19468,"href":"https:\/\/www.iceagetv.com\/radiosite\/wp-json\/wp\/v2\/posts\/19466\/revisions\/19468"}],"wp:featuredmedia":[{"embeddable":true,"href":"https:\/\/www.iceagetv.com\/radiosite\/wp-json\/wp\/v2\/media\/19467"}],"wp:attachment":[{"href":"https:\/\/www.iceagetv.com\/radiosite\/wp-json\/wp\/v2\/media?parent=19466"}],"wp:term":[{"taxonomy":"category","embeddable":true,"href":"https:\/\/www.iceagetv.com\/radiosite\/wp-json\/wp\/v2\/categories?post=19466"},{"taxonomy":"post_tag","embeddable":true,"href":"https:\/\/www.iceagetv.com\/radiosite\/wp-json\/wp\/v2\/tags?post=19466"}],"curies":[{"name":"wp","href":"https:\/\/api.w.org\/{rel}","templated":true}]}}