{"id":19484,"date":"2021-11-17T14:05:30","date_gmt":"2021-11-17T14:05:30","guid":{"rendered":"http:\/\/www.iceagetv.com\/radiosite\/?p=19484"},"modified":"2021-11-17T14:05:30","modified_gmt":"2021-11-17T14:05:30","slug":"dans-sa-selection-de-nouveaux-mots-le-dictionnaire-le-petit-robert-declenche-de-vives-reactions-en-integrant-le-neo-pronom-neutre-iel-contradiction-de-il-et-de-elle","status":"publish","type":"post","link":"https:\/\/www.iceagetv.com\/radiosite\/dans-sa-selection-de-nouveaux-mots-le-dictionnaire-le-petit-robert-declenche-de-vives-reactions-en-integrant-le-neo-pronom-neutre-iel-contradiction-de-il-et-de-elle\/","title":{"rendered":"Dans sa s\u00e9lection de nouveaux mots, le dictionnaire Le Petit Robert d\u00e9clenche de vives r\u00e9actions en int\u00e9grant le n\u00e9o-pronom neutre \u00ab\u00a0Iel\u00a0\u00bb, contradiction de \u00ab\u00a0il\u00a0\u00bb et de \u00ab\u00a0elle\u00a0\u00bb"},"content":{"rendered":"\n<p>\n\nDans sa s\u00e9lection de nouveaux mots, le dictionnaire \u00abLe Petit Robert\u00bb a d\u00e9cid\u00e9 d&rsquo;int\u00e9grer le n\u00e9o-pronom neutre \u00abIel\u00bb, contradiction de \u00abil\u00bb et de \u00abelle\u00bb. Un choix qui a fait bondir certains politiques, dont le ministre de l&rsquo;Education nationale.<\/p>\n\n\n\n<p>\u00abC&rsquo;est un pronom personnel sujet de la troisi\u00e8me personne du singulier et du pluriel, employ\u00e9 pour \u00e9voquer une personne quel que soit son genre. L&rsquo;usage du pronom iel dans la communication inclusive\u00bb, a expliqu\u00e9 Le Petit Robert.<\/p>\n\n\n\n<p>Chaque mois, les lexicographes du dictionnaire y ajoutent des mots et expressions. Si \u00abantivax\u00bb ou \u00abpasse sanitaire\u00bb n&rsquo;ont pas fait r\u00e9agir, le nouveau pronom \u00e0 caract\u00e8re inclusif a fait bondir certains politiques.<\/p>\n\n\n\n<p>Fran\u00e7ois Jolivet, d\u00e9put\u00e9 LREM de l&rsquo;Indre a d\u00e9plor\u00e9 cette \u00abinitiative malheureuse\u00bb du Petit Robert et l&rsquo;a fait savoir sur Twitter. L&rsquo;\u00e9lu a \u00e9galement demand\u00e9 l&rsquo;avis de l&rsquo;Acad\u00e9mie fran\u00e7aise via une lettre manuscrite partag\u00e9e sur ses r\u00e9seaux sociaux, d\u00e9non\u00e7ant notamment \u00abune intrusion id\u00e9ologique manifeste qui porte atteinte \u00e0 notre langue commune et \u00e0 son rayonnement\u00bb.&nbsp;Fran\u00e7ois Jolivet a, une petite heure plus tard, obtenu le soutien de&nbsp;Jean-Michel Blanquer. Le ministre de l&rsquo;Education nationale a, lui aussi, regrett\u00e9 ce nouveau pronom, ajoutant que l&rsquo;\u00e9criture inclusive \u00abn&rsquo;\u00e9tait pas l&rsquo;avenir de la langue fran\u00e7aise\u00bb.&nbsp;<\/p>\n","protected":false},"excerpt":{"rendered":"<p>Dans sa s\u00e9lection de nouveaux mots, le dictionnaire \u00abLe Petit Robert\u00bb a d\u00e9cid\u00e9 d&rsquo;int\u00e9grer le n\u00e9o-pronom neutre \u00abIel\u00bb, contradiction de \u00abil\u00bb et de \u00abelle\u00bb. Un choix qui a fait bondir certains politiques, dont le ministre de l&rsquo;Education nationale. \u00abC&rsquo;est un pronom personnel sujet de la troisi\u00e8me personne du singulier et du pluriel, employ\u00e9 pour \u00e9voquer [&hellip;]<\/p>\n","protected":false},"author":2,"featured_media":19485,"comment_status":"open","ping_status":"open","sticky":false,"template":"","format":"standard","meta":{"_jetpack_memberships_contains_paid_content":false,"footnotes":"","jetpack_publicize_message":"","jetpack_publicize_feature_enabled":true,"jetpack_social_post_already_shared":true,"jetpack_social_options":{"image_generator_settings":{"template":"highway","default_image_id":0,"font":"","enabled":false},"version":2},"_wpas_customize_per_network":false},"categories":[405],"tags":[],"class_list":["post-19484","post","type-post","status-publish","format-standard","has-post-thumbnail","hentry","category-actu-france-monde"],"jetpack_publicize_connections":[],"jetpack_featured_media_url":"https:\/\/i0.wp.com\/www.iceagetv.com\/radiosite\/wp-content\/uploads\/2021\/11\/Dans-sa-s%C3%A9lection-de-nouveaux-mots-le-dictionnaire-Le-Petit-Robert.jpg?fit=628%2C288&ssl=1","jetpack_sharing_enabled":true,"_links":{"self":[{"href":"https:\/\/www.iceagetv.com\/radiosite\/wp-json\/wp\/v2\/posts\/19484","targetHints":{"allow":["GET"]}}],"collection":[{"href":"https:\/\/www.iceagetv.com\/radiosite\/wp-json\/wp\/v2\/posts"}],"about":[{"href":"https:\/\/www.iceagetv.com\/radiosite\/wp-json\/wp\/v2\/types\/post"}],"author":[{"embeddable":true,"href":"https:\/\/www.iceagetv.com\/radiosite\/wp-json\/wp\/v2\/users\/2"}],"replies":[{"embeddable":true,"href":"https:\/\/www.iceagetv.com\/radiosite\/wp-json\/wp\/v2\/comments?post=19484"}],"version-history":[{"count":1,"href":"https:\/\/www.iceagetv.com\/radiosite\/wp-json\/wp\/v2\/posts\/19484\/revisions"}],"predecessor-version":[{"id":19486,"href":"https:\/\/www.iceagetv.com\/radiosite\/wp-json\/wp\/v2\/posts\/19484\/revisions\/19486"}],"wp:featuredmedia":[{"embeddable":true,"href":"https:\/\/www.iceagetv.com\/radiosite\/wp-json\/wp\/v2\/media\/19485"}],"wp:attachment":[{"href":"https:\/\/www.iceagetv.com\/radiosite\/wp-json\/wp\/v2\/media?parent=19484"}],"wp:term":[{"taxonomy":"category","embeddable":true,"href":"https:\/\/www.iceagetv.com\/radiosite\/wp-json\/wp\/v2\/categories?post=19484"},{"taxonomy":"post_tag","embeddable":true,"href":"https:\/\/www.iceagetv.com\/radiosite\/wp-json\/wp\/v2\/tags?post=19484"}],"curies":[{"name":"wp","href":"https:\/\/api.w.org\/{rel}","templated":true}]}}