{"id":19487,"date":"2021-11-18T12:44:51","date_gmt":"2021-11-18T12:44:51","guid":{"rendered":"http:\/\/www.iceagetv.com\/radiosite\/?p=19487"},"modified":"2021-11-18T12:44:51","modified_gmt":"2021-11-18T12:44:51","slug":"coronavirus-des-centres-de-vaccination-qui-avaient-ferme-a-la-fin-de-lete-vont-reprendre-une-activite-pour-aider-a-la-dose-de-rappel-indique-le-porte-parole-du-gouvernement-gabriel-attal","status":"publish","type":"post","link":"https:\/\/www.iceagetv.com\/radiosite\/coronavirus-des-centres-de-vaccination-qui-avaient-ferme-a-la-fin-de-lete-vont-reprendre-une-activite-pour-aider-a-la-dose-de-rappel-indique-le-porte-parole-du-gouvernement-gabriel-attal\/","title":{"rendered":"Coronavirus &#8211; Des centres de vaccination, qui avaient ferm\u00e9 \u00e0 la fin de l&rsquo;\u00e9t\u00e9, vont \u00ab\u00a0reprendre une activit\u00e9\u00a0\u00bb pour aider \u00e0 la dose de rappel, indique le porte-parole du gouvernement Gabriel Attal"},"content":{"rendered":"\n<p>Des centres de vaccination, qui avaient ferm\u00e9 \u00e0 la fin de l&rsquo;\u00e9t\u00e9 apr\u00e8s six mois d&rsquo;une campagne vaccinale de masse, vont \u00ab\u00a0reprendre une activit\u00e9\u00a0\u00bb pour aider \u00e0 la dose de rappel, a indiqu\u00e9 jeudi le porte-parole du gouvernement Gabriel Attal. \u00ab\u00a0Avec l&rsquo;augmentation des injections li\u00e9es au rappel de vaccination, aujourd&rsquo;hui pour les plus de 65 ans et demain pour les plus de 50 ans, \u00e7a peut amener des centres de vaccination qui avaient ferm\u00e9 &#8211; ou alors qui avaient r\u00e9duit la voilure &#8211; \u00e0 reprendre une activit\u00e9\u00a0\u00bb, a indiqu\u00e9 M. Attal sur LCI, interrog\u00e9 sur une possible r\u00e9ouverture de \u00ab\u00a0vaccinodromes\u00a0\u00bb dans les prochaines semaines.<\/p>\n\n\n\n<p>Les centres de vaccination \u00ab\u00a0ont montr\u00e9 toute leur efficacit\u00e9, ils sont identifi\u00e9s\u00a0\u00bb, et \u00ab\u00a0les Fran\u00e7ais les connaissent, ils savent o\u00f9 aller\u00a0\u00bb, a-t-il plaid\u00e9. Les personnes de plus de 65 ans et celles ayant des comorbidit\u00e9s peuvent depuis plusieurs semaines faire un rappel, sans quoi elles verront leur pass sanitaire d\u00e9sactiv\u00e9, \u00ab\u00a0six mois et cinq semaines\u00a0\u00bb apr\u00e8s la pr\u00e9c\u00e9dente injection, \u00e0 partir du 15 d\u00e9cembre. Pour les 50-64 ans, la campagne de rappel sera ouverte d\u00e8s le d\u00e9but d\u00e9cembre.<\/p>\n","protected":false},"excerpt":{"rendered":"<p>Des centres de vaccination, qui avaient ferm\u00e9 \u00e0 la fin de l&rsquo;\u00e9t\u00e9 apr\u00e8s six mois d&rsquo;une campagne vaccinale de masse, vont \u00ab\u00a0reprendre une activit\u00e9\u00a0\u00bb pour aider \u00e0 la dose de rappel, a indiqu\u00e9 jeudi le porte-parole du gouvernement Gabriel Attal. \u00ab\u00a0Avec l&rsquo;augmentation des injections li\u00e9es au rappel de vaccination, aujourd&rsquo;hui pour les plus de 65 [&hellip;]<\/p>\n","protected":false},"author":2,"featured_media":19488,"comment_status":"open","ping_status":"open","sticky":false,"template":"","format":"standard","meta":{"_jetpack_memberships_contains_paid_content":false,"footnotes":"","jetpack_publicize_message":"","jetpack_publicize_feature_enabled":true,"jetpack_social_post_already_shared":true,"jetpack_social_options":{"image_generator_settings":{"template":"highway","default_image_id":0,"font":"","enabled":false},"version":2},"_wpas_customize_per_network":false},"categories":[405],"tags":[2991],"class_list":["post-19487","post","type-post","status-publish","format-standard","has-post-thumbnail","hentry","category-actu-france-monde","tag-des-centres-de-vaccination"],"jetpack_publicize_connections":[],"jetpack_featured_media_url":"https:\/\/i0.wp.com\/www.iceagetv.com\/radiosite\/wp-content\/uploads\/2021\/11\/Des-centres-de-vaccination-qui-avaient-ferm%C3%A9-%C3%A0-la-fin-de-l%C3%A9t%C3%A9.jpg?fit=679%2C293&ssl=1","jetpack_sharing_enabled":true,"_links":{"self":[{"href":"https:\/\/www.iceagetv.com\/radiosite\/wp-json\/wp\/v2\/posts\/19487","targetHints":{"allow":["GET"]}}],"collection":[{"href":"https:\/\/www.iceagetv.com\/radiosite\/wp-json\/wp\/v2\/posts"}],"about":[{"href":"https:\/\/www.iceagetv.com\/radiosite\/wp-json\/wp\/v2\/types\/post"}],"author":[{"embeddable":true,"href":"https:\/\/www.iceagetv.com\/radiosite\/wp-json\/wp\/v2\/users\/2"}],"replies":[{"embeddable":true,"href":"https:\/\/www.iceagetv.com\/radiosite\/wp-json\/wp\/v2\/comments?post=19487"}],"version-history":[{"count":1,"href":"https:\/\/www.iceagetv.com\/radiosite\/wp-json\/wp\/v2\/posts\/19487\/revisions"}],"predecessor-version":[{"id":19489,"href":"https:\/\/www.iceagetv.com\/radiosite\/wp-json\/wp\/v2\/posts\/19487\/revisions\/19489"}],"wp:featuredmedia":[{"embeddable":true,"href":"https:\/\/www.iceagetv.com\/radiosite\/wp-json\/wp\/v2\/media\/19488"}],"wp:attachment":[{"href":"https:\/\/www.iceagetv.com\/radiosite\/wp-json\/wp\/v2\/media?parent=19487"}],"wp:term":[{"taxonomy":"category","embeddable":true,"href":"https:\/\/www.iceagetv.com\/radiosite\/wp-json\/wp\/v2\/categories?post=19487"},{"taxonomy":"post_tag","embeddable":true,"href":"https:\/\/www.iceagetv.com\/radiosite\/wp-json\/wp\/v2\/tags?post=19487"}],"curies":[{"name":"wp","href":"https:\/\/api.w.org\/{rel}","templated":true}]}}