{"id":19490,"date":"2021-11-18T14:52:56","date_gmt":"2021-11-18T14:52:56","guid":{"rendered":"http:\/\/www.iceagetv.com\/radiosite\/?p=19490"},"modified":"2021-11-18T14:52:56","modified_gmt":"2021-11-18T14:52:56","slug":"harcelement-scolaire-emmanuel-macron-annonce-de-nouvelles-mesures","status":"publish","type":"post","link":"https:\/\/www.iceagetv.com\/radiosite\/harcelement-scolaire-emmanuel-macron-annonce-de-nouvelles-mesures\/","title":{"rendered":"Harc\u00e8lement scolaire : Emmanuel Macron annonce de nouvelles mesures"},"content":{"rendered":"\n<p>Le 18 novembre est la journ\u00e9e internationale de lutte contre la violence et le harc\u00e8lement en milieu scolaire.<\/p>\n\n\n\n<p>&#8211; A cette occasion, le pr\u00e9sident Emmanuel Macron a annonc\u00e9 plusieurs mesures notamment le&nbsp;renforcement du contr\u00f4le parental sur les \u00e9crans utilis\u00e9s par les enfants et une nouvelle application pour aider les victimes \u00e0 d\u00e9noncer les faits.<\/p>\n\n\n\n<p>&#8211; Emmanuel Macron a conclu que nous pouvons remporter ce combat contre le harc\u00e8lement,&nbsp;\u00ab \u00e0 condition d\u2019en parler toujours et encore \u00bb.<\/p>\n\n\n\n<p>De nouvelles mesures pour lutter contre&nbsp;<a href=\"https:\/\/www.20minutes.fr\/dossier\/harcelement_scolaire\">le harc\u00e8lement scolaire<\/a>, notamment un renforcement du contr\u00f4le parental sur les \u00e9crans utilis\u00e9s par les enfants et une nouvelle application pour aider les victimes \u00e0 d\u00e9noncer les faits, ont \u00e9t\u00e9 annonc\u00e9es par&nbsp;<a href=\"https:\/\/www.20minutes.fr\/politique\/emmanuel-macron\/\">Emmanuel Macron<\/a>, ce jeudi, \u00e0&nbsp;l\u2019occasion de la journ\u00e9e de mobilisation.<\/p>\n\n\n\n<p>Dans une vid\u00e9o post\u00e9e sur les r\u00e9seaux sociaux, le chef de l\u2019Etat a d\u00e9clar\u00e9 que, malgr\u00e9 les initiatives prises, \u00ab&nbsp;<a href=\"https:\/\/www.20minutes.fr\/societe\/3156711-20211025-harcelement-scolaire-prise-conscience-continue-depuis-2011-lutte-contre-fleau\">le harc\u00e8lement s\u00e9vit toujours \u00e0 l\u2019\u00e9cole<\/a>, sur les r\u00e9seaux sociaux, sans laisser aucun moment de r\u00e9pit \u00e0 ceux qui en sont victimes&nbsp;\u00bb.<\/p>\n\n\n\n<h2 class=\"wp-block-heading\">Une application pour envoyer les captures d\u2019\u00e9crans<\/h2>\n\n\n\n<p>\u00ab\u00a0C\u2019est pourquoi nous allons continuer \u00e0 nous mobiliser, en particulier parce que les \u00e9l\u00e8ves harcel\u00e9s sont souvent isol\u00e9s et ont peur. Nous devons leur faciliter le signalement de ce dont ils sont victimes\u00a0\u00bb, ajoute-t-il. Le harc\u00e8lement touche pr\u00e8s d\u2019un enfant sur dix et peut avoir des cons\u00e9quences dramatiques, comme l\u2019a rappel\u00e9 en octobre\u00a0<a href=\"https:\/\/www.20minutes.fr\/societe\/3158651-20211027-haut-rhin-un-depute-veut-que-le-harcelement-scolaire-devienne-un-delit-apres-la-mort-de-dinah\">le suicide de Dinah, 14 ans<\/a>. Emmanuel Macron et son \u00e9pouse Brigitte en avaient discut\u00e9 avec des jeunes victimes qu\u2019ils avaient invit\u00e9es \u00e0 l\u2019Elys\u00e9e le 4\u00a0novembre.<\/p>\n\n\n\n<p>Dans la vid\u00e9o, le chef de l\u2019Etat annonce que, \u00ab&nbsp;en plus du num\u00e9ro&nbsp;3018 mis en place, une appli 3018 sera lanc\u00e9e en f\u00e9vrier pour permettre aux victimes et aux t\u00e9moins d\u2019adresser une capture d\u2019\u00e9cran de situations de harc\u00e8lement afin que celles-ci soient encore mieux accompagn\u00e9es&nbsp;\u00bb. \u00ab&nbsp;Nous allons renforcer les maisons des adolescents, les points d\u2019accueil \u00e9coute jeunes, les lieux physiques avec des personnes qui sont l\u00e0 pour recevoir la parole et pour \u00e9couter partout sur le territoire&nbsp;\u00bb, ajoute-t-il.<\/p>\n\n\n\n<h2 class=\"wp-block-heading\">Une sensibilisation au num\u00e9rique d\u00e8s la sixi\u00e8me<\/h2>\n\n\n\n<p>Emmanuel Macron indique aussi que,&nbsp;<a href=\"https:\/\/www.20minutes.fr\/societe\/3126679-20210918-anti2010-peut-plus-dissocier-harcelement-scolaire-cyberharcelement-alerte-senatrice-colette-melot\">pour aider les enfants \u00ab&nbsp;\u00e0 mieux utiliser les r\u00e9seaux et le num\u00e9rique&nbsp;\u00bb<\/a>, \u00ab&nbsp;nous allons lancer une exp\u00e9rimentation en d\u00e9livrant une certification \u00e0 la sensibilisation au num\u00e9rique aux \u00e9l\u00e8ves de 6e \u00e0 partir de la rentr\u00e9e 2022, avec l\u2019id\u00e9e, ensuite, de g\u00e9n\u00e9raliser d\u00e8s la rentr\u00e9e suivante&nbsp;\u00bb. Enfin, \u00ab&nbsp;parce que ce combat est collectif, nous allons changer la loi pour am\u00e9liorer le contr\u00f4le parental, en faisant en sorte qu\u2019il soit install\u00e9 par d\u00e9faut sur tous les t\u00e9l\u00e9phones, ordinateurs, tablettes, utilis\u00e9s par les enfants, comme je l\u2019avais annonc\u00e9 il y a deux ans&nbsp;\u00bb, pr\u00e9cise-t-il.<\/p>\n\n\n\n<p>\u00ab&nbsp;Nous pouvons remporter ce combat contre le harc\u00e8lement en prenant nos responsabilit\u00e9s, en \u00e9tant \u00e0 l\u2019\u00e9coute de nos enfants, en nous appuyant sur le travail remarquable que les associations font au quotidien, en nous appuyant sur la mobilisation de l\u2019\u00c9ducation nationale qui a profond\u00e9ment chang\u00e9 ces derni\u00e8res ann\u00e9es, et nous allons encore l\u2019acc\u00e9l\u00e9rer, c\u2019est possible&nbsp;\u00bb, assure le pr\u00e9sident. \u00ab&nbsp;C\u2019est possible, \u00e0 condition d\u2019en parler toujours et encore. C\u2019est possible, \u00e0 condition de ne rien c\u00e9der \u00e0 la loi du silence, de l\u2019indiff\u00e9rence ou de la honte. Nous ne l\u00e2cherons rien&nbsp;\u00bb, conclut-il.<\/p>\n\n\n\n<p><\/p>\n","protected":false},"excerpt":{"rendered":"<p>Le 18 novembre est la journ\u00e9e internationale de lutte contre la violence et le harc\u00e8lement en milieu scolaire. &#8211; A cette occasion, le pr\u00e9sident Emmanuel Macron a annonc\u00e9 plusieurs mesures notamment le&nbsp;renforcement du contr\u00f4le parental sur les \u00e9crans utilis\u00e9s par les enfants et une nouvelle application pour aider les victimes \u00e0 d\u00e9noncer les faits. &#8211; [&hellip;]<\/p>\n","protected":false},"author":2,"featured_media":19491,"comment_status":"open","ping_status":"open","sticky":false,"template":"","format":"standard","meta":{"_jetpack_memberships_contains_paid_content":false,"footnotes":"","jetpack_publicize_message":"","jetpack_publicize_feature_enabled":true,"jetpack_social_post_already_shared":true,"jetpack_social_options":{"image_generator_settings":{"template":"highway","default_image_id":0,"font":"","enabled":false},"version":2},"_wpas_customize_per_network":false},"categories":[405],"tags":[],"class_list":["post-19490","post","type-post","status-publish","format-standard","has-post-thumbnail","hentry","category-actu-france-monde"],"jetpack_publicize_connections":[],"jetpack_featured_media_url":"https:\/\/i0.wp.com\/www.iceagetv.com\/radiosite\/wp-content\/uploads\/2021\/11\/Harc%C3%A8lement-scolaire.jpg?fit=640%2C410&ssl=1","jetpack_sharing_enabled":true,"_links":{"self":[{"href":"https:\/\/www.iceagetv.com\/radiosite\/wp-json\/wp\/v2\/posts\/19490","targetHints":{"allow":["GET"]}}],"collection":[{"href":"https:\/\/www.iceagetv.com\/radiosite\/wp-json\/wp\/v2\/posts"}],"about":[{"href":"https:\/\/www.iceagetv.com\/radiosite\/wp-json\/wp\/v2\/types\/post"}],"author":[{"embeddable":true,"href":"https:\/\/www.iceagetv.com\/radiosite\/wp-json\/wp\/v2\/users\/2"}],"replies":[{"embeddable":true,"href":"https:\/\/www.iceagetv.com\/radiosite\/wp-json\/wp\/v2\/comments?post=19490"}],"version-history":[{"count":1,"href":"https:\/\/www.iceagetv.com\/radiosite\/wp-json\/wp\/v2\/posts\/19490\/revisions"}],"predecessor-version":[{"id":19492,"href":"https:\/\/www.iceagetv.com\/radiosite\/wp-json\/wp\/v2\/posts\/19490\/revisions\/19492"}],"wp:featuredmedia":[{"embeddable":true,"href":"https:\/\/www.iceagetv.com\/radiosite\/wp-json\/wp\/v2\/media\/19491"}],"wp:attachment":[{"href":"https:\/\/www.iceagetv.com\/radiosite\/wp-json\/wp\/v2\/media?parent=19490"}],"wp:term":[{"taxonomy":"category","embeddable":true,"href":"https:\/\/www.iceagetv.com\/radiosite\/wp-json\/wp\/v2\/categories?post=19490"},{"taxonomy":"post_tag","embeddable":true,"href":"https:\/\/www.iceagetv.com\/radiosite\/wp-json\/wp\/v2\/tags?post=19490"}],"curies":[{"name":"wp","href":"https:\/\/api.w.org\/{rel}","templated":true}]}}