{"id":19500,"date":"2021-11-19T09:45:44","date_gmt":"2021-11-19T09:45:44","guid":{"rendered":"http:\/\/www.iceagetv.com\/radiosite\/?p=19500"},"modified":"2021-11-19T09:45:44","modified_gmt":"2021-11-19T09:45:44","slug":"coronavirus-lautriche-imposera-la-vaccination-a-partir-du-1er-fevrier-et-instaure-un-confinement-de-lensemble-de-la-population-a-compter-de-lundi","status":"publish","type":"post","link":"https:\/\/www.iceagetv.com\/radiosite\/coronavirus-lautriche-imposera-la-vaccination-a-partir-du-1er-fevrier-et-instaure-un-confinement-de-lensemble-de-la-population-a-compter-de-lundi\/","title":{"rendered":"Coronavirus: L&rsquo;Autriche imposera la vaccination \u00e0 partir du 1er f\u00e9vrier et instaure un confinement de l&rsquo;ensemble de la population \u00e0 compter de lundi"},"content":{"rendered":"\n<p> Coronavirus: L&rsquo;Autriche imposera la vaccination \u00e0 partir du 1er f\u00e9vrier et instaure un confinement de l&rsquo;ensemble de la population \u00e0 compter de lundi. <\/p>\n","protected":false},"excerpt":{"rendered":"<p>Coronavirus: L&rsquo;Autriche imposera la vaccination \u00e0 partir du 1er f\u00e9vrier et instaure un confinement de l&rsquo;ensemble de la population \u00e0 compter de lundi.<\/p>\n","protected":false},"author":2,"featured_media":19501,"comment_status":"open","ping_status":"open","sticky":false,"template":"","format":"standard","meta":{"_jetpack_memberships_contains_paid_content":false,"footnotes":"","jetpack_publicize_message":"","jetpack_publicize_feature_enabled":true,"jetpack_social_post_already_shared":true,"jetpack_social_options":{"image_generator_settings":{"template":"highway","default_image_id":0,"font":"","enabled":false},"version":2},"_wpas_customize_per_network":false},"categories":[405],"tags":[],"class_list":["post-19500","post","type-post","status-publish","format-standard","has-post-thumbnail","hentry","category-actu-france-monde"],"jetpack_publicize_connections":[],"jetpack_featured_media_url":"https:\/\/i0.wp.com\/www.iceagetv.com\/radiosite\/wp-content\/uploads\/2021\/11\/LAutriche-imposera-la-vaccination-%C3%A0-partir-du-1er-f%C3%A9vrier-et-instaure-un-confinement-de-lensemble-de-la-population-%C3%A0-compter-de-lundi.jpg?fit=679%2C293&ssl=1","jetpack_sharing_enabled":true,"_links":{"self":[{"href":"https:\/\/www.iceagetv.com\/radiosite\/wp-json\/wp\/v2\/posts\/19500","targetHints":{"allow":["GET"]}}],"collection":[{"href":"https:\/\/www.iceagetv.com\/radiosite\/wp-json\/wp\/v2\/posts"}],"about":[{"href":"https:\/\/www.iceagetv.com\/radiosite\/wp-json\/wp\/v2\/types\/post"}],"author":[{"embeddable":true,"href":"https:\/\/www.iceagetv.com\/radiosite\/wp-json\/wp\/v2\/users\/2"}],"replies":[{"embeddable":true,"href":"https:\/\/www.iceagetv.com\/radiosite\/wp-json\/wp\/v2\/comments?post=19500"}],"version-history":[{"count":1,"href":"https:\/\/www.iceagetv.com\/radiosite\/wp-json\/wp\/v2\/posts\/19500\/revisions"}],"predecessor-version":[{"id":19502,"href":"https:\/\/www.iceagetv.com\/radiosite\/wp-json\/wp\/v2\/posts\/19500\/revisions\/19502"}],"wp:featuredmedia":[{"embeddable":true,"href":"https:\/\/www.iceagetv.com\/radiosite\/wp-json\/wp\/v2\/media\/19501"}],"wp:attachment":[{"href":"https:\/\/www.iceagetv.com\/radiosite\/wp-json\/wp\/v2\/media?parent=19500"}],"wp:term":[{"taxonomy":"category","embeddable":true,"href":"https:\/\/www.iceagetv.com\/radiosite\/wp-json\/wp\/v2\/categories?post=19500"},{"taxonomy":"post_tag","embeddable":true,"href":"https:\/\/www.iceagetv.com\/radiosite\/wp-json\/wp\/v2\/tags?post=19500"}],"curies":[{"name":"wp","href":"https:\/\/api.w.org\/{rel}","templated":true}]}}