{"id":19506,"date":"2021-11-19T19:34:09","date_gmt":"2021-11-19T19:34:09","guid":{"rendered":"http:\/\/www.iceagetv.com\/radiosite\/?p=19506"},"modified":"2021-11-19T19:34:09","modified_gmt":"2021-11-19T19:34:09","slug":"etats-unis-joe-biden-a-repris-ses-fonctions-presidentielles-ce-vendredi-a-16h35-gmt-apres-les-avoir-brievement-transferees-a-la-vice-presidente-kamala-harris-le-temps-dune-anesthesie","status":"publish","type":"post","link":"https:\/\/www.iceagetv.com\/radiosite\/etats-unis-joe-biden-a-repris-ses-fonctions-presidentielles-ce-vendredi-a-16h35-gmt-apres-les-avoir-brievement-transferees-a-la-vice-presidente-kamala-harris-le-temps-dune-anesthesie\/","title":{"rendered":"Etats-Unis: Joe Biden a repris ses fonctions pr\u00e9sidentielles ce vendredi \u00e0 16h35 GMT apr\u00e8s les avoir bri\u00e8vement transf\u00e9r\u00e9es \u00e0 la vice-pr\u00e9sidente Kamala Harris le temps d&rsquo;une anesth\u00e9sie"},"content":{"rendered":"\n<p><strong>Joe Biden a repris ses fonctions pr\u00e9sidentielles ce vendredi \u00e0 16h35 GMT apr\u00e8s les avoir bri\u00e8vement transf\u00e9r\u00e9es \u00e0 la vice-pr\u00e9sidente Kamala Harris le temps d&rsquo;une anesth\u00e9sie<\/strong><\/p>\n\n\n\n<p>Le pr\u00e9sident am\u00e9ricain Joe Biden va subir vendredi une coloscopie \u00ab\u00a0de routine\u00a0\u00bb, un examen sous anesth\u00e9sie g\u00e9n\u00e9rale, et transf\u00e9rer temporairement ses pouvoirs \u00e0 sa vice-pr\u00e9sidente, Kamala Harris, a annonc\u00e9 la Maison Blanche. Les d\u00e9tails du bilan de sant\u00e9 du pr\u00e9sident, qui f\u00eate ses 79 ans samedi, seront publi\u00e9s dans l&rsquo;apr\u00e8s-midi, a pr\u00e9cis\u00e9 l&rsquo;ex\u00e9cutif am\u00e9ricain.<\/p>\n\n\n\n<p>\u00ab\u00a0Le pr\u00e9sident va subir une coloscopie de routine\u00a0\u00bb au centre m\u00e9dical Walter Reed, pr\u00e8s de Washington, a dit la Maison Blanche. \u00ab\u00a0Comme cela a \u00e9t\u00e9 le cas lorsque le pr\u00e9sident George W. Bush a subi la m\u00eame intervention en 2002 et 2007, et conform\u00e9ment \u00e0 la proc\u00e9dure pr\u00e9vue par la Constitution, le pr\u00e9sident Biden transf\u00e8rera ses pouvoirs \u00e0 la vice-pr\u00e9sidente pour une courte p\u00e9riode, pendant qu&rsquo;il est sous anesth\u00e9sie\u00a0\u00bb, a ajout\u00e9 l&rsquo;ex\u00e9cutif. M. Biden, qui ne fume pas et ne boit pas, est enti\u00e8rement vaccin\u00e9 contre le Covid-19, et a re\u00e7u sa troisi\u00e8me dose fin septembre.<\/p>\n\n\n\n<p>Il est le plus vieux pr\u00e9sident de l&rsquo;histoire des Etats-Unis et a fait savoir publiquement qu&rsquo;il comptait postuler \u00e0 sa propre succession en 2024, mais son \u00e2ge alimente les sp\u00e9culations sur le fait qu&rsquo;il pourrait renoncer.<\/p>\n","protected":false},"excerpt":{"rendered":"<p>Joe Biden a repris ses fonctions pr\u00e9sidentielles ce vendredi \u00e0 16h35 GMT apr\u00e8s les avoir bri\u00e8vement transf\u00e9r\u00e9es \u00e0 la vice-pr\u00e9sidente Kamala Harris le temps d&rsquo;une anesth\u00e9sie Le pr\u00e9sident am\u00e9ricain Joe Biden va subir vendredi une coloscopie \u00ab\u00a0de routine\u00a0\u00bb, un examen sous anesth\u00e9sie g\u00e9n\u00e9rale, et transf\u00e9rer temporairement ses pouvoirs \u00e0 sa vice-pr\u00e9sidente, Kamala Harris, a annonc\u00e9 [&hellip;]<\/p>\n","protected":false},"author":2,"featured_media":19507,"comment_status":"open","ping_status":"open","sticky":false,"template":"","format":"standard","meta":{"_jetpack_memberships_contains_paid_content":false,"footnotes":"","jetpack_publicize_message":"","jetpack_publicize_feature_enabled":true,"jetpack_social_post_already_shared":true,"jetpack_social_options":{"image_generator_settings":{"template":"highway","default_image_id":0,"font":"","enabled":false},"version":2},"_wpas_customize_per_network":false},"categories":[405],"tags":[],"class_list":["post-19506","post","type-post","status-publish","format-standard","has-post-thumbnail","hentry","category-actu-france-monde"],"jetpack_publicize_connections":[],"jetpack_featured_media_url":"https:\/\/i0.wp.com\/www.iceagetv.com\/radiosite\/wp-content\/uploads\/2021\/11\/Joe-Biden-a-repris-ses-fonctions-pr%C3%A9sidentielles-ce-vendredi-%C3%A0-16h35-GMT.png?fit=621%2C262&ssl=1","jetpack_sharing_enabled":true,"_links":{"self":[{"href":"https:\/\/www.iceagetv.com\/radiosite\/wp-json\/wp\/v2\/posts\/19506","targetHints":{"allow":["GET"]}}],"collection":[{"href":"https:\/\/www.iceagetv.com\/radiosite\/wp-json\/wp\/v2\/posts"}],"about":[{"href":"https:\/\/www.iceagetv.com\/radiosite\/wp-json\/wp\/v2\/types\/post"}],"author":[{"embeddable":true,"href":"https:\/\/www.iceagetv.com\/radiosite\/wp-json\/wp\/v2\/users\/2"}],"replies":[{"embeddable":true,"href":"https:\/\/www.iceagetv.com\/radiosite\/wp-json\/wp\/v2\/comments?post=19506"}],"version-history":[{"count":1,"href":"https:\/\/www.iceagetv.com\/radiosite\/wp-json\/wp\/v2\/posts\/19506\/revisions"}],"predecessor-version":[{"id":19508,"href":"https:\/\/www.iceagetv.com\/radiosite\/wp-json\/wp\/v2\/posts\/19506\/revisions\/19508"}],"wp:featuredmedia":[{"embeddable":true,"href":"https:\/\/www.iceagetv.com\/radiosite\/wp-json\/wp\/v2\/media\/19507"}],"wp:attachment":[{"href":"https:\/\/www.iceagetv.com\/radiosite\/wp-json\/wp\/v2\/media?parent=19506"}],"wp:term":[{"taxonomy":"category","embeddable":true,"href":"https:\/\/www.iceagetv.com\/radiosite\/wp-json\/wp\/v2\/categories?post=19506"},{"taxonomy":"post_tag","embeddable":true,"href":"https:\/\/www.iceagetv.com\/radiosite\/wp-json\/wp\/v2\/tags?post=19506"}],"curies":[{"name":"wp","href":"https:\/\/api.w.org\/{rel}","templated":true}]}}