{"id":19512,"date":"2021-11-21T12:22:58","date_gmt":"2021-11-21T12:22:58","guid":{"rendered":"http:\/\/www.iceagetv.com\/radiosite\/?p=19512"},"modified":"2021-11-21T12:22:58","modified_gmt":"2021-11-21T12:22:58","slug":"lyon-une-enquete-ouverte-apres-de-nouvelles-provocations-des-dalton","status":"publish","type":"post","link":"https:\/\/www.iceagetv.com\/radiosite\/lyon-une-enquete-ouverte-apres-de-nouvelles-provocations-des-dalton\/","title":{"rendered":"Lyon : Une enqu\u00eate ouverte apr\u00e8s de nouvelles provocations des Dalton"},"content":{"rendered":"\n<p>A plusieurs reprises, le ministre de l\u2019Int\u00e9rieur a demand\u00e9&nbsp;<a href=\"https:\/\/www.20minutes.fr\/societe\/3172359-20211115-lyon-gerald-darmanin-demande-fermeture-compte-instagram-dalton\">la fermeture du compte Instagram des Dalton<\/a>. Mais les appels de&nbsp;<a href=\"https:\/\/www.20minutes.fr\/dossier\/gerald_darmanin\">G\u00e9rald Darmanin<\/a>&nbsp;n\u2019ont toujours pas \u00e9t\u00e9 pas \u00e9t\u00e9 entendus par le r\u00e9seau social, et le collectif de&nbsp;rappeurs lyonnais continue&nbsp;d\u2019y publier des vid\u00e9os&nbsp;de provocations envers les forces de l\u2019ordre.<\/p>\n\n\n\n<p>M\u00e9content\u00a0de ne pas avoir \u00e9t\u00e9 re\u00e7u par le maire de\u00a0<a href=\"https:\/\/www.20minutes.fr\/lyon\/\">Lyon<\/a>\u00a0avec lequel ils voulaient \u00ab\u00a0faire la paix\u00a0\u00bb et \u00ab\u00a0s\u2019expliquer \u00e0 visage d\u00e9couvert\u00a0\u00bb, le gang a diffus\u00e9 une vid\u00e9o vendredi. V\u00eatu d\u2019une tenue de prisonnier noire et jaune, l\u2019un de ses\u00a0membres, portant un masque, annon\u00e7ait la diffusion en direct, samedi soir, d\u2019une action \u00ab\u00a0palpitante, comme d\u2019habitude\u00a0\u00bb.<\/p>\n\n\n\n<h2 class=\"wp-block-heading\">V\u00e9hicule incendi\u00e9<\/h2>\n\n\n\n<p>Dans un autre post, publi\u00e9 la veille, ils indiquaient qu\u2019ils vadrouilleraient dans les rues de Lyon \u00e0 bord de la \u00ab&nbsp;daltomobile&nbsp;\u00bb, une Clio jaune immatricul\u00e9e \u00ab&nbsp;Dalton 69&nbsp;\u00bb, mais sans en dire davantage. Finalement, samedi, vers 20h45, le v\u00e9hicule s\u2019est immobilis\u00e9 devant un commissariat de la ville. Film\u00e9 par l\u2019un de ses comp\u00e8res, le conducteur a klaxonn\u00e9 \u00e0 plusieurs reprises tandis qu\u2019un passager \u00ab&nbsp;est sorti pour faire des grimaces&nbsp;\u00bb, explique \u00e0&nbsp;<em>20 Minutes<\/em>&nbsp;une source polici\u00e8re. Puis les Dalton ont pris la fuite, poursuivis par les&nbsp;<a href=\"https:\/\/www.20minutes.fr\/dossier\/police\">policiers<\/a>.<\/p>\n\n\n\n<p>\u00ab&nbsp;Aller devant le commissariat crier&nbsp;:&nbsp;\u00ab\u00a0Lucky [Luke] sort ton cul d\u2019ici viens travailler\u00a0\u00bb, \u00e7a n\u2019a pas bien plus [sic] ils tourne [sic] \u00e0 mort&nbsp;\u00bb, ont-ils par la suite fait savoir \u00e0 leurs followers sur Instagram pour expliquer pourquoi ils avaient arr\u00eat\u00e9 leur live. Vers 21h15, la Clio jaune est retrouv\u00e9e incendi\u00e9e rue Paul Pic, \u00e0 Bron. Une enqu\u00eate a \u00e9t\u00e9 ouverte. Ce qui ne semble pas arr\u00eater les&nbsp;Dalton qui ont d\u00e9j\u00e0 promis, sur leur r\u00e9seau social pr\u00e9f\u00e9r\u00e9, \u00ab&nbsp;de tr\u00e8s grosses actions&nbsp;\u00bb d\u2019ici \u00ab&nbsp;quelques jours&nbsp;\u00bb.<\/p>\n\n\n\n<p><\/p>\n","protected":false},"excerpt":{"rendered":"<p>A plusieurs reprises, le ministre de l\u2019Int\u00e9rieur a demand\u00e9&nbsp;la fermeture du compte Instagram des Dalton. Mais les appels de&nbsp;G\u00e9rald Darmanin&nbsp;n\u2019ont toujours pas \u00e9t\u00e9 pas \u00e9t\u00e9 entendus par le r\u00e9seau social, et le collectif de&nbsp;rappeurs lyonnais continue&nbsp;d\u2019y publier des vid\u00e9os&nbsp;de provocations envers les forces de l\u2019ordre. M\u00e9content\u00a0de ne pas avoir \u00e9t\u00e9 re\u00e7u par le maire de\u00a0Lyon\u00a0avec [&hellip;]<\/p>\n","protected":false},"author":2,"featured_media":19513,"comment_status":"open","ping_status":"open","sticky":false,"template":"","format":"standard","meta":{"_jetpack_memberships_contains_paid_content":false,"footnotes":"","jetpack_publicize_message":"","jetpack_publicize_feature_enabled":true,"jetpack_social_post_already_shared":true,"jetpack_social_options":{"image_generator_settings":{"template":"highway","default_image_id":0,"font":"","enabled":false},"version":2},"_wpas_customize_per_network":false},"categories":[405],"tags":[],"class_list":["post-19512","post","type-post","status-publish","format-standard","has-post-thumbnail","hentry","category-actu-france-monde"],"jetpack_publicize_connections":[],"jetpack_featured_media_url":"https:\/\/i0.wp.com\/www.iceagetv.com\/radiosite\/wp-content\/uploads\/2021\/11\/Une-enqu%C3%AAte-ouverte-apr%C3%A8s-de-nouvelles-provocations-des-Dalton.jpg?fit=640%2C410&ssl=1","jetpack_sharing_enabled":true,"_links":{"self":[{"href":"https:\/\/www.iceagetv.com\/radiosite\/wp-json\/wp\/v2\/posts\/19512","targetHints":{"allow":["GET"]}}],"collection":[{"href":"https:\/\/www.iceagetv.com\/radiosite\/wp-json\/wp\/v2\/posts"}],"about":[{"href":"https:\/\/www.iceagetv.com\/radiosite\/wp-json\/wp\/v2\/types\/post"}],"author":[{"embeddable":true,"href":"https:\/\/www.iceagetv.com\/radiosite\/wp-json\/wp\/v2\/users\/2"}],"replies":[{"embeddable":true,"href":"https:\/\/www.iceagetv.com\/radiosite\/wp-json\/wp\/v2\/comments?post=19512"}],"version-history":[{"count":1,"href":"https:\/\/www.iceagetv.com\/radiosite\/wp-json\/wp\/v2\/posts\/19512\/revisions"}],"predecessor-version":[{"id":19514,"href":"https:\/\/www.iceagetv.com\/radiosite\/wp-json\/wp\/v2\/posts\/19512\/revisions\/19514"}],"wp:featuredmedia":[{"embeddable":true,"href":"https:\/\/www.iceagetv.com\/radiosite\/wp-json\/wp\/v2\/media\/19513"}],"wp:attachment":[{"href":"https:\/\/www.iceagetv.com\/radiosite\/wp-json\/wp\/v2\/media?parent=19512"}],"wp:term":[{"taxonomy":"category","embeddable":true,"href":"https:\/\/www.iceagetv.com\/radiosite\/wp-json\/wp\/v2\/categories?post=19512"},{"taxonomy":"post_tag","embeddable":true,"href":"https:\/\/www.iceagetv.com\/radiosite\/wp-json\/wp\/v2\/tags?post=19512"}],"curies":[{"name":"wp","href":"https:\/\/api.w.org\/{rel}","templated":true}]}}