{"id":19524,"date":"2021-11-23T17:51:49","date_gmt":"2021-11-23T17:51:49","guid":{"rendered":"http:\/\/www.iceagetv.com\/radiosite\/?p=19524"},"modified":"2021-11-23T17:51:49","modified_gmt":"2021-11-23T17:51:49","slug":"a-la-martinique-des-forces-de-lordre-et-des-pompiers-cibles-de-tirs-darmes-a-feu","status":"publish","type":"post","link":"https:\/\/www.iceagetv.com\/radiosite\/a-la-martinique-des-forces-de-lordre-et-des-pompiers-cibles-de-tirs-darmes-a-feu\/","title":{"rendered":"A la Martinique, des forces de l\u2019ordre et des pompiers cibles de tirs d\u2019armes \u00e0 feu"},"content":{"rendered":"\n<p><em>&nbsp;Nous sommes intervenus vers 23&nbsp;h&nbsp;30 en appui des pompiers. Nous avons re\u00e7u des projectiles. D\u2019autres feux de poubelles et de v\u00e9hicules ont \u00e9t\u00e9 allum\u00e9s vers 1&nbsp;h&nbsp;45, c\u2019est \u00e0 ce moment que les patrouilles ont essuy\u00e9 des tirs de 9&nbsp;mm \u00e0 plusieurs reprises. Des impacts ont \u00e9t\u00e9 relev\u00e9s sur les v\u00e9hicules&nbsp;\u00bb<\/em>, a pr\u00e9cis\u00e9 le commandant Jo\u00ebl Larcher, responsable de la communication de la direction d\u00e9partementale de la s\u00e9curit\u00e9 publique de Fort-de-France.<\/p>\n\n\n\n<h2 class=\"wp-block-heading\">Routes bloqu\u00e9es<\/h2>\n\n\n\n<p>D\u2019importants barrages bloquaient mardi, comme la veille, les principales routes de l\u2019\u00eele. Ils avaient \u00e9t\u00e9 install\u00e9s t\u00f4t mardi matin \u00e0 l\u2019appel d\u2019une intersyndicale de dix-sept organisations, qui appellent \u00e0 la gr\u00e8ve g\u00e9n\u00e9rale pour des revendications vari\u00e9es, parmi lesquelles la fin de l\u2019obligation vaccinale et des suspensions pour les soignants, mais aussi la hausse des salaires et des minima sociaux et la baisse des prix des carburants et du gaz. L\u2019acc\u00e8s \u00e0 l\u2019agglom\u00e9ration de Fort-de-France, au centre de l\u2019\u00eele, est impossible depuis le sud et le nord. Des camions, des taxis, mais aussi des palettes et des pneus ont \u00e9t\u00e9 dispos\u00e9s \u00e0 des points strat\u00e9giques.<\/p>\n\n\n\n<p><em>&nbsp;Nous disons au pr\u00e9fet de nous respecter<\/em>, a lanc\u00e9 Eric Bellemarre, secr\u00e9taire g\u00e9n\u00e9ral Force ouvri\u00e8re Martinique, sur l\u2019antenne de la radio RCI mardi matin.&nbsp;<em>Le premier ministre a annonc\u00e9 qu\u2019il fallait ouvrir un espace de dialogue, mais son repr\u00e9sentant local n\u2019a pas d\u00fb recevoir le message.&nbsp;\u00bb&nbsp;<\/em>Les gr\u00e9vistes s\u2019indignent de ne pas avoir \u00e9t\u00e9 re\u00e7us lundi par le pr\u00e9fet de la Martinique au terme de la premi\u00e8re journ\u00e9e de manifestation, justifiant par l\u00e0 le durcissement du mouvement.<\/p>\n\n\n\n<p><a href=\"https:\/\/www.lemonde.fr\/politique\/article\/2021\/11\/23\/conflit-social-en-guadeloupe-l-obligation-vaccinale-des-soignants-et-pompiers-s-appliquera-previent-sebastien-lecornu_6103252_823448.html\">Les violences se poursuivent \u00e0 la Guadeloupe voisine<\/a>, en proie \u00e0 une contestation sociale li\u00e9e \u00e0 l\u2019obligation vaccinale contre le Covid-19. Des gendarmes ont aussi essuy\u00e9 des tirs \u00e0 balles r\u00e9elles, ont rapport\u00e9 mardi matin les ministres des outre-mer, S\u00e9bastien Lecornu, et de l\u2019int\u00e9rieur, G\u00e9rald Darmanin. Le r\u00e9tablissement de l\u2019ordre public en Guadeloupe est le&nbsp;<em>\u00ab&nbsp;pr\u00e9alable \u00e0 toute discussion&nbsp;\u00bb<\/em>, a averti M.&nbsp;Darmanin.<\/p>\n\n\n\n<p><\/p>\n","protected":false},"excerpt":{"rendered":"<p>&nbsp;Nous sommes intervenus vers 23&nbsp;h&nbsp;30 en appui des pompiers. Nous avons re\u00e7u des projectiles. D\u2019autres feux de poubelles et de v\u00e9hicules ont \u00e9t\u00e9 allum\u00e9s vers 1&nbsp;h&nbsp;45, c\u2019est \u00e0 ce moment que les patrouilles ont essuy\u00e9 des tirs de 9&nbsp;mm \u00e0 plusieurs reprises. Des impacts ont \u00e9t\u00e9 relev\u00e9s sur les v\u00e9hicules&nbsp;\u00bb, a pr\u00e9cis\u00e9 le commandant Jo\u00ebl [&hellip;]<\/p>\n","protected":false},"author":2,"featured_media":19525,"comment_status":"open","ping_status":"open","sticky":false,"template":"","format":"standard","meta":{"_jetpack_memberships_contains_paid_content":false,"footnotes":"","jetpack_publicize_message":"","jetpack_publicize_feature_enabled":true,"jetpack_social_post_already_shared":true,"jetpack_social_options":{"image_generator_settings":{"template":"highway","default_image_id":0,"font":"","enabled":false},"version":2},"_wpas_customize_per_network":false},"categories":[405],"tags":[2996],"class_list":["post-19524","post","type-post","status-publish","format-standard","has-post-thumbnail","hentry","category-actu-france-monde","tag-a-la-martinique"],"jetpack_publicize_connections":[],"jetpack_featured_media_url":"https:\/\/i0.wp.com\/www.iceagetv.com\/radiosite\/wp-content\/uploads\/2021\/11\/A-la-Martinique-des-forces-de-l%E2%80%99ordre-et-des-pompiers-cibles-de-tirs-d%E2%80%99armes-%C3%A0-feu.jpg?fit=205%2C137&ssl=1","jetpack_sharing_enabled":true,"_links":{"self":[{"href":"https:\/\/www.iceagetv.com\/radiosite\/wp-json\/wp\/v2\/posts\/19524","targetHints":{"allow":["GET"]}}],"collection":[{"href":"https:\/\/www.iceagetv.com\/radiosite\/wp-json\/wp\/v2\/posts"}],"about":[{"href":"https:\/\/www.iceagetv.com\/radiosite\/wp-json\/wp\/v2\/types\/post"}],"author":[{"embeddable":true,"href":"https:\/\/www.iceagetv.com\/radiosite\/wp-json\/wp\/v2\/users\/2"}],"replies":[{"embeddable":true,"href":"https:\/\/www.iceagetv.com\/radiosite\/wp-json\/wp\/v2\/comments?post=19524"}],"version-history":[{"count":1,"href":"https:\/\/www.iceagetv.com\/radiosite\/wp-json\/wp\/v2\/posts\/19524\/revisions"}],"predecessor-version":[{"id":19526,"href":"https:\/\/www.iceagetv.com\/radiosite\/wp-json\/wp\/v2\/posts\/19524\/revisions\/19526"}],"wp:featuredmedia":[{"embeddable":true,"href":"https:\/\/www.iceagetv.com\/radiosite\/wp-json\/wp\/v2\/media\/19525"}],"wp:attachment":[{"href":"https:\/\/www.iceagetv.com\/radiosite\/wp-json\/wp\/v2\/media?parent=19524"}],"wp:term":[{"taxonomy":"category","embeddable":true,"href":"https:\/\/www.iceagetv.com\/radiosite\/wp-json\/wp\/v2\/categories?post=19524"},{"taxonomy":"post_tag","embeddable":true,"href":"https:\/\/www.iceagetv.com\/radiosite\/wp-json\/wp\/v2\/tags?post=19524"}],"curies":[{"name":"wp","href":"https:\/\/api.w.org\/{rel}","templated":true}]}}