{"id":19527,"date":"2021-11-23T17:55:09","date_gmt":"2021-11-23T17:55:09","guid":{"rendered":"http:\/\/www.iceagetv.com\/radiosite\/?p=19527"},"modified":"2021-11-23T17:55:09","modified_gmt":"2021-11-23T17:55:09","slug":"coronavirus-teste-positif-au-covid-19-le-premier-ministre-jean-castex-donne-de-ses-nouvelles-je-me-porte-bien-et-continue-dassurer-mes-fonctions-a-lisolement","status":"publish","type":"post","link":"https:\/\/www.iceagetv.com\/radiosite\/coronavirus-teste-positif-au-covid-19-le-premier-ministre-jean-castex-donne-de-ses-nouvelles-je-me-porte-bien-et-continue-dassurer-mes-fonctions-a-lisolement\/","title":{"rendered":"Coronavirus: Test\u00e9 positif au Covid-19, le Premier ministre Jean Castex donne de ses nouvelles: \u00ab\u00a0Je me porte bien et continue d\u2019assurer mes fonctions \u00e0 l\u2019isolement\u00a0\u00bb"},"content":{"rendered":"\n<p> <strong>Le Premier ministre Jean Castex donne de ses nouvelles. \u00ab\u00a0Merci du fond du c\u0153ur \u00e0 toutes celles et ceux qui m&rsquo;ont fait parvenir des messages amicaux et des t\u00e9moignages d&rsquo;affection\u00a0\u00bb, d\u00e9clare-t-il sur Twitter. Et d&rsquo;ajouter : \u00ab\u00a0\u00c0 l&rsquo;exception de l\u00e9gers sympt\u00f4mes, je me porte bien et continue d\u2019assurer mes fonctions \u00e0 l\u2019isolement, dans le strict respect du protocole sanitaire\u00a0\u00bb.<\/strong>  Cas contact de Jean Castex, le ministre de la Justice Eric Dupond-Moretti a \u00e9t\u00e9 test\u00e9 n\u00e9gatif. Le ministre charg\u00e9 des Relations avec le Parlement, Marc Fesneau, a \u00e9galement \u00e9t\u00e9 n\u00e9gatif au Covid, rapporte BFMTV.  <strong>Dix ministres de son gouvernement vont devoir se faire tester pour v\u00e9rifier s&rsquo;ils ont ou non contract\u00e9 le virus<\/strong>. Les ministres concern\u00e9s sont: le ministre de l&rsquo;Int\u00e9rieur, G\u00e9rald Darmanin; le garde des Sceaux \u00c9ric Dupont-Moretti; la ministre des Arm\u00e9es Florence Parly; la ministre de la Culture Roselyne Bachelot; le ministre charg\u00e9 des petites et moyennes entreprises Alain Griset; la ministre des Sports Roxana Maracineanu; le ministre charg\u00e9 des relations avec le Parlement Marc Fesneau; le secr\u00e9taire d&rsquo;\u00c9tat charg\u00e9 des Affaires europ\u00e9ennes Cl\u00e9ment Beaune; le secr\u00e9taire d&rsquo;\u00c9tat charg\u00e9 du Tourisme Jean-Baptiste Lemoyne et Genevi\u00e8ve Darrieussecq, la secr\u00e9taire d&rsquo;\u00c9tat aupr\u00e8s de la ministre des Arm\u00e9es. <\/p>\n","protected":false},"excerpt":{"rendered":"<p>Le Premier ministre Jean Castex donne de ses nouvelles. \u00ab\u00a0Merci du fond du c\u0153ur \u00e0 toutes celles et ceux qui m&rsquo;ont fait parvenir des messages amicaux et des t\u00e9moignages d&rsquo;affection\u00a0\u00bb, d\u00e9clare-t-il sur Twitter. Et d&rsquo;ajouter : \u00ab\u00a0\u00c0 l&rsquo;exception de l\u00e9gers sympt\u00f4mes, je me porte bien et continue d\u2019assurer mes fonctions \u00e0 l\u2019isolement, dans le strict [&hellip;]<\/p>\n","protected":false},"author":2,"featured_media":19528,"comment_status":"open","ping_status":"open","sticky":false,"template":"","format":"standard","meta":{"_jetpack_memberships_contains_paid_content":false,"footnotes":"","jetpack_publicize_message":"","jetpack_publicize_feature_enabled":true,"jetpack_social_post_already_shared":true,"jetpack_social_options":{"image_generator_settings":{"template":"highway","default_image_id":0,"font":"","enabled":false},"version":2},"_wpas_customize_per_network":false},"categories":[405],"tags":[],"class_list":["post-19527","post","type-post","status-publish","format-standard","has-post-thumbnail","hentry","category-actu-france-monde"],"jetpack_publicize_connections":[],"jetpack_featured_media_url":"https:\/\/i0.wp.com\/www.iceagetv.com\/radiosite\/wp-content\/uploads\/2021\/11\/le-Premier-ministre-Jean-Castex-donne-de-ses-nouvelles.png?fit=321%2C137&ssl=1","jetpack_sharing_enabled":true,"_links":{"self":[{"href":"https:\/\/www.iceagetv.com\/radiosite\/wp-json\/wp\/v2\/posts\/19527","targetHints":{"allow":["GET"]}}],"collection":[{"href":"https:\/\/www.iceagetv.com\/radiosite\/wp-json\/wp\/v2\/posts"}],"about":[{"href":"https:\/\/www.iceagetv.com\/radiosite\/wp-json\/wp\/v2\/types\/post"}],"author":[{"embeddable":true,"href":"https:\/\/www.iceagetv.com\/radiosite\/wp-json\/wp\/v2\/users\/2"}],"replies":[{"embeddable":true,"href":"https:\/\/www.iceagetv.com\/radiosite\/wp-json\/wp\/v2\/comments?post=19527"}],"version-history":[{"count":1,"href":"https:\/\/www.iceagetv.com\/radiosite\/wp-json\/wp\/v2\/posts\/19527\/revisions"}],"predecessor-version":[{"id":19529,"href":"https:\/\/www.iceagetv.com\/radiosite\/wp-json\/wp\/v2\/posts\/19527\/revisions\/19529"}],"wp:featuredmedia":[{"embeddable":true,"href":"https:\/\/www.iceagetv.com\/radiosite\/wp-json\/wp\/v2\/media\/19528"}],"wp:attachment":[{"href":"https:\/\/www.iceagetv.com\/radiosite\/wp-json\/wp\/v2\/media?parent=19527"}],"wp:term":[{"taxonomy":"category","embeddable":true,"href":"https:\/\/www.iceagetv.com\/radiosite\/wp-json\/wp\/v2\/categories?post=19527"},{"taxonomy":"post_tag","embeddable":true,"href":"https:\/\/www.iceagetv.com\/radiosite\/wp-json\/wp\/v2\/tags?post=19527"}],"curies":[{"name":"wp","href":"https:\/\/api.w.org\/{rel}","templated":true}]}}