{"id":19530,"date":"2021-11-24T08:04:12","date_gmt":"2021-11-24T08:04:12","guid":{"rendered":"http:\/\/www.iceagetv.com\/radiosite\/?p=19530"},"modified":"2021-11-24T08:04:12","modified_gmt":"2021-11-24T08:04:12","slug":"coronavirus-une-deuxieme-membre-du-gouvernement-a-annonce-etre-positif-au-covid-apres-le-premier-ministre-jean-castex","status":"publish","type":"post","link":"https:\/\/www.iceagetv.com\/radiosite\/coronavirus-une-deuxieme-membre-du-gouvernement-a-annonce-etre-positif-au-covid-apres-le-premier-ministre-jean-castex\/","title":{"rendered":"Coronavirus : Une deuxi\u00e8me membre du gouvernement a annonc\u00e9 \u00eatre positif au COVID apr\u00e8s le Premier Ministre Jean Castex"},"content":{"rendered":"\n<p>Une deuxi\u00e8me membre du gouvernement a annonc\u00e9 \u00eatre positif au COVID apr\u00e8s le Premier Ministre Jean Castex. Brigitte Klinkert, ministre d\u00e9l\u00e9gu\u00e9e en charge de l&rsquo;Insertion, a annonc\u00e9 ce mardi soir avoir \u00e9t\u00e9 test\u00e9e positive au Covid-19.<\/p>\n\n\n\n<p>La Ministre \u00e9crit sur Twitter : \u00ab\u00a0Apr\u00e8s avoir \u00e9t\u00e9 d\u00e9clar\u00e9e cas contact [&#8230;] j&rsquo;ai r\u00e9alis\u00e9 ce matin un test PCR qui s&rsquo;est av\u00e9r\u00e9 positif\u00a0\u00bb indiquant ne pas avoir de sympt\u00f4mes et annon\u00e7ant poursuivre ses activit\u00e9s \u00e0 l&rsquo;isolement. Cette annonce survient au lendemain de celle de Jean Castex. Le Premier ministre, qui a fait savoir lundi qu&rsquo;il avait \u00e9t\u00e9 test\u00e9 positif, voit son agenda am\u00e9nag\u00e9 pour les prochains jours \u00ab\u00a0afin qu&rsquo;il poursuive ses activit\u00e9s tout en \u00e9tant \u00e0 l&rsquo;isolement\u00a0\u00bb.<\/p>\n","protected":false},"excerpt":{"rendered":"<p>Une deuxi\u00e8me membre du gouvernement a annonc\u00e9 \u00eatre positif au COVID apr\u00e8s le Premier Ministre Jean Castex. Brigitte Klinkert, ministre d\u00e9l\u00e9gu\u00e9e en charge de l&rsquo;Insertion, a annonc\u00e9 ce mardi soir avoir \u00e9t\u00e9 test\u00e9e positive au Covid-19. La Ministre \u00e9crit sur Twitter : \u00ab\u00a0Apr\u00e8s avoir \u00e9t\u00e9 d\u00e9clar\u00e9e cas contact [&#8230;] j&rsquo;ai r\u00e9alis\u00e9 ce matin un test [&hellip;]<\/p>\n","protected":false},"author":2,"featured_media":19531,"comment_status":"open","ping_status":"open","sticky":false,"template":"","format":"standard","meta":{"_jetpack_memberships_contains_paid_content":false,"footnotes":"","jetpack_publicize_message":"","jetpack_publicize_feature_enabled":true,"jetpack_social_post_already_shared":true,"jetpack_social_options":{"image_generator_settings":{"template":"highway","default_image_id":0,"font":"","enabled":false},"version":2},"_wpas_customize_per_network":false},"categories":[405],"tags":[],"class_list":["post-19530","post","type-post","status-publish","format-standard","has-post-thumbnail","hentry","category-actu-france-monde"],"jetpack_publicize_connections":[],"jetpack_featured_media_url":"https:\/\/i0.wp.com\/www.iceagetv.com\/radiosite\/wp-content\/uploads\/2021\/11\/Une-deuxi%C3%A8me-membre-du-gouvernement-a-annonc%C3%A9-%C3%AAtre-positif-au-COVID-apr%C3%A8s-le-Premier-Ministre-Jean-Castex.png?fit=590%2C265&ssl=1","jetpack_sharing_enabled":true,"_links":{"self":[{"href":"https:\/\/www.iceagetv.com\/radiosite\/wp-json\/wp\/v2\/posts\/19530","targetHints":{"allow":["GET"]}}],"collection":[{"href":"https:\/\/www.iceagetv.com\/radiosite\/wp-json\/wp\/v2\/posts"}],"about":[{"href":"https:\/\/www.iceagetv.com\/radiosite\/wp-json\/wp\/v2\/types\/post"}],"author":[{"embeddable":true,"href":"https:\/\/www.iceagetv.com\/radiosite\/wp-json\/wp\/v2\/users\/2"}],"replies":[{"embeddable":true,"href":"https:\/\/www.iceagetv.com\/radiosite\/wp-json\/wp\/v2\/comments?post=19530"}],"version-history":[{"count":1,"href":"https:\/\/www.iceagetv.com\/radiosite\/wp-json\/wp\/v2\/posts\/19530\/revisions"}],"predecessor-version":[{"id":19532,"href":"https:\/\/www.iceagetv.com\/radiosite\/wp-json\/wp\/v2\/posts\/19530\/revisions\/19532"}],"wp:featuredmedia":[{"embeddable":true,"href":"https:\/\/www.iceagetv.com\/radiosite\/wp-json\/wp\/v2\/media\/19531"}],"wp:attachment":[{"href":"https:\/\/www.iceagetv.com\/radiosite\/wp-json\/wp\/v2\/media?parent=19530"}],"wp:term":[{"taxonomy":"category","embeddable":true,"href":"https:\/\/www.iceagetv.com\/radiosite\/wp-json\/wp\/v2\/categories?post=19530"},{"taxonomy":"post_tag","embeddable":true,"href":"https:\/\/www.iceagetv.com\/radiosite\/wp-json\/wp\/v2\/tags?post=19530"}],"curies":[{"name":"wp","href":"https:\/\/api.w.org\/{rel}","templated":true}]}}