{"id":19543,"date":"2021-11-25T09:00:38","date_gmt":"2021-11-25T09:00:38","guid":{"rendered":"http:\/\/www.iceagetv.com\/radiosite\/?p=19543"},"modified":"2021-11-25T09:00:38","modified_gmt":"2021-11-25T09:00:38","slug":"un-deuxieme-membre-des-daltons-qui-ont-tire-des-feux-dartifices-hier-lors-de-face-a-la-rue-avec-jordan-bardella-a-la-guillotiere-avec-jordan-bardella-a-ete-interpelle-ce-matin","status":"publish","type":"post","link":"https:\/\/www.iceagetv.com\/radiosite\/un-deuxieme-membre-des-daltons-qui-ont-tire-des-feux-dartifices-hier-lors-de-face-a-la-rue-avec-jordan-bardella-a-la-guillotiere-avec-jordan-bardella-a-ete-interpelle-ce-matin\/","title":{"rendered":"Un deuxi\u00e8me membre des Daltons qui ont tir\u00e9 des \u00ab\u00a0Feux d&rsquo;artifices\u00a0\u00bb hier lors de \u00ab\u00a0Face \u00e0 la rue avec Jordan Bardella\u00a0\u00bb \u00e0 la Guilloti\u00e8re avec Jordan Bardella a \u00e9t\u00e9 interpell\u00e9 ce matin"},"content":{"rendered":"\n<p><strong>Un deuxi\u00e8me membre des 3 Daltons qui ont tir\u00e9 des \u00ab\u00a0Feux d&rsquo;artifices\u00a0\u00bb hier lors de \u00ab\u00a0Face \u00e0 la rue : Jordan Bardella\u00a0\u00bb \u00e0 la Guilloti\u00e8re avec Jean-Marc Morandini a \u00e9t\u00e9 interpell\u00e9 ce matin selon les informations de CNews.<\/strong><\/p>\n\n\n\n<p>Un \u00ab\u00a0Dalton\u00a0\u00bb avait \u00e9t\u00e9 interpell\u00e9 hier, mercredi, pour des \u00ab\u00a0tirs de mortiers\u00a0\u00bb contre la police, en marge d&rsquo;une manifestation contre un direct de la t\u00e9l\u00e9vision CNews avec Jordan Bardella, le pr\u00e9sident du RN, dans un quartier de Lyon, a-t-on appris de source polici\u00e8re. L&rsquo;homme, soup\u00e7onn\u00e9 de \u00ab\u00a0violence avec arme sur personne d\u00e9positaire de l&rsquo;autorit\u00e9 publique\u00a0\u00bb, a \u00e9t\u00e9 plac\u00e9 en garde \u00e0 vue, selon une source polici\u00e8re interrog\u00e9e par l&rsquo;AFP apr\u00e8s une information donn\u00e9e par un repr\u00e9sentant de la pr\u00e9fecture.<\/p>\n\n\n\n<p>Le collectif des Dalton, un groupe de rappeurs lyonnais connu pour provoquer la police en portant le costume ray\u00e9 jaune et noir des bandits bagnards de la bande dessin\u00e9e, avait annonc\u00e9 mardi une action sur son compte Instagram. Au m\u00eame moment, des groupes antifachistes de Lyon appelaient sur les r\u00e9seaux sociaux \u00e0 la mobilisation contre la venue de Jordan Bardella.<\/p>\n\n\n\n<p>Mercredi, une centaine de manifestants s&rsquo;est r\u00e9unie sur le lieu pr\u00e9vu du tournage de la deuxi\u00e8me \u00e9dition de l&rsquo;\u00e9mission \u00ab\u00a0Face \u00e0 la Rue\u00a0\u00bb de CNews, sous la surveillance \u00e9troite de policiers et de CRS, mobilis\u00e9s pour maintenir l&rsquo;ordre, a constat\u00e9 l&rsquo;AFP. L&rsquo;\u00e9mission, o\u00f9 Jean-Marc Morandini visite avec des personnalit\u00e9s ce que la cha\u00eene CNews consid\u00e8re comme des \u00ab\u00a0zones de non-droit\u00a0\u00bb, s&rsquo;est d\u00e9roul\u00e9e sans incident dans le quartier de la Guilloti\u00e8re.<\/p>\n\n\n\n<p>Ce quartier, o\u00f9 s&rsquo;est d\u00e9ploy\u00e9 un march\u00e9 sauvage avec diff\u00e9rents trafics de rue suscitant un fort sentiment d&rsquo;ins\u00e9curit\u00e9 chez les riverains, est au centre de l&rsquo;attention des autorit\u00e9s depuis plusieurs mois. Ce \u00ab\u00a0petit march\u00e9 de la mis\u00e8re\u00a0\u00bb, selon les mots d&rsquo;un habitant interrog\u00e9 par CNews, se trouve \u00e0 proximit\u00e9 du centre de Lyon et des commerces de luxe install\u00e9s dans l&rsquo;ancien b\u00e2timent historique de l&rsquo;H\u00f4tel-Dieu.<\/p>\n\n\n\n<p>Le pr\u00e9sident du RN avait annonc\u00e9 sur son compte Twitter son d\u00e9placement dans le quartier o\u00f9, selon lui \u00ab\u00a0nos concitoyens sont abandonn\u00e9s et livr\u00e9s \u00e0 la violence\u00a0\u00bb. \u00ab\u00a0Les racistes ne sont pas bienvenus dans notre quartier\u00a0\u00bb, avait r\u00e9pliqu\u00e9 le \u00ab\u00a0Groupe Antifa de Lyon\u00a0\u00bb sur son compte Twitter. Le mois dernier, la premi\u00e8re \u00e9dition de \u00ab\u00a0Face \u00e0 la rue\u00a0\u00bb s&rsquo;est d\u00e9roul\u00e9e \u00e0 Drancy, en banlieue parisienne, avec Eric Zemmour, le pol\u00e9miste d&rsquo;extr\u00eame droite.<\/p>\n","protected":false},"excerpt":{"rendered":"<p>Un deuxi\u00e8me membre des 3 Daltons qui ont tir\u00e9 des \u00ab\u00a0Feux d&rsquo;artifices\u00a0\u00bb hier lors de \u00ab\u00a0Face \u00e0 la rue : Jordan Bardella\u00a0\u00bb \u00e0 la Guilloti\u00e8re avec Jean-Marc Morandini a \u00e9t\u00e9 interpell\u00e9 ce matin selon les informations de CNews. Un \u00ab\u00a0Dalton\u00a0\u00bb avait \u00e9t\u00e9 interpell\u00e9 hier, mercredi, pour des \u00ab\u00a0tirs de mortiers\u00a0\u00bb contre la police, en marge [&hellip;]<\/p>\n","protected":false},"author":2,"featured_media":19544,"comment_status":"open","ping_status":"open","sticky":false,"template":"","format":"standard","meta":{"_jetpack_memberships_contains_paid_content":false,"footnotes":"","jetpack_publicize_message":"","jetpack_publicize_feature_enabled":true,"jetpack_social_post_already_shared":true,"jetpack_social_options":{"image_generator_settings":{"template":"highway","default_image_id":0,"font":"","enabled":false},"version":2},"_wpas_customize_per_network":false},"categories":[405],"tags":[],"class_list":["post-19543","post","type-post","status-publish","format-standard","has-post-thumbnail","hentry","category-actu-france-monde"],"jetpack_publicize_connections":[],"jetpack_featured_media_url":"https:\/\/i0.wp.com\/www.iceagetv.com\/radiosite\/wp-content\/uploads\/2021\/11\/Un-deuxi%C3%A8me-membre-des-Daltons.jpg?fit=360%2C201&ssl=1","jetpack_sharing_enabled":true,"_links":{"self":[{"href":"https:\/\/www.iceagetv.com\/radiosite\/wp-json\/wp\/v2\/posts\/19543","targetHints":{"allow":["GET"]}}],"collection":[{"href":"https:\/\/www.iceagetv.com\/radiosite\/wp-json\/wp\/v2\/posts"}],"about":[{"href":"https:\/\/www.iceagetv.com\/radiosite\/wp-json\/wp\/v2\/types\/post"}],"author":[{"embeddable":true,"href":"https:\/\/www.iceagetv.com\/radiosite\/wp-json\/wp\/v2\/users\/2"}],"replies":[{"embeddable":true,"href":"https:\/\/www.iceagetv.com\/radiosite\/wp-json\/wp\/v2\/comments?post=19543"}],"version-history":[{"count":1,"href":"https:\/\/www.iceagetv.com\/radiosite\/wp-json\/wp\/v2\/posts\/19543\/revisions"}],"predecessor-version":[{"id":19545,"href":"https:\/\/www.iceagetv.com\/radiosite\/wp-json\/wp\/v2\/posts\/19543\/revisions\/19545"}],"wp:featuredmedia":[{"embeddable":true,"href":"https:\/\/www.iceagetv.com\/radiosite\/wp-json\/wp\/v2\/media\/19544"}],"wp:attachment":[{"href":"https:\/\/www.iceagetv.com\/radiosite\/wp-json\/wp\/v2\/media?parent=19543"}],"wp:term":[{"taxonomy":"category","embeddable":true,"href":"https:\/\/www.iceagetv.com\/radiosite\/wp-json\/wp\/v2\/categories?post=19543"},{"taxonomy":"post_tag","embeddable":true,"href":"https:\/\/www.iceagetv.com\/radiosite\/wp-json\/wp\/v2\/tags?post=19543"}],"curies":[{"name":"wp","href":"https:\/\/api.w.org\/{rel}","templated":true}]}}