{"id":19546,"date":"2021-11-25T12:43:17","date_gmt":"2021-11-25T12:43:17","guid":{"rendered":"http:\/\/www.iceagetv.com\/radiosite\/?p=19546"},"modified":"2021-11-25T12:43:17","modified_gmt":"2021-11-25T12:43:17","slug":"olivier-veran-la-dose-de-rappel-du-vaccin-ouverte-aux-plus-de-18-ans-cinq-mois-apres-la-derniere-injection-sans-dose-de-rappel-le-pass-sanitaire-desactive-7-mois-apres-la-derniere-injection","status":"publish","type":"post","link":"https:\/\/www.iceagetv.com\/radiosite\/olivier-veran-la-dose-de-rappel-du-vaccin-ouverte-aux-plus-de-18-ans-cinq-mois-apres-la-derniere-injection-sans-dose-de-rappel-le-pass-sanitaire-desactive-7-mois-apres-la-derniere-injection\/","title":{"rendered":"Olivier V\u00e9ran: \u00ab\u00a0La dose de rappel du vaccin ouverte aux plus de 18 ans, cinq mois apr\u00e8s la derni\u00e8re injection\u00a0\u00bb &#8211; \u00ab\u00a0Sans dose de rappel, le pass sanitaire d\u00e9sactiv\u00e9 7 mois apr\u00e8s la derni\u00e8re injection\u00a0\u00bb"},"content":{"rendered":"\n<p> <strong>Il n&rsquo;y aura plus de fermeture syst\u00e9matique de la classe d\u00e8s le 1\u00e8re cas, mais un d\u00e9pistage des enfants\u00a0\u00bb, annonce Jean-Michel Blanquer, le ministre de l&rsquo;Education, concernant les classes de primaire.<\/strong> <\/p>\n\n\n\n<p><strong>Le ministre de la Sant\u00e9 Olivier V\u00e9ran s&rsquo;exprime lors d&rsquo;une conf\u00e9rence de presse depuis le minist\u00e8re de la Sant\u00e9 \u00e0 Paris<br><\/strong><\/p>\n\n\n\n<p><strong>\u00ab\u00a0Le virus circule \u00e0 nouveau, circule vite en France et dans le monde. La France connait \u00e0 son tour une cinqui\u00e8me vague, elle sera plus forte, plus longue que celle survenue cet \u00e9t\u00e9\u00a0\u00bb.<\/strong><\/p>\n\n\n\n<p><strong>\u00ab\u00a0Nous consid\u00e9rons encore aujourd&rsquo;hui que nous pouvons passer cette vague sans recourir aux outils les plus contraignants\u00a0\u00bb, \u00ab\u00a0Je ne vous annoncerai ni confinement, ni couvre-feu, ni fermeture des commerces\u00a0\u00bb<\/strong><\/p>\n\n\n\n<p><strong>\u00ab\u00a0Le vaccin nous prot\u00e8ge individuellement, collectivement. Le vaccin est tr\u00e8s protecteur mais son efficacit\u00e9 diminue avec le temps\u00a0\u00bb. \u00ab\u00a0Si nous n&rsquo;avions pas cette couverture vaccinale importante, nous serions submerg\u00e9s par la vague \u00e9pid\u00e9mique\u00a0\u00bb<br><\/strong><\/p>\n\n\n\n<p><strong>\u00ab\u00a0Le rappel vaccinal ouvert \u00e0 tous les adultes de 18 ans et plus d\u00e8s 5 mois apr\u00e8s la derni\u00e8re injection\u00a0\u00bb. \u00ab\u00a0Il y aura des vaccins pour tout le monde, tout le monde pourra \u00eatre vaccin\u00e9 dans les d\u00e9lais\u00a0\u00bb. \u00ab\u00a0Nous allons ouvrir et amplifier les centres de vaccination d\u00e8s ce samedi\u00a0\u00bb<\/strong><\/p>\n\n\n\n<p><strong>\u00ab\u00a0Nous r\u00e9duisons de 24h la dur\u00e9e de validit\u00e9 des tests\u00a0\u00bb pour b\u00e9n\u00e9ficier du pass sanitaire.\u00a0\u00ab\u00a0Sans dose de rappel, le pass sanitaire sera d\u00e9sactiv\u00e9 7 mois apr\u00e8s la derni\u00e8re injection\u00a0\u00bb, \u00ab\u00a0Le port du masque obligatoire fera son retour dans tous les \u00e9tablissements recevant du public\u00a0\u00bb<\/strong> Hier, 8.500 classes \u00e9taient ferm\u00e9es en France, selon les informations de\u00a0<a rel=\"noreferrer noopener\" href=\"https:\/\/www.bfmtv.com\/sante\/en-direct-3e-dose-pour-tous-pass-sanitaire-les-annonces-du-gouvernement-attendues-a-la-mi-journee_LN-202111250184.html\" target=\"_blank\">BFMTV<\/a>. En d\u00e9but de semaine, le ministre de l\u2019Education, Jean-Michel Blanquer \u00e9voquait 6.000 classes ferm\u00e9es. <\/p>\n\n\n\n<p><strong>Les autorit\u00e9s sanitaires en France ont recommand\u00e9 jeudi que le rappel de vaccin contre le Covid-19 soit fait d\u00e8s l\u2019\u00e2ge de 18 ans, 5 mois apr\u00e8s la vaccination compl\u00e8te, dans un avis rendu juste avant de nouvelles annonces du gouvernement.<\/strong>&nbsp;Cette recommandation pr\u00e9figure vraisemblablement ce qu\u2019annoncera le ministre fran\u00e7ais de la Sant\u00e9 Olivier V\u00e9ran \u00e0 12h30 (11H30 GMT), alors que la France est touch\u00e9e par une cinqui\u00e8me vague de l\u2019\u00e9pid\u00e9mie, qualifi\u00e9e de \u00ab&nbsp;fulgurante&nbsp;\u00bb par le gouvernement.<\/p>\n\n\n\n<p>Dans un avis rendu seulement six jours auparavant, vendredi, la Haute autorit\u00e9 de sant\u00e9 (HAS) pr\u00e9conisait que la dose de rappel soit faite \u00e0 partir de 40 ans, 6 mois apr\u00e8s la derni\u00e8re injection. Mais elle a d\u00e9cid\u00e9 d\u2019abaisser ces d\u00e9lais car la \u00ab&nbsp;reprise de l\u2019\u00e9pid\u00e9mie&nbsp;\u00bb est \u00ab&nbsp;encore plus forte qu\u2019attendue&nbsp;\u00bb, explique-t-elle dans son nouvel avis.<\/p>\n\n\n\n<p>Elle \u00ab&nbsp;consid\u00e8re que le contexte \u00e9pid\u00e9mique pr\u00e9occupant justifie une acc\u00e9l\u00e9ration de la campagne vaccinale en raccourcissant le d\u00e9lai entre primovaccination et dose de rappel&nbsp;\u00bb, justifie la HAS, dont le r\u00f4le est d\u2019inspirer la politique du gouvernement sur ces questions. Elle \u00ab&nbsp;recommande donc que l\u2019administration d\u2019une dose de rappel puisse d\u00e9sormais \u00eatre r\u00e9alis\u00e9e d\u00e8s 5 mois apr\u00e8s la primovaccination et que la campagne de rappel puisse \u00eatre \u00e9largie d\u00e8s maintenant aux personnes \u00e2g\u00e9es de 18 ans et plus&nbsp;\u00bb.<\/p>\n\n\n\n<p>La HAS se base notamment sur des projections de l\u2019Institut Pasteur, qui \u00e9valuent la r\u00e9duction du pic des hospitalisations si on administre la dose de rappel \u00e0 partir de 18 ans. Selon la HAS, cette r\u00e9duction est de 39% si le rappel est fait 6 mois apr\u00e8s la derni\u00e8re injection, et passe \u00e0 50% si le rappel est fait \u00e0 5 mois.<\/p>\n\n\n\n<p>La HAS assure que le bien-fond\u00e9 de cette strat\u00e9gie est \u00e9galement illustr\u00e9 par \u00ab&nbsp;les donn\u00e9es issues d\u2019\u00e9tudes en vie r\u00e9elle men\u00e9es en Isra\u00ebl&nbsp;\u00bb. Au del\u00e0 du rappel, \u00ab&nbsp;il est primordial de poursuivre les efforts de vaccination des personnes non encore vaccin\u00e9es&nbsp;\u00bb, souligne la HAS. Enfin, elle insiste sur le \u00ab&nbsp;renforcement de l\u2019adh\u00e9sion aux gestes barri\u00e8res \u00e0 un haut niveau&nbsp;\u00bb, afin de \u00ab&nbsp;pr\u00e9server le syst\u00e8me de soins et d\u2019\u00e9viter des mesures restrictives&nbsp;\u00bb.<\/p>\n\n\n\n<p><\/p>\n\n\n\n<p><\/p>\n","protected":false},"excerpt":{"rendered":"<p>Il n&rsquo;y aura plus de fermeture syst\u00e9matique de la classe d\u00e8s le 1\u00e8re cas, mais un d\u00e9pistage des enfants\u00a0\u00bb, annonce Jean-Michel Blanquer, le ministre de l&rsquo;Education, concernant les classes de primaire. Le ministre de la Sant\u00e9 Olivier V\u00e9ran s&rsquo;exprime lors d&rsquo;une conf\u00e9rence de presse depuis le minist\u00e8re de la Sant\u00e9 \u00e0 Paris \u00ab\u00a0Le virus circule [&hellip;]<\/p>\n","protected":false},"author":2,"featured_media":19547,"comment_status":"open","ping_status":"open","sticky":false,"template":"","format":"standard","meta":{"_jetpack_memberships_contains_paid_content":false,"footnotes":"","jetpack_publicize_message":"","jetpack_publicize_feature_enabled":true,"jetpack_social_post_already_shared":true,"jetpack_social_options":{"image_generator_settings":{"template":"highway","default_image_id":0,"font":"","enabled":false},"version":2},"_wpas_customize_per_network":false},"categories":[405],"tags":[],"class_list":["post-19546","post","type-post","status-publish","format-standard","has-post-thumbnail","hentry","category-actu-france-monde"],"jetpack_publicize_connections":[],"jetpack_featured_media_url":"https:\/\/i0.wp.com\/www.iceagetv.com\/radiosite\/wp-content\/uploads\/2021\/11\/La-dose-de-rappel-du-vaccin-ouverte-aux-plus-de-18-ans.jpg?fit=679%2C293&ssl=1","jetpack_sharing_enabled":true,"_links":{"self":[{"href":"https:\/\/www.iceagetv.com\/radiosite\/wp-json\/wp\/v2\/posts\/19546","targetHints":{"allow":["GET"]}}],"collection":[{"href":"https:\/\/www.iceagetv.com\/radiosite\/wp-json\/wp\/v2\/posts"}],"about":[{"href":"https:\/\/www.iceagetv.com\/radiosite\/wp-json\/wp\/v2\/types\/post"}],"author":[{"embeddable":true,"href":"https:\/\/www.iceagetv.com\/radiosite\/wp-json\/wp\/v2\/users\/2"}],"replies":[{"embeddable":true,"href":"https:\/\/www.iceagetv.com\/radiosite\/wp-json\/wp\/v2\/comments?post=19546"}],"version-history":[{"count":1,"href":"https:\/\/www.iceagetv.com\/radiosite\/wp-json\/wp\/v2\/posts\/19546\/revisions"}],"predecessor-version":[{"id":19548,"href":"https:\/\/www.iceagetv.com\/radiosite\/wp-json\/wp\/v2\/posts\/19546\/revisions\/19548"}],"wp:featuredmedia":[{"embeddable":true,"href":"https:\/\/www.iceagetv.com\/radiosite\/wp-json\/wp\/v2\/media\/19547"}],"wp:attachment":[{"href":"https:\/\/www.iceagetv.com\/radiosite\/wp-json\/wp\/v2\/media?parent=19546"}],"wp:term":[{"taxonomy":"category","embeddable":true,"href":"https:\/\/www.iceagetv.com\/radiosite\/wp-json\/wp\/v2\/categories?post=19546"},{"taxonomy":"post_tag","embeddable":true,"href":"https:\/\/www.iceagetv.com\/radiosite\/wp-json\/wp\/v2\/tags?post=19546"}],"curies":[{"name":"wp","href":"https:\/\/api.w.org\/{rel}","templated":true}]}}