{"id":19552,"date":"2021-11-26T08:54:47","date_gmt":"2021-11-26T08:54:47","guid":{"rendered":"http:\/\/www.iceagetv.com\/radiosite\/?p=19552"},"modified":"2021-11-26T08:54:47","modified_gmt":"2021-11-26T08:54:47","slug":"martinique-deux-policiers-blesses-ce-matin-par-arme-a-feu-a-fort-de-france-cnews-quatre-journalistes-francais-vises-par-des-coups-de-feu-tires-par-des-individus-a-moto","status":"publish","type":"post","link":"https:\/\/www.iceagetv.com\/radiosite\/martinique-deux-policiers-blesses-ce-matin-par-arme-a-feu-a-fort-de-france-cnews-quatre-journalistes-francais-vises-par-des-coups-de-feu-tires-par-des-individus-a-moto\/","title":{"rendered":"Martinique : Deux policiers bless\u00e9s ce matin par arme \u00e0 feu \u00e0 Fort-de-France (CNews) &#8211; Quatre journalistes fran\u00e7ais vis\u00e9s par des coups de feu tir\u00e9s par des individus \u00e0 moto"},"content":{"rendered":"\n<p> <strong>Les coups de feu ayant vis\u00e9 des journalistes en Martinique dans la nuit de jeudi \u00e0 vendredi sont \u00ab\u00a0totalement inacceptables\u00a0\u00bb, s&rsquo;est \u00e9mu sur BFMTV le porte-parole du gouvernement Gabriel Attal.<\/strong>\u00a0\u00ab\u00a0Je veux leur rendre hommage, on ne peut pas accepter en France (&#8230;) que des journalistes soient pris pour cible quand ils font leur travail, quand ils se retrouvent \u00e0 essuyer des tirs \u00e0 balle r\u00e9elle. c&rsquo;est totalement inacceptable (&#8230;) Evidemment fermet\u00e9 absolue face \u00e0 ces situations\u00a0\u00bb, a comment\u00e9 M. Attal.  <strong>Selon CNews, deux policiers viennent d&rsquo;\u00eatre bless\u00e9s \u00e0 Fort de France apr\u00e8s avoir \u00e9t\u00e9 vis\u00e9s par armes \u00e0 feu<\/strong> <\/p>\n\n\n\n<p><strong>La situation devient de plus en plus dangereuse en Martinique puisque des policiers mais \u00e9galement des journalistes ont \u00e9t\u00e9 vis\u00e9s cette nuit par des coups de feu tir\u00e9s \u00e0 balles r\u00e9elles.&nbsp;<\/strong>Quatre journalistes fran\u00e7ais, dont un photographe de l&rsquo;AFP, ont \u00e9t\u00e9 vis\u00e9s par des coups de feu de la part d&rsquo;individus \u00e0 moto dans la nuit de jeudi \u00e0 vendredi dans un quartier de Fort-de-France alors qu&rsquo;ils couvraient les violences urbaines nocturnes dans l&rsquo;\u00eele.&nbsp;Le photographe de l&rsquo;AFP, Lo\u00efc Venance, deux journalistes de BFMTV\/RMC Sport, Maureen Lehoux et Julien Taureau, et un photojournaliste d&rsquo;Abaca Press, Rapha\u00ebl Lafargue n&rsquo;ont pas \u00e9t\u00e9 bless\u00e9s et ont eu juste le temps de monter \u00e0 bord de leur v\u00e9hicule et de quitter pr\u00e9cipitamment les lieux. Les individus casqu\u00e9s ne les ont pas suivis.<\/p>\n\n\n\n<p>\u00ab\u00a0On est sortis de la voiture pour filmer le barrage de loin. On \u00e9tait pr\u00e8s du canal Levassor, tout proche du port de plaisance, un endroit plut\u00f4t calme ces derniers jours. On \u00e9tait seuls. J&rsquo;ai vu deux motos s&rsquo;arr\u00eater. J&rsquo;ai cri\u00e9 : &lsquo;Putain y a les motos !'\u00a0\u00bb, a racont\u00e9 Lo\u00efc Venance.<\/p>\n\n\n\n<p>Les journalistes avaient eu \u00e9cho que des hommes \u00e0 moto arm\u00e9s venaient provoquer les forces de l&rsquo;ordre lors des violences nocturnes. \u00ab\u00a0Au moment de monter dans la voiture, il y a eu un premier tir. Puis deux autres tirs avant qu&rsquo;on file\u00a0\u00bb, a d\u00e9taill\u00e9 Julien Taureau.<\/p>\n\n\n\n<p>\u00ab\u00a0\u00c7a faisait une heure et demie qu&rsquo;on tournait dans la ville pour t\u00e9moigner des violences. On a crois\u00e9 \u00e9norm\u00e9ment de policiers qui nous disaient de rentrer. Ils \u00e9taient hyper tendus. On s&rsquo;est dit: &lsquo;c&rsquo;est hyper calme, c&rsquo;est pas normal'\u00a0\u00bb, a rapport\u00e9 le photographe de l&rsquo;AFP. \u00ab\u00a0C&rsquo;\u00e9tait vraiment une nuit pas comme les autres, notre troisi\u00e8me nuit d&rsquo;affil\u00e9e. L\u00e0, la ville \u00e9tait vide et l&rsquo;atmosph\u00e8re tr\u00e8s pesante\u00a0\u00bb, se souvient Maureen Lehoux. Plusieurs policiers ont \u00e9t\u00e9 la cible de tirs depuis lundi, blessant l\u00e9g\u00e8rement nombre d&rsquo;entre eux.<\/p>\n\n\n\n<p><strong>Nouvelle nuit de violence en Martinique malgr\u00e9 le couvre feu qui avait \u00e9t\u00e9 instaur\u00e9 avec des coups de feu qui ont \u00e9t\u00e9 tir\u00e9s.&nbsp; Le pr\u00e9fet de Martinique a en effet instaur\u00e9 ce jeudi un couvre feu \u00abde 19h \u00e0 5h jusqu&rsquo;au retour au calme\u00bb pour faire face aux \u00abviolences urbaines nocturnes\u00bb qui se multiplient depuis lundi.<\/strong><\/p>\n\n\n\n<p>\u00abDes groupes d&rsquo;individus ont commis des d\u00e9gradations et install\u00e9 des barrages\u00bb, et \u00abdes actes de violence ont eu lieu \u00e0 l&rsquo;encontre des forces de s\u00e9curit\u00e9\u00bb, explique le pr\u00e9fet qui pr\u00e9cise que \u00ab11 personnes ont \u00e9t\u00e9 interpell\u00e9es et plusieurs armes\u00bb ont \u00e9t\u00e9 saisies.<\/p>\n\n\n\n<p>L&rsquo;objectif prioritaire de ce couvre-feu \u00e9tabli est \u00able retour \u00e0 une situation apais\u00e9e\u00bb poursuit Stanislas Cazelle, le pr\u00e9fet de la Martinique. \u00abCela permettra ensuite de dialoguer, de travailler et d&rsquo;avancer\u00bb.\u00a0 Il a aussi mentionn\u00e9 \u00able retour du service public et la r\u00e9ouverture du syst\u00e8me scolaire\u00bb alors que la gr\u00e8ve g\u00e9n\u00e9rale, entam\u00e9e le 15 novembre dernier, se poursuit sur l&rsquo;\u00eele, en r\u00e9ponse aux nouvelles restrictions sanitaires et \u00e0 la hausse des prix dans les supermarch\u00e9s, pour les produits de premi\u00e8re n\u00e9cessit\u00e9.<\/p>\n\n\n\n<p><strong>Le gouvernement envisage une \u00ab\u00a0solution individuelle\u00a0\u00bb pour les personnels soignants et pompiers de Guadeloupe devant \u00eatre suspendus car r\u00e9tifs \u00e0 la vaccination obligatoire<\/strong>, selon le minist\u00e8re des Outre-mer, alors que le pr\u00e9fet de Martinique, o\u00f9 la crise s&rsquo;est \u00e9tendue, a instaur\u00e9 jeudi un couvre-feu face aux violences urbaines nocturnes. A l&rsquo;issue d&rsquo;une r\u00e9union en visioconf\u00e9rence avec le ministre des Outre-mer S\u00e9bastien Lecornu, le pr\u00e9sident de l&rsquo;association des maires de Guadeloupe Jocelyn Sapotille a avanc\u00e9 que la suspension de l&rsquo;obligation vaccinale \u00ab\u00a0refus\u00e9e au d\u00e9part, aujourd&rsquo;hui (\u00e9tait) \u00e9tudi\u00e9e\u00a0\u00bb par le gouvernement.<\/p>\n\n\n\n<p>\u00ab\u00a0Nous ne demandons pas d&rsquo;abroger la loi, elle s&rsquo;applique, mais nous demandons une parenth\u00e8se pour r\u00e9gler la situation de 1.200 \u00e0 1.300 Guadeloup\u00e9ens qui vont se retrouver sans revenus\u00a0\u00bb car suspendus, a-t-il ajout\u00e9 \u00e0 la presse. Mais un porte-parole du cabinet du minist\u00e8re des Outre-mer a affirm\u00e9 \u00e0 l&rsquo;AFP que \u00ab\u00a0l&rsquo;obligation vaccinale des soignants et des pompiers ne sera pas lev\u00e9e\u00a0\u00bb.<\/p>\n\n\n\n<p>Le minist\u00e8re des Outre-mer s&rsquo;est engag\u00e9 \u00e0 \u00ab\u00a0appliquer la loi avec proportionnalit\u00e9 et discernement dans le cadre des instances locales de dialogue et d&rsquo;\u00e9coute\u00a0\u00bb, pr\u00e9cise un communiqu\u00e9 publi\u00e9 \u00e0 l&rsquo;issue de la r\u00e9union \u00e0 laquelle participaient \u00e9galement le pr\u00e9fet, des membres des cabinets du ministre de l&rsquo;Int\u00e9rieur et du ministre des Solidarit\u00e9s et de la Sant\u00e9.<\/p>\n\n\n\n<p><\/p>\n\n\n\n<p><\/p>\n\n\n\n<p><\/p>\n","protected":false},"excerpt":{"rendered":"<p>Les coups de feu ayant vis\u00e9 des journalistes en Martinique dans la nuit de jeudi \u00e0 vendredi sont \u00ab\u00a0totalement inacceptables\u00a0\u00bb, s&rsquo;est \u00e9mu sur BFMTV le porte-parole du gouvernement Gabriel Attal.\u00a0\u00ab\u00a0Je veux leur rendre hommage, on ne peut pas accepter en France (&#8230;) que des journalistes soient pris pour cible quand ils font leur travail, quand [&hellip;]<\/p>\n","protected":false},"author":2,"featured_media":19553,"comment_status":"open","ping_status":"open","sticky":false,"template":"","format":"standard","meta":{"_jetpack_memberships_contains_paid_content":false,"footnotes":"","jetpack_publicize_message":"","jetpack_publicize_feature_enabled":true,"jetpack_social_post_already_shared":true,"jetpack_social_options":{"image_generator_settings":{"template":"highway","default_image_id":0,"font":"","enabled":false},"version":2},"_wpas_customize_per_network":false},"categories":[405],"tags":[],"class_list":["post-19552","post","type-post","status-publish","format-standard","has-post-thumbnail","hentry","category-actu-france-monde"],"jetpack_publicize_connections":[],"jetpack_featured_media_url":"https:\/\/i0.wp.com\/www.iceagetv.com\/radiosite\/wp-content\/uploads\/2021\/11\/Deux-policiers-bless%C3%A9s-ce-matin-par-arme-%C3%A0-feu-%C3%A0-Fort-de-France.jpg?fit=679%2C293&ssl=1","jetpack_sharing_enabled":true,"_links":{"self":[{"href":"https:\/\/www.iceagetv.com\/radiosite\/wp-json\/wp\/v2\/posts\/19552","targetHints":{"allow":["GET"]}}],"collection":[{"href":"https:\/\/www.iceagetv.com\/radiosite\/wp-json\/wp\/v2\/posts"}],"about":[{"href":"https:\/\/www.iceagetv.com\/radiosite\/wp-json\/wp\/v2\/types\/post"}],"author":[{"embeddable":true,"href":"https:\/\/www.iceagetv.com\/radiosite\/wp-json\/wp\/v2\/users\/2"}],"replies":[{"embeddable":true,"href":"https:\/\/www.iceagetv.com\/radiosite\/wp-json\/wp\/v2\/comments?post=19552"}],"version-history":[{"count":1,"href":"https:\/\/www.iceagetv.com\/radiosite\/wp-json\/wp\/v2\/posts\/19552\/revisions"}],"predecessor-version":[{"id":19554,"href":"https:\/\/www.iceagetv.com\/radiosite\/wp-json\/wp\/v2\/posts\/19552\/revisions\/19554"}],"wp:featuredmedia":[{"embeddable":true,"href":"https:\/\/www.iceagetv.com\/radiosite\/wp-json\/wp\/v2\/media\/19553"}],"wp:attachment":[{"href":"https:\/\/www.iceagetv.com\/radiosite\/wp-json\/wp\/v2\/media?parent=19552"}],"wp:term":[{"taxonomy":"category","embeddable":true,"href":"https:\/\/www.iceagetv.com\/radiosite\/wp-json\/wp\/v2\/categories?post=19552"},{"taxonomy":"post_tag","embeddable":true,"href":"https:\/\/www.iceagetv.com\/radiosite\/wp-json\/wp\/v2\/tags?post=19552"}],"curies":[{"name":"wp","href":"https:\/\/api.w.org\/{rel}","templated":true}]}}