{"id":19561,"date":"2021-11-27T08:21:19","date_gmt":"2021-11-27T08:21:19","guid":{"rendered":"http:\/\/www.iceagetv.com\/radiosite\/?p=19561"},"modified":"2021-11-27T08:21:19","modified_gmt":"2021-11-27T08:21:19","slug":"coronavirus-le-prefet-de-police-de-paris-annonce-que-le-masque-est-de-nouveau-obligatoire-a-lexterieur-dans-certains-lieux-de-la-capitale-manifestation-files-dattente-marche-brocantes","status":"publish","type":"post","link":"https:\/\/www.iceagetv.com\/radiosite\/coronavirus-le-prefet-de-police-de-paris-annonce-que-le-masque-est-de-nouveau-obligatoire-a-lexterieur-dans-certains-lieux-de-la-capitale-manifestation-files-dattente-marche-brocantes\/","title":{"rendered":"Coronavirus &#8211; Le Pr\u00e9fet de Police de Paris annonce que le masque est de nouveau obligatoire \u00e0 l&rsquo;ext\u00e9rieur dans certains lieux de la capitale : manifestation, files d&rsquo;attente, march\u00e9, brocantes&#8230;"},"content":{"rendered":"\n<p>Le port du masque sera de nouveau obligatoire \u00e0 l&rsquo;ext\u00e9rieur dans certains lieux de la capitale. Le pr\u00e9fet de police a pris un arr\u00eat\u00e9 vendredi, en fin de journ\u00e9e, pour r\u00e9instaurer le masque obligatoire lors des rassemblements sur la voie publique, des festivals et des spectacles, des march\u00e9s, des brocantes, devant les lieux de culte et dans les files d&rsquo;attente.<\/p>\n\n\n\n<p>\u00abEn raison de la cinqui\u00e8me vague de Covid-19, le territoire de Paris et de son agglom\u00e9ration conna\u00eet actuellement une d\u00e9gradation rapide de ses indicateurs \u00e9pid\u00e9miques\u00bb, \u00e9crit le pr\u00e9fet pour justifier sa d\u00e9cision.<\/p>\n\n\n\n<p>Le taux d&rsquo;incidence s&rsquo;\u00e9l\u00e8ve, en effet, d\u00e9sormais \u00e0 266 contre entre 20 et 100 cas pour 100.000 habitants en octobre.<\/p>\n\n\n\n<p>Ce d\u00e9cret r\u00e9tablit le port du masque obligatoire :<\/p>\n\n\n\n<p>.<\/p>\n\n\n\n<p><strong>&#8211; Dans tous les \u00e9tablissements et activit\u00e9s m\u00eame lorsque le passe sanitaire est exig\u00e9<\/strong><\/p>\n\n\n\n<p><strong>&#8211; Lors de rassemblements, de manifestations, de r\u00e9unions ou activit\u00e9s organis\u00e9es sur la voie publique.<\/strong><\/p>\n\n\n\n<p><strong>&#8211; Sur les lieux de festivals et de spectacles.<\/strong><\/p>\n\n\n\n<p><strong>&#8211; Sur les march\u00e9s, les brocantes et ventes au d\u00e9ballage, y compris les march\u00e9s de No\u00ebl.<\/strong><\/p>\n\n\n\n<p><strong>&#8211; Devant les \u00e9tablissements scolaires ou universitaires<\/strong><\/p>\n\n\n\n<p><strong>&#8211; Devant les lieux de culte.<\/strong><\/p>\n\n\n\n<p><strong>&#8211; Dans les files d&rsquo;attente.<\/strong><\/p>\n","protected":false},"excerpt":{"rendered":"<p>Le port du masque sera de nouveau obligatoire \u00e0 l&rsquo;ext\u00e9rieur dans certains lieux de la capitale. Le pr\u00e9fet de police a pris un arr\u00eat\u00e9 vendredi, en fin de journ\u00e9e, pour r\u00e9instaurer le masque obligatoire lors des rassemblements sur la voie publique, des festivals et des spectacles, des march\u00e9s, des brocantes, devant les lieux de culte [&hellip;]<\/p>\n","protected":false},"author":2,"featured_media":19562,"comment_status":"open","ping_status":"open","sticky":false,"template":"","format":"standard","meta":{"_jetpack_memberships_contains_paid_content":false,"footnotes":"","jetpack_publicize_message":"","jetpack_publicize_feature_enabled":true,"jetpack_social_post_already_shared":true,"jetpack_social_options":{"image_generator_settings":{"template":"highway","default_image_id":0,"font":"","enabled":false},"version":2},"_wpas_customize_per_network":false},"categories":[405],"tags":[],"class_list":["post-19561","post","type-post","status-publish","format-standard","has-post-thumbnail","hentry","category-actu-france-monde"],"jetpack_publicize_connections":[],"jetpack_featured_media_url":"https:\/\/i0.wp.com\/www.iceagetv.com\/radiosite\/wp-content\/uploads\/2021\/11\/Le-Pr%C3%A9fet-de-Police-de-Paris.png?fit=372%2C265&ssl=1","jetpack_sharing_enabled":true,"_links":{"self":[{"href":"https:\/\/www.iceagetv.com\/radiosite\/wp-json\/wp\/v2\/posts\/19561","targetHints":{"allow":["GET"]}}],"collection":[{"href":"https:\/\/www.iceagetv.com\/radiosite\/wp-json\/wp\/v2\/posts"}],"about":[{"href":"https:\/\/www.iceagetv.com\/radiosite\/wp-json\/wp\/v2\/types\/post"}],"author":[{"embeddable":true,"href":"https:\/\/www.iceagetv.com\/radiosite\/wp-json\/wp\/v2\/users\/2"}],"replies":[{"embeddable":true,"href":"https:\/\/www.iceagetv.com\/radiosite\/wp-json\/wp\/v2\/comments?post=19561"}],"version-history":[{"count":1,"href":"https:\/\/www.iceagetv.com\/radiosite\/wp-json\/wp\/v2\/posts\/19561\/revisions"}],"predecessor-version":[{"id":19563,"href":"https:\/\/www.iceagetv.com\/radiosite\/wp-json\/wp\/v2\/posts\/19561\/revisions\/19563"}],"wp:featuredmedia":[{"embeddable":true,"href":"https:\/\/www.iceagetv.com\/radiosite\/wp-json\/wp\/v2\/media\/19562"}],"wp:attachment":[{"href":"https:\/\/www.iceagetv.com\/radiosite\/wp-json\/wp\/v2\/media?parent=19561"}],"wp:term":[{"taxonomy":"category","embeddable":true,"href":"https:\/\/www.iceagetv.com\/radiosite\/wp-json\/wp\/v2\/categories?post=19561"},{"taxonomy":"post_tag","embeddable":true,"href":"https:\/\/www.iceagetv.com\/radiosite\/wp-json\/wp\/v2\/tags?post=19561"}],"curies":[{"name":"wp","href":"https:\/\/api.w.org\/{rel}","templated":true}]}}