{"id":19579,"date":"2021-11-30T19:27:11","date_gmt":"2021-11-30T19:27:11","guid":{"rendered":"http:\/\/www.iceagetv.com\/radiosite\/?p=19579"},"modified":"2021-11-30T19:27:11","modified_gmt":"2021-11-30T19:27:11","slug":"covid-19-plus-de-10-000-patients-hospitalises-la-situation-est-en-train-de-saggraver-annonce-olivier-veran","status":"publish","type":"post","link":"https:\/\/www.iceagetv.com\/radiosite\/covid-19-plus-de-10-000-patients-hospitalises-la-situation-est-en-train-de-saggraver-annonce-olivier-veran\/","title":{"rendered":"Covid-19 : plus de 10.000 patients hospitalis\u00e9s, \u00ab\u00a0la situation est en train de s&rsquo;aggraver\u00a0\u00bb, annonce Olivier V\u00e9ran"},"content":{"rendered":"\n<p>ETAT DES LIEUX &#8211; La barre des 10.000 personnes hospitalis\u00e9es a \u00e9t\u00e9 franchie ce mardi tandis qu&rsquo;environ 47.000 contaminations ont \u00e9t\u00e9 recens\u00e9es au cours des 24 derni\u00e8res heures, faisant craindre une hausse \u00ab\u00a0de plus de 60% par semaine d&rsquo;ici la fin de la semaine\u00a0\u00bb. <em>\u00ab\u00a0La situation est en train de s&rsquo;aggraver sur le front de l&rsquo;\u00e9pid\u00e9mie\u00a0\u00bb.\u00a0<\/em>Devan\u00e7ant les chiffres annonc\u00e9s dans la soir\u00e9e par l&rsquo;agence Sant\u00e9 publique France, le ministre de la Sant\u00e9 Olivier V\u00e9ran a fait \u00e9tat ce mardi apr\u00e8s-midi d&rsquo;une moyenne de contaminations journali\u00e8res qui pourrait bient\u00f4t d\u00e9passer celle du pic de la troisi\u00e8me vague de l&rsquo;\u00e9pid\u00e9mie de Covid-19. <\/p>\n\n\n\n<p><em>Nous d\u00e9plorons 47.000 contaminations au cours des 24 derni\u00e8res heures\u00a0\u00bb,&nbsp;<\/em>a-t-il annonc\u00e9 lors de la s\u00e9ance de questions \u00e0 l&rsquo;Assembl\u00e9e nationale.&nbsp;<\/p>\n\n\n\n<h3 class=\"wp-block-heading\">Plus de 1.800 patients en soins critiques<\/h3>\n\n\n\n<p>Cela&nbsp;<em>\u00ab\u00a0continue de marquer une augmentation de la diffusion du virus sur le territoire national, avec une moyenne du nombre de contaminations par jour qui d\u00e9passe les 30.000 et qui pourrait \u00eatre, si on poursuit cette dynamique, de plus de 60% par semaine, sup\u00e9rieure au pic de la 3e vague d&rsquo;ici \u00e0 la fin de la semaine\u00a0\u00bb,<\/em>&nbsp;a-t-il ajout\u00e9.<\/p>\n\n\n\n<p>R\u00e9p\u00e9tant que la vaccination permet de limiter le nombre de cas graves, d&rsquo;hospitalisations, de r\u00e9animations et de d\u00e9c\u00e8s, le ministre de la Sant\u00e9 a soulign\u00e9 que&nbsp;<em>\u00ab\u00a0le nombre de cas graves continue de monter\u00a0\u00bb&nbsp;<\/em>d&rsquo;o\u00f9 la n\u00e9cessit\u00e9, d&rsquo;<em>\u00ab\u00a0amplifier la campagne de rappel\u00a0\u00bb. &nbsp;<\/em>D&rsquo;autant qu&rsquo;un nouveau risque plane : le variant Omicron, dont on ignore encore s&rsquo;il sera plus contagieux que le Delta et s&rsquo;il r\u00e9sistera en partie aux vaccins. Un premier cas positif \u00e0 ce variant, qui se r\u00e9pand \u00e0 travers le monde, a \u00e9t\u00e9 identifi\u00e9 en France sur l&rsquo;\u00eele de La R\u00e9union.&nbsp;<em>\u00ab\u00a0D&rsquo;autres cas pourraient \u00eatre identifi\u00e9s dans les heures \u00e0 venir, je tiendrai \u00e9videmment les Fran\u00e7ais au courant\u00a0\u00bb,&nbsp;<\/em>a promis Olivier V\u00e9ran.<\/p>\n\n\n\n<p><\/p>\n","protected":false},"excerpt":{"rendered":"<p>ETAT DES LIEUX &#8211; La barre des 10.000 personnes hospitalis\u00e9es a \u00e9t\u00e9 franchie ce mardi tandis qu&rsquo;environ 47.000 contaminations ont \u00e9t\u00e9 recens\u00e9es au cours des 24 derni\u00e8res heures, faisant craindre une hausse \u00ab\u00a0de plus de 60% par semaine d&rsquo;ici la fin de la semaine\u00a0\u00bb. \u00ab\u00a0La situation est en train de s&rsquo;aggraver sur le front de [&hellip;]<\/p>\n","protected":false},"author":2,"featured_media":19562,"comment_status":"open","ping_status":"open","sticky":false,"template":"","format":"standard","meta":{"_jetpack_memberships_contains_paid_content":false,"footnotes":"","jetpack_publicize_message":"","jetpack_publicize_feature_enabled":true,"jetpack_social_post_already_shared":true,"jetpack_social_options":{"image_generator_settings":{"template":"highway","default_image_id":0,"font":"","enabled":false},"version":2},"_wpas_customize_per_network":false},"categories":[405],"tags":[],"class_list":["post-19579","post","type-post","status-publish","format-standard","has-post-thumbnail","hentry","category-actu-france-monde"],"jetpack_publicize_connections":[],"jetpack_featured_media_url":"https:\/\/i0.wp.com\/www.iceagetv.com\/radiosite\/wp-content\/uploads\/2021\/11\/Le-Pr%C3%A9fet-de-Police-de-Paris.png?fit=372%2C265&ssl=1","jetpack_sharing_enabled":true,"_links":{"self":[{"href":"https:\/\/www.iceagetv.com\/radiosite\/wp-json\/wp\/v2\/posts\/19579","targetHints":{"allow":["GET"]}}],"collection":[{"href":"https:\/\/www.iceagetv.com\/radiosite\/wp-json\/wp\/v2\/posts"}],"about":[{"href":"https:\/\/www.iceagetv.com\/radiosite\/wp-json\/wp\/v2\/types\/post"}],"author":[{"embeddable":true,"href":"https:\/\/www.iceagetv.com\/radiosite\/wp-json\/wp\/v2\/users\/2"}],"replies":[{"embeddable":true,"href":"https:\/\/www.iceagetv.com\/radiosite\/wp-json\/wp\/v2\/comments?post=19579"}],"version-history":[{"count":1,"href":"https:\/\/www.iceagetv.com\/radiosite\/wp-json\/wp\/v2\/posts\/19579\/revisions"}],"predecessor-version":[{"id":19580,"href":"https:\/\/www.iceagetv.com\/radiosite\/wp-json\/wp\/v2\/posts\/19579\/revisions\/19580"}],"wp:featuredmedia":[{"embeddable":true,"href":"https:\/\/www.iceagetv.com\/radiosite\/wp-json\/wp\/v2\/media\/19562"}],"wp:attachment":[{"href":"https:\/\/www.iceagetv.com\/radiosite\/wp-json\/wp\/v2\/media?parent=19579"}],"wp:term":[{"taxonomy":"category","embeddable":true,"href":"https:\/\/www.iceagetv.com\/radiosite\/wp-json\/wp\/v2\/categories?post=19579"},{"taxonomy":"post_tag","embeddable":true,"href":"https:\/\/www.iceagetv.com\/radiosite\/wp-json\/wp\/v2\/tags?post=19579"}],"curies":[{"name":"wp","href":"https:\/\/api.w.org\/{rel}","templated":true}]}}