{"id":19581,"date":"2021-11-30T19:42:11","date_gmt":"2021-11-30T19:42:11","guid":{"rendered":"http:\/\/www.iceagetv.com\/radiosite\/?p=19581"},"modified":"2021-11-30T19:42:11","modified_gmt":"2021-11-30T19:42:11","slug":"josephine-baker-au-pantheon-emmanuel-macron-salue-une-certaine-idee-de-la-liberte-et-de-la-fete","status":"publish","type":"post","link":"https:\/\/www.iceagetv.com\/radiosite\/josephine-baker-au-pantheon-emmanuel-macron-salue-une-certaine-idee-de-la-liberte-et-de-la-fete\/","title":{"rendered":"Jos\u00e9phine Baker au Panth\u00e9on : Emmanuel Macron salue \u00ab une certaine id\u00e9e de la libert\u00e9 et de la f\u00eate"},"content":{"rendered":"\n<p>&nbsp;S\u2019engouffre avec vous dans le Panth\u00e9on, un vent de fantaisie&nbsp;et d\u2019audace&nbsp;\u00bb, a d\u00e9clar\u00e9 mardi soir Emmanuel Macron lors de son discours suivant&nbsp;la c\u00e9r\u00e9monie&nbsp;<a href=\"https:\/\/www.20minutes.fr\/societe\/3106779-20210822-honneurs-josephine-baker-devrait-faire-entree-pantheon-30-novembre\">d&rsquo;intronisation de Jos\u00e9phine Baker<\/a>. \u00ab&nbsp;C\u2019est une certaine id\u00e9e de la libert\u00e9 et de la f\u00eate qui entre aussi&nbsp;\u00bb, a-t-il poursuivi alors que l\u2019artiste de music-hall, r\u00e9sistante et militante antiraciste devient la premi\u00e8re femme noire \u00e0 rejoindre les grandes figures fran\u00e7aises.<\/p>\n\n\n\n<p>\u00ab&nbsp;Ma France, c\u2019est Jos\u00e9phine&nbsp;\u00bb, a \u00e9galement&nbsp;lanc\u00e9&nbsp;<a href=\"https:\/\/www.20minutes.fr\/politique\/emmanuel-macron\/\">Emmanuel Macron<\/a>&nbsp;en saluant une femme engag\u00e9e qui a voulu \u00ab&nbsp;prouver aux yeux du monde que les couleurs de peau, les origines, les religions pouvaient non seulement cohabiter mais vivre en harmonie&nbsp;\u00bb. \u00ab&nbsp;Sa cause \u00e9tait l\u2019universalisme, l\u2019unit\u00e9 du genre humain. L\u2019\u00e9galit\u00e9 de tous avant l\u2019identit\u00e9 de chacun. L\u2019hospitalit\u00e9 pour toutes les diff\u00e9rences r\u00e9unies par une m\u00eame volont\u00e9, une m\u00eame dignit\u00e9. L\u2019\u00e9mancipation contre l\u2019assignation&nbsp;\u00bb, a approuv\u00e9 le pr\u00e9sident. La c\u00e9l\u00e9bration, pr\u00e9vue de longue date, lui donnait l\u2019occasion d\u2019un message plus politique contre les discours identitaires que pr\u00f4nent certains de ses rivaux pour 2022, en premier lieu le pol\u00e9miste&nbsp;<a href=\"https:\/\/www.20minutes.fr\/politique\/3185531-20211130-presidentielle-2022-eric-zemmour-annonce-candidature\">Eric Zemmour qui s\u2019est d\u00e9clar\u00e9 candidat&nbsp;<\/a>mardi. \u00ab&nbsp;Vous entrez dans ce Panth\u00e9on parce que, n\u00e9e am\u00e9ricaine, il n\u2019y a pas plus fran\u00e7aise que vous&nbsp;\u00bb.<\/p>\n\n\n\n<h2 class=\"wp-block-heading\">\u00ab&nbsp;J\u2019ai deux amours, mon pays et Paris&nbsp;\u00bb<\/h2>\n\n\n\n<p>Le cercueil a d\u2019abord remont\u00e9 la rue Soufflot sur un immense tapis rouge, devant 8.000 spectateurs selon l\u2019\u00c9lys\u00e9e. Apr\u00e8s la diffusion de sa plus c\u00e9l\u00e8bre chanson&nbsp;:&nbsp;\u00ab&nbsp;J\u2019ai deux amours, mon pays et Paris&nbsp;\u00bb, un montage vid\u00e9o illustrant la vie de la chanteuse, des sc\u00e8nes parisiennes \u00e0 son discours pour les droits civiques des Noirs aux c\u00f4t\u00e9s de Martin Luther King, a \u00e9t\u00e9 projet\u00e9 sur la fa\u00e7ade du Panth\u00e9on.<\/p>\n","protected":false},"excerpt":{"rendered":"<p>&nbsp;S\u2019engouffre avec vous dans le Panth\u00e9on, un vent de fantaisie&nbsp;et d\u2019audace&nbsp;\u00bb, a d\u00e9clar\u00e9 mardi soir Emmanuel Macron lors de son discours suivant&nbsp;la c\u00e9r\u00e9monie&nbsp;d&rsquo;intronisation de Jos\u00e9phine Baker. \u00ab&nbsp;C\u2019est une certaine id\u00e9e de la libert\u00e9 et de la f\u00eate qui entre aussi&nbsp;\u00bb, a-t-il poursuivi alors que l\u2019artiste de music-hall, r\u00e9sistante et militante antiraciste devient la premi\u00e8re femme [&hellip;]<\/p>\n","protected":false},"author":2,"featured_media":19582,"comment_status":"open","ping_status":"open","sticky":false,"template":"","format":"standard","meta":{"_jetpack_memberships_contains_paid_content":false,"footnotes":"","jetpack_publicize_message":"","jetpack_publicize_feature_enabled":true,"jetpack_social_post_already_shared":true,"jetpack_social_options":{"image_generator_settings":{"template":"highway","default_image_id":0,"font":"","enabled":false},"version":2},"_wpas_customize_per_network":false},"categories":[405],"tags":[],"class_list":["post-19581","post","type-post","status-publish","format-standard","has-post-thumbnail","hentry","category-actu-france-monde"],"jetpack_publicize_connections":[],"jetpack_featured_media_url":"https:\/\/i0.wp.com\/www.iceagetv.com\/radiosite\/wp-content\/uploads\/2021\/11\/Jos%C3%A9phine-Baker-au-Panth%C3%A9on.jpg?fit=640%2C410&ssl=1","jetpack_sharing_enabled":true,"_links":{"self":[{"href":"https:\/\/www.iceagetv.com\/radiosite\/wp-json\/wp\/v2\/posts\/19581","targetHints":{"allow":["GET"]}}],"collection":[{"href":"https:\/\/www.iceagetv.com\/radiosite\/wp-json\/wp\/v2\/posts"}],"about":[{"href":"https:\/\/www.iceagetv.com\/radiosite\/wp-json\/wp\/v2\/types\/post"}],"author":[{"embeddable":true,"href":"https:\/\/www.iceagetv.com\/radiosite\/wp-json\/wp\/v2\/users\/2"}],"replies":[{"embeddable":true,"href":"https:\/\/www.iceagetv.com\/radiosite\/wp-json\/wp\/v2\/comments?post=19581"}],"version-history":[{"count":1,"href":"https:\/\/www.iceagetv.com\/radiosite\/wp-json\/wp\/v2\/posts\/19581\/revisions"}],"predecessor-version":[{"id":19583,"href":"https:\/\/www.iceagetv.com\/radiosite\/wp-json\/wp\/v2\/posts\/19581\/revisions\/19583"}],"wp:featuredmedia":[{"embeddable":true,"href":"https:\/\/www.iceagetv.com\/radiosite\/wp-json\/wp\/v2\/media\/19582"}],"wp:attachment":[{"href":"https:\/\/www.iceagetv.com\/radiosite\/wp-json\/wp\/v2\/media?parent=19581"}],"wp:term":[{"taxonomy":"category","embeddable":true,"href":"https:\/\/www.iceagetv.com\/radiosite\/wp-json\/wp\/v2\/categories?post=19581"},{"taxonomy":"post_tag","embeddable":true,"href":"https:\/\/www.iceagetv.com\/radiosite\/wp-json\/wp\/v2\/tags?post=19581"}],"curies":[{"name":"wp","href":"https:\/\/api.w.org\/{rel}","templated":true}]}}