{"id":19592,"date":"2021-12-02T13:52:00","date_gmt":"2021-12-02T13:52:00","guid":{"rendered":"http:\/\/www.iceagetv.com\/radiosite\/?p=19592"},"modified":"2021-12-02T13:52:00","modified_gmt":"2021-12-02T13:52:00","slug":"congres-lr-eric-ciotti-et-valerie-pecresse-qualifies-pour-le-second-tour","status":"publish","type":"post","link":"https:\/\/www.iceagetv.com\/radiosite\/congres-lr-eric-ciotti-et-valerie-pecresse-qualifies-pour-le-second-tour\/","title":{"rendered":"Congr\u00e8s LR : \u00c9ric Ciotti et Val\u00e9rie P\u00e9cresse qualifi\u00e9s pour le second tour"},"content":{"rendered":"\n<p>Le d\u00e9put\u00e9 des Alpes-Maritimes (25,59%) et la pr\u00e9sidente de la r\u00e9gion Ile-de-France (25%) s&rsquo;affronteront pour devenir le candidat de la droite \u00e0 la pr\u00e9sidentielle. Xavier Bertrand, Michel Barnier et Philippe Juvin sont \u00e9limin\u00e9s.<\/p>\n\n\n\n<p>Jusqu&rsquo;au bout, le suspense a \u00e9t\u00e9 total. M\u00eame pour les candidats et leurs soutiens incapables de savoir qui serait d\u00e9sign\u00e9 par les adh\u00e9rents LR. \u00c0 l\u2019issue du premier tour du congr\u00e8s, les militants ont tranch\u00e9\u00a0: \u00c9ric Ciotti (25,59%) et Val\u00e9rie P\u00e9cresse (25%) sont qualifi\u00e9s pour le second tour du scrutin, comme l&rsquo;a annonc\u00e9 le pr\u00e9sident des R\u00e9publicains Christian Jacob depuis le si\u00e8ge du parti. Michel Barnier (23,93%), Xavier Bertrand( 22,26%) et Philippe Juvin (3,13%) sont donc \u00e9limin\u00e9s d\u00e8s le premier tour.\u00a0<a href=\"https:\/\/www.lefigaro.fr\/elections\/presidentielles\/congres-lr-139-918-adherents-pourront-voter-8-787-refoules-pour-ne-pas-avoir-donne-leur-numero-de-telephone-20211126\">139 918 adh\u00e9rents<\/a>\u00a0pouvaient voter.<\/p>\n\n\n\n<p>Les deux finalistes n&rsquo;ont que quelques heures pour boucler les tractations de l&rsquo;entre-deux-tours et d\u00e9poser leur profession de foi \u00e0 17h. D\u00e8s vendredi 8h, il leur sera impossible de faire campagne jusqu&rsquo;\u00e0 la cl\u00f4ture du vote samedi \u00e0 14h. Dans la foul\u00e9e, Christian Jacob annoncera le nom du candidat de la droite \u00e0 la pr\u00e9sidentielle. Les cinq candidats se sont d\u00e9j\u00e0 engag\u00e9s \u00e0 soutenir leur futur champion et \u00e0 faire campagne avec et derri\u00e8re lui. Ils sont cens\u00e9s tous se retrouver le 11 d\u00e9cembre pour un grand congr\u00e8s de rassemblement, devant pr\u00e8s de 5000 soutiens, porte de Versailles \u00e0 Paris. Une salle symbolique pour la droite&#8230; depuis la campagne victorieuse de Nicolas Sarkozy en 2007.<\/p>\n\n\n\n<p>Si les t\u00e9nors des R\u00e9publicains n&rsquo;ont pas pris parti publiquement pour un candidat &#8211; \u00e0 l&rsquo;instar de G\u00e9rard Larcher,\u00a0<a href=\"https:\/\/www.lefigaro.fr\/politique\/laurent-wauquiez-les-confidences-d-un-non-candidat-tres-courtise-20211124\">Laurent Wauquiez<\/a>, Fran\u00e7ois Baroin ou encore Bruno Retailleau \u2013 tous ont d&rsquo;ores et d\u00e9j\u00e0 annonc\u00e9 qu&rsquo;ils s&rsquo;impliqueraient dans la nouvelle phase de campagne qui s&rsquo;ouvre la semaine prochaine.<\/p>\n\n\n\n<p>Les deux finalistes n&rsquo;ont que quelques heures pour boucler les tractations de l&rsquo;entre-deux-tours et d\u00e9poser leur profession de foi \u00e0 17h. D\u00e8s vendredi 8h, il leur sera impossible de faire campagne jusqu&rsquo;\u00e0 la cl\u00f4ture du vote samedi \u00e0 14h. Dans la foul\u00e9e, Christian Jacob annoncera le nom du candidat de la droite \u00e0 la pr\u00e9sidentielle. Les cinq candidats se sont d\u00e9j\u00e0 engag\u00e9s \u00e0 soutenir leur futur champion et \u00e0 faire campagne avec et derri\u00e8re lui. Ils sont cens\u00e9s tous se retrouver le 11 d\u00e9cembre pour un grand congr\u00e8s de rassemblement, devant pr\u00e8s de 5000 soutiens, porte de Versailles \u00e0 Paris. Une salle symbolique pour la droite&#8230; depuis la campagne victorieuse de Nicolas Sarkozy en 2007.<\/p>\n\n\n\n<p>Si les t\u00e9nors des R\u00e9publicains n&rsquo;ont pas pris parti publiquement pour un candidat &#8211; \u00e0 l&rsquo;instar de G\u00e9rard Larcher,&nbsp;<a href=\"https:\/\/www.lefigaro.fr\/politique\/laurent-wauquiez-les-confidences-d-un-non-candidat-tres-courtise-20211124\">Laurent Wauquiez<\/a>, Fran\u00e7ois Baroin ou encore Bruno Retailleau \u2013 tous ont d&rsquo;ores et d\u00e9j\u00e0 annonc\u00e9 qu&rsquo;ils s&rsquo;impliqueraient dans la nouvelle phase de campagne qui s&rsquo;ouvre la semaine prochaine.<\/p>\n\n\n\n<p><\/p>\n\n\n\n<p><\/p>\n","protected":false},"excerpt":{"rendered":"<p>Le d\u00e9put\u00e9 des Alpes-Maritimes (25,59%) et la pr\u00e9sidente de la r\u00e9gion Ile-de-France (25%) s&rsquo;affronteront pour devenir le candidat de la droite \u00e0 la pr\u00e9sidentielle. Xavier Bertrand, Michel Barnier et Philippe Juvin sont \u00e9limin\u00e9s. Jusqu&rsquo;au bout, le suspense a \u00e9t\u00e9 total. M\u00eame pour les candidats et leurs soutiens incapables de savoir qui serait d\u00e9sign\u00e9 par les [&hellip;]<\/p>\n","protected":false},"author":2,"featured_media":19593,"comment_status":"open","ping_status":"open","sticky":false,"template":"","format":"standard","meta":{"_jetpack_memberships_contains_paid_content":false,"footnotes":"","jetpack_publicize_message":"","jetpack_publicize_feature_enabled":true,"jetpack_social_post_already_shared":true,"jetpack_social_options":{"image_generator_settings":{"template":"highway","default_image_id":0,"font":"","enabled":false},"version":2},"_wpas_customize_per_network":false},"categories":[405],"tags":[],"class_list":["post-19592","post","type-post","status-publish","format-standard","has-post-thumbnail","hentry","category-actu-france-monde"],"jetpack_publicize_connections":[],"jetpack_featured_media_url":"https:\/\/i0.wp.com\/www.iceagetv.com\/radiosite\/wp-content\/uploads\/2021\/12\/%C3%89ric-Ciotti-et-Val%C3%A9rie-P%C3%A9cresse-qualifi%C3%A9s-pour-le-second-tour.jpg?fit=616%2C347&ssl=1","jetpack_sharing_enabled":true,"_links":{"self":[{"href":"https:\/\/www.iceagetv.com\/radiosite\/wp-json\/wp\/v2\/posts\/19592","targetHints":{"allow":["GET"]}}],"collection":[{"href":"https:\/\/www.iceagetv.com\/radiosite\/wp-json\/wp\/v2\/posts"}],"about":[{"href":"https:\/\/www.iceagetv.com\/radiosite\/wp-json\/wp\/v2\/types\/post"}],"author":[{"embeddable":true,"href":"https:\/\/www.iceagetv.com\/radiosite\/wp-json\/wp\/v2\/users\/2"}],"replies":[{"embeddable":true,"href":"https:\/\/www.iceagetv.com\/radiosite\/wp-json\/wp\/v2\/comments?post=19592"}],"version-history":[{"count":1,"href":"https:\/\/www.iceagetv.com\/radiosite\/wp-json\/wp\/v2\/posts\/19592\/revisions"}],"predecessor-version":[{"id":19594,"href":"https:\/\/www.iceagetv.com\/radiosite\/wp-json\/wp\/v2\/posts\/19592\/revisions\/19594"}],"wp:featuredmedia":[{"embeddable":true,"href":"https:\/\/www.iceagetv.com\/radiosite\/wp-json\/wp\/v2\/media\/19593"}],"wp:attachment":[{"href":"https:\/\/www.iceagetv.com\/radiosite\/wp-json\/wp\/v2\/media?parent=19592"}],"wp:term":[{"taxonomy":"category","embeddable":true,"href":"https:\/\/www.iceagetv.com\/radiosite\/wp-json\/wp\/v2\/categories?post=19592"},{"taxonomy":"post_tag","embeddable":true,"href":"https:\/\/www.iceagetv.com\/radiosite\/wp-json\/wp\/v2\/tags?post=19592"}],"curies":[{"name":"wp","href":"https:\/\/api.w.org\/{rel}","templated":true}]}}