{"id":19617,"date":"2021-12-04T08:50:14","date_gmt":"2021-12-04T08:50:14","guid":{"rendered":"http:\/\/www.iceagetv.com\/radiosite\/?p=19617"},"modified":"2021-12-04T08:50:14","modified_gmt":"2021-12-04T08:50:14","slug":"decouvrez-laffiche-de-campagne-et-le-slogan-deric-zemmour-qui-ont-ete-reveles-cette-nuit-avant-le-grand-meeting-de-dimanche-a-villepinte","status":"publish","type":"post","link":"https:\/\/www.iceagetv.com\/radiosite\/decouvrez-laffiche-de-campagne-et-le-slogan-deric-zemmour-qui-ont-ete-reveles-cette-nuit-avant-le-grand-meeting-de-dimanche-a-villepinte\/","title":{"rendered":"D\u00e9couvrez l&rsquo;affiche de campagne et le slogan d&rsquo;Eric Zemmour qui ont \u00e9t\u00e9 r\u00e9v\u00e9l\u00e9s cette nuit avant le grand meeting de dimanche \u00e0 Villepinte"},"content":{"rendered":"\n<p>C&rsquo;\u00e9tait un des \u00e9v\u00e9nements attendus de ce week-end, la r\u00e9v\u00e9lation de l&rsquo;affiche et du slogan d&rsquo;Eric Zemmour pour la Pr\u00e9sidentielle. Vous pouvez d\u00e9couvrir ces deux \u00e9l\u00e9ments au bas de cette news avec la premi\u00e8re affiche du candidat Zemmour.<\/p>\n\n\n\n<p>\u00ab\u00a0Impossible n\u2019est pas fran\u00e7ais\u00a0\u00bb, voil\u00e0 donc le slogan de la campagne Zemmour 2022, appos\u00e9 sur l\u2019affiche d\u00e9voil\u00e9e ce vendredi soir. Le candidat \u00e0 la pr\u00e9sidentielle a choisi une phrase qui rappelle bien \u00e9videmment Napol\u00e9on, \u00e0 qui on attribue l\u2019expression sans que toutefois aucune source ne l\u2019ait formellement confirm\u00e9.&nbsp;<\/p>\n\n\n\n<p>L&rsquo;autre \u00e9v\u00e9nement du week-end, ce sera le grand meeting de ce week-end. Pour ce \u00ab\u00a0meeting de mobilisation\u00a0\u00bb, le directeur des \u00e9v\u00e9nements du nouveau candidat, Olivier Ub\u00e9da, assure avoir recens\u00e9 19.000 inscrits, pour lesquels il a fallu changer de lieu, du Zenith au Parc des expositions de Villepinte. Il s&rsquo;agissait aussi de ne pas mettre en \u00ab\u00a0danger\u00a0\u00bb le public au regard des manifestations pr\u00e9vues, que Olivier Ub\u00e9da anticipe \u00ab\u00a0violentes\u00a0\u00bb.<\/p>\n\n\n\n<p>\u00ab\u00a0S&rsquo;il y a des milices d&rsquo;extr\u00eame gauche qui veulent commettre des exactions et mettre le bazar, le souci, ce sont elles, pas nous\u00a0\u00bb, l\u00e2che Samuel Lafont, responsable de la communication num\u00e9rique.<\/p>\n\n\n\n<p>Une cinquantaine d&rsquo;organisations syndicales, de partis et d&rsquo;associations ont appel\u00e9 \u00e0 manifester dimanche \u00e0 Paris pour \u00ab\u00a0faire taire\u00a0\u00bb le candidat d&rsquo;extr\u00eame droite, sur le parcours initialement pr\u00e9vu, de Barb\u00e8s \u00e0 la Villette, o\u00f9 se trouve le Z\u00e9nith.&nbsp;Le pr\u00e9sident PS de la Seine-Saint-Denis, St\u00e9phane Troussel, soutenu par la d\u00e9put\u00e9e&nbsp;LFI&nbsp;Cl\u00e9mentine Autain, a lanc\u00e9 de son c\u00f4t\u00e9 une p\u00e9tition pour faire annuler le meeting par les propri\u00e9taires du lieu, le groupe Viparis, en l&rsquo;interpellant sur sa \u00ab&nbsp;charte de la diversit\u00e9&nbsp;\u00bb.<\/p>\n","protected":false},"excerpt":{"rendered":"<p>C&rsquo;\u00e9tait un des \u00e9v\u00e9nements attendus de ce week-end, la r\u00e9v\u00e9lation de l&rsquo;affiche et du slogan d&rsquo;Eric Zemmour pour la Pr\u00e9sidentielle. Vous pouvez d\u00e9couvrir ces deux \u00e9l\u00e9ments au bas de cette news avec la premi\u00e8re affiche du candidat Zemmour. \u00ab\u00a0Impossible n\u2019est pas fran\u00e7ais\u00a0\u00bb, voil\u00e0 donc le slogan de la campagne Zemmour 2022, appos\u00e9 sur l\u2019affiche d\u00e9voil\u00e9e [&hellip;]<\/p>\n","protected":false},"author":2,"featured_media":19618,"comment_status":"open","ping_status":"open","sticky":false,"template":"","format":"standard","meta":{"_jetpack_memberships_contains_paid_content":false,"footnotes":"","jetpack_publicize_message":"","jetpack_publicize_feature_enabled":true,"jetpack_social_post_already_shared":true,"jetpack_social_options":{"image_generator_settings":{"template":"highway","default_image_id":0,"font":"","enabled":false},"version":2},"_wpas_customize_per_network":false},"categories":[405],"tags":[],"class_list":["post-19617","post","type-post","status-publish","format-standard","has-post-thumbnail","hentry","category-actu-france-monde"],"jetpack_publicize_connections":[],"jetpack_featured_media_url":"https:\/\/i0.wp.com\/www.iceagetv.com\/radiosite\/wp-content\/uploads\/2021\/12\/D%C3%A9couvrez-laffiche-de-campagne-et-le-slogan-dEric-Zemmour.png?fit=678%2C852&ssl=1","jetpack_sharing_enabled":true,"_links":{"self":[{"href":"https:\/\/www.iceagetv.com\/radiosite\/wp-json\/wp\/v2\/posts\/19617","targetHints":{"allow":["GET"]}}],"collection":[{"href":"https:\/\/www.iceagetv.com\/radiosite\/wp-json\/wp\/v2\/posts"}],"about":[{"href":"https:\/\/www.iceagetv.com\/radiosite\/wp-json\/wp\/v2\/types\/post"}],"author":[{"embeddable":true,"href":"https:\/\/www.iceagetv.com\/radiosite\/wp-json\/wp\/v2\/users\/2"}],"replies":[{"embeddable":true,"href":"https:\/\/www.iceagetv.com\/radiosite\/wp-json\/wp\/v2\/comments?post=19617"}],"version-history":[{"count":1,"href":"https:\/\/www.iceagetv.com\/radiosite\/wp-json\/wp\/v2\/posts\/19617\/revisions"}],"predecessor-version":[{"id":19619,"href":"https:\/\/www.iceagetv.com\/radiosite\/wp-json\/wp\/v2\/posts\/19617\/revisions\/19619"}],"wp:featuredmedia":[{"embeddable":true,"href":"https:\/\/www.iceagetv.com\/radiosite\/wp-json\/wp\/v2\/media\/19618"}],"wp:attachment":[{"href":"https:\/\/www.iceagetv.com\/radiosite\/wp-json\/wp\/v2\/media?parent=19617"}],"wp:term":[{"taxonomy":"category","embeddable":true,"href":"https:\/\/www.iceagetv.com\/radiosite\/wp-json\/wp\/v2\/categories?post=19617"},{"taxonomy":"post_tag","embeddable":true,"href":"https:\/\/www.iceagetv.com\/radiosite\/wp-json\/wp\/v2\/tags?post=19617"}],"curies":[{"name":"wp","href":"https:\/\/api.w.org\/{rel}","templated":true}]}}