{"id":19624,"date":"2021-12-06T17:19:57","date_gmt":"2021-12-06T17:19:57","guid":{"rendered":"http:\/\/www.iceagetv.com\/radiosite\/?p=19624"},"modified":"2021-12-06T17:19:57","modified_gmt":"2021-12-06T17:19:57","slug":"nouvelles-mesures-anti-covid-le-gouvernement-decide-de-ne-pas-avancer-les-vacances-scolaires-malgre-la-hausse-des-cas-les-protocoles-sanitaires-ne-vont-pas-changer-pour-les-bars-et-les-restaurants","status":"publish","type":"post","link":"https:\/\/www.iceagetv.com\/radiosite\/nouvelles-mesures-anti-covid-le-gouvernement-decide-de-ne-pas-avancer-les-vacances-scolaires-malgre-la-hausse-des-cas-les-protocoles-sanitaires-ne-vont-pas-changer-pour-les-bars-et-les-restaurants\/","title":{"rendered":"Nouvelles mesures anti-Covid: Le gouvernement d\u00e9cide de ne pas avancer les vacances scolaires malgr\u00e9 la hausse des cas &#8211; Les protocoles sanitaires ne vont pas changer pour les bars et les restaurants"},"content":{"rendered":"\n<p><strong>Le point sur ce que l&rsquo;on sait cet apr\u00e8s-midi<br><\/strong><\/p>\n\n\n\n<p>Le gouvernement a \u00e9cart\u00e9 a priori lundi de nouvelles restrictions face \u00e0 la flamb\u00e9e \u00e9pid\u00e9mique de Covid-19, se contentant de renforcer l\u00e9g\u00e8rement le protocole en vigueur \u00e0 l&rsquo;\u00e9cole primaire o\u00f9 le taux d&rsquo;incidence est le plus fort. Un Conseil de d\u00e9fense sanitaire s&rsquo;est tenu \u00e0 la mi-journ\u00e9e pour r\u00e9pondre \u00e0 une situation sanitaire qui n&rsquo;a cess\u00e9 de se d\u00e9grader au cours des derni\u00e8res semaines. Le Premier ministre Jean Castex et le ministre de la Sant\u00e9 Olivier V\u00e9ran tiendront une conf\u00e9rence de presse \u00e0 19H00 pour d\u00e9tailler les mesures d\u00e9cid\u00e9es. Mais de source gouvernementale, ils ne devraient pas annoncer de changements de r\u00e8gles importants.<\/p>\n\n\n\n<p>Principale d\u00e9cision: le protocole dans les \u00e9coles primaires passe au \u00ab\u00a0niveau 3\u00a0\u00bb. Cela signifie essentiellement que le port du masque devient obligatoire \u00e0 l&rsquo;ext\u00e9rieur, la limitation du brassage est renforc\u00e9e \u00e0 la cantine et les activit\u00e9s physiques limit\u00e9es en int\u00e9rieur.<\/p>\n\n\n\n<p>Alors que le taux d&rsquo;incidence explose chez les enfants, le gouvernement a \u00e9cart\u00e9 une mesure plus drastique, pourtant sur la table, qui aurait \u00e9t\u00e9 de fermer les \u00e9coles une semaine avant les vacances de No\u00ebl. Quant \u00e0 la vaccination des 5-11 ans, elle est r\u00e9guli\u00e8rement \u00e9voqu\u00e9e mais le gouvernement attend les avis du Conseil national d&rsquo;\u00e9thique et de la Haute autorit\u00e9 de sant\u00e9 (HAS).<\/p>\n\n\n\n<p>Cette derni\u00e8re a d\u00e9j\u00e0 donn\u00e9 son feu vert pour vacciner les enfants pr\u00e9sentant des risques d&rsquo;avoir des formes graves de la maladie (souffrant par exemple de maladies h\u00e9patiques chroniques, de maladies cardiaques et respiratoires chroniques ou d&rsquo;ob\u00e9sit\u00e9) mais ne s&rsquo;est pas encore prononc\u00e9e pour les autres. \u00ab\u00a0Si elle devait le faire positivement, et qu\u2019une d\u00e9cision politique \u00e9tait prise en ce sens, les vaccinations pourraient d\u00e9marrer au d\u00e9but du mois de janvier sur la base du volontariat\u00a0\u00bb, a indiqu\u00e9 le porte-parole du gouvernement Gabriel Attal dimanche dans un entretien au Parisien\/Aujourd&rsquo;hui en France.<\/p>\n\n\n\n<p>L&rsquo;id\u00e9e, selon une source gouvernementale, est surtout de mobiliser autour de la vaccination et des gestes barri\u00e8res pour passer les f\u00eates de fin d&rsquo;ann\u00e9e, avec notamment le renforcement de la possibilit\u00e9 d&rsquo;avoir recours au t\u00e9l\u00e9travail. \u00ab\u00a0En \u00e9tant vigilants et responsables, nous avons tous les moyens de passer No\u00ebl ensemble\u00a0\u00bb, a d\u00e9clar\u00e9 dimanche M. Attal. Le Premier ministre Jean Castex et le ministre de la Sant\u00e9 Olivier V\u00e9ran tiendront un point presse \u00e0 Matignon, ce lundi \u00e0 19h00\u00a0apr\u00e8s un Conseil de d\u00e9fense sanitaire\u00a0qui a examin\u00e9 la possibilit\u00e9 de nouvelles mesures anti-Covid, ont annonc\u00e9 les services du Premier ministre. <\/p>\n","protected":false},"excerpt":{"rendered":"<p>Le point sur ce que l&rsquo;on sait cet apr\u00e8s-midi Le gouvernement a \u00e9cart\u00e9 a priori lundi de nouvelles restrictions face \u00e0 la flamb\u00e9e \u00e9pid\u00e9mique de Covid-19, se contentant de renforcer l\u00e9g\u00e8rement le protocole en vigueur \u00e0 l&rsquo;\u00e9cole primaire o\u00f9 le taux d&rsquo;incidence est le plus fort. Un Conseil de d\u00e9fense sanitaire s&rsquo;est tenu \u00e0 la [&hellip;]<\/p>\n","protected":false},"author":2,"featured_media":19625,"comment_status":"open","ping_status":"open","sticky":false,"template":"","format":"standard","meta":{"_jetpack_memberships_contains_paid_content":false,"footnotes":"","jetpack_publicize_message":"","jetpack_publicize_feature_enabled":true,"jetpack_social_post_already_shared":true,"jetpack_social_options":{"image_generator_settings":{"template":"highway","default_image_id":0,"font":"","enabled":false},"version":2},"_wpas_customize_per_network":false},"categories":[405],"tags":[],"class_list":["post-19624","post","type-post","status-publish","format-standard","has-post-thumbnail","hentry","category-actu-france-monde"],"jetpack_publicize_connections":[],"jetpack_featured_media_url":"https:\/\/i0.wp.com\/www.iceagetv.com\/radiosite\/wp-content\/uploads\/2021\/12\/Nouvelles-mesures-anti-Covid.png?fit=859%2C351&ssl=1","jetpack_sharing_enabled":true,"_links":{"self":[{"href":"https:\/\/www.iceagetv.com\/radiosite\/wp-json\/wp\/v2\/posts\/19624","targetHints":{"allow":["GET"]}}],"collection":[{"href":"https:\/\/www.iceagetv.com\/radiosite\/wp-json\/wp\/v2\/posts"}],"about":[{"href":"https:\/\/www.iceagetv.com\/radiosite\/wp-json\/wp\/v2\/types\/post"}],"author":[{"embeddable":true,"href":"https:\/\/www.iceagetv.com\/radiosite\/wp-json\/wp\/v2\/users\/2"}],"replies":[{"embeddable":true,"href":"https:\/\/www.iceagetv.com\/radiosite\/wp-json\/wp\/v2\/comments?post=19624"}],"version-history":[{"count":1,"href":"https:\/\/www.iceagetv.com\/radiosite\/wp-json\/wp\/v2\/posts\/19624\/revisions"}],"predecessor-version":[{"id":19626,"href":"https:\/\/www.iceagetv.com\/radiosite\/wp-json\/wp\/v2\/posts\/19624\/revisions\/19626"}],"wp:featuredmedia":[{"embeddable":true,"href":"https:\/\/www.iceagetv.com\/radiosite\/wp-json\/wp\/v2\/media\/19625"}],"wp:attachment":[{"href":"https:\/\/www.iceagetv.com\/radiosite\/wp-json\/wp\/v2\/media?parent=19624"}],"wp:term":[{"taxonomy":"category","embeddable":true,"href":"https:\/\/www.iceagetv.com\/radiosite\/wp-json\/wp\/v2\/categories?post=19624"},{"taxonomy":"post_tag","embeddable":true,"href":"https:\/\/www.iceagetv.com\/radiosite\/wp-json\/wp\/v2\/tags?post=19624"}],"curies":[{"name":"wp","href":"https:\/\/api.w.org\/{rel}","templated":true}]}}