{"id":19663,"date":"2021-12-09T17:23:03","date_gmt":"2021-12-09T17:23:03","guid":{"rendered":"http:\/\/www.iceagetv.com\/radiosite\/?p=19663"},"modified":"2021-12-09T17:23:03","modified_gmt":"2021-12-09T17:23:03","slug":"emmanuel-macron-sur-eric-zemmour-il-nappartient-au-president-de-qualifier-ou-disqualifier-un-candidat-il-faut-respecter-la-dignite-de-chaque-francais-car-cest-respecter-la-dignite-de-notre-na","status":"publish","type":"post","link":"https:\/\/www.iceagetv.com\/radiosite\/emmanuel-macron-sur-eric-zemmour-il-nappartient-au-president-de-qualifier-ou-disqualifier-un-candidat-il-faut-respecter-la-dignite-de-chaque-francais-car-cest-respecter-la-dignite-de-notre-na\/","title":{"rendered":"Emmanuel Macron sur Eric Zemmour : \u00ab\u00a0Il n&rsquo;appartient au Pr\u00e9sident de qualifier ou disqualifier un candidat. Il faut respecter la dignit\u00e9 de chaque Fran\u00e7ais car c&rsquo;est respecter la dignit\u00e9 de notre Nation.\u00a0\u00bb"},"content":{"rendered":"\n<p><strong>Emmanuel Macron : \u00ab\u00a0Je travaillerai jusqu&rsquo;\u00e0 la fin de mon mandat et j&rsquo;agirai jusqu&rsquo;\u00e0 son terme.\u00a0\u00bb<\/strong><\/p>\n\n\n\n<p>R\u00e9fl\u00e9chissons \u00e0 un service civique europ\u00e9en de 6 mois ouvert \u00e0 tous les jeunes de moins de 25 ans. Pour un \u00e9change universitaire ou d&rsquo;apprentissage, un stage ou une action associative. Ce service civique europ\u00e9en, c&rsquo;est une proposition que nous, on fait les jeunes Europ\u00e9ens qui ont \u00e9t\u00e9 remises au ministre comp\u00e9tent.\u00a0\u00bb<\/p>\n\n\n\n<p>Emmanuel Macron poursuit son discours : \u00ab\u00a0La relation entre l\u2019Afrique et l\u2019Europe sera structurante \u00e0 tous \u00e9gards pour la paix autour de la M\u00e9diterran\u00e9e, mais aussi pour la paix et la prosp\u00e9rit\u00e9 de l\u2019Europe.&nbsp;Il faut donc&nbsp;\u00ab b\u00e2tir un avenir \u00e0 la jeunesse africaine, pour r\u00e9duire les in\u00e9galit\u00e9s, lutter contre les trafics qui exploitent la mis\u00e8re et les passeurs qui ont fait de la M\u00e9diterran\u00e9e un cimeti\u00e8re honteux.&nbsp;Nous devons accompagner dans sa transition \u00e9nerg\u00e9tique et climatique le continent africain.<\/p>\n\n\n\n<p>Nous ne pouvons pas laisser les Etats africains en solution. Leurs d\u00e9fis sont encore plus importants que les n\u00f4tres.<\/p>\n\n\n\n<p>Nous devons y mener une politique de r\u00e9engagement, mais \u00e9galement d\u2019investissements pour favoriser l\u2019int\u00e9gration \u00e9conomique de cette r\u00e9gion, pour y d\u00e9velopper les \u00e9changes humains, pour \u00e9voquer la question des minorit\u00e9s, et pour lutter aussi contre les interf\u00e9rences contre les manipulations qui sont le fait de puissances de plusieurs puissances r\u00e9gionales qui cherchent, \u00e0 travers les Balkans, \u00e0 d\u00e9stabiliser l\u2019Europe.<\/p>\n\n\n\n<p><\/p>\n","protected":false},"excerpt":{"rendered":"<p>Emmanuel Macron : \u00ab\u00a0Je travaillerai jusqu&rsquo;\u00e0 la fin de mon mandat et j&rsquo;agirai jusqu&rsquo;\u00e0 son terme.\u00a0\u00bb R\u00e9fl\u00e9chissons \u00e0 un service civique europ\u00e9en de 6 mois ouvert \u00e0 tous les jeunes de moins de 25 ans. Pour un \u00e9change universitaire ou d&rsquo;apprentissage, un stage ou une action associative. Ce service civique europ\u00e9en, c&rsquo;est une proposition que [&hellip;]<\/p>\n","protected":false},"author":2,"featured_media":0,"comment_status":"open","ping_status":"open","sticky":false,"template":"","format":"standard","meta":{"_jetpack_memberships_contains_paid_content":false,"footnotes":"","jetpack_publicize_message":"","jetpack_publicize_feature_enabled":true,"jetpack_social_post_already_shared":true,"jetpack_social_options":{"image_generator_settings":{"template":"highway","default_image_id":0,"font":"","enabled":false},"version":2},"_wpas_customize_per_network":false},"categories":[405],"tags":[],"class_list":["post-19663","post","type-post","status-publish","format-standard","hentry","category-actu-france-monde"],"jetpack_publicize_connections":[],"jetpack_featured_media_url":"","jetpack_sharing_enabled":true,"_links":{"self":[{"href":"https:\/\/www.iceagetv.com\/radiosite\/wp-json\/wp\/v2\/posts\/19663","targetHints":{"allow":["GET"]}}],"collection":[{"href":"https:\/\/www.iceagetv.com\/radiosite\/wp-json\/wp\/v2\/posts"}],"about":[{"href":"https:\/\/www.iceagetv.com\/radiosite\/wp-json\/wp\/v2\/types\/post"}],"author":[{"embeddable":true,"href":"https:\/\/www.iceagetv.com\/radiosite\/wp-json\/wp\/v2\/users\/2"}],"replies":[{"embeddable":true,"href":"https:\/\/www.iceagetv.com\/radiosite\/wp-json\/wp\/v2\/comments?post=19663"}],"version-history":[{"count":1,"href":"https:\/\/www.iceagetv.com\/radiosite\/wp-json\/wp\/v2\/posts\/19663\/revisions"}],"predecessor-version":[{"id":19664,"href":"https:\/\/www.iceagetv.com\/radiosite\/wp-json\/wp\/v2\/posts\/19663\/revisions\/19664"}],"wp:attachment":[{"href":"https:\/\/www.iceagetv.com\/radiosite\/wp-json\/wp\/v2\/media?parent=19663"}],"wp:term":[{"taxonomy":"category","embeddable":true,"href":"https:\/\/www.iceagetv.com\/radiosite\/wp-json\/wp\/v2\/categories?post=19663"},{"taxonomy":"post_tag","embeddable":true,"href":"https:\/\/www.iceagetv.com\/radiosite\/wp-json\/wp\/v2\/tags?post=19663"}],"curies":[{"name":"wp","href":"https:\/\/api.w.org\/{rel}","templated":true}]}}