{"id":19676,"date":"2021-12-10T09:04:35","date_gmt":"2021-12-10T09:04:35","guid":{"rendered":"http:\/\/www.iceagetv.com\/radiosite\/?p=19676"},"modified":"2021-12-10T09:04:35","modified_gmt":"2021-12-10T09:04:35","slug":"les-images-des-importantes-chutes-de-neige-en-savoie-et-dans-les-pyrenees","status":"publish","type":"post","link":"https:\/\/www.iceagetv.com\/radiosite\/les-images-des-importantes-chutes-de-neige-en-savoie-et-dans-les-pyrenees\/","title":{"rendered":"LES IMAGES DES IMPORTANTES CHUTES DE NEIGE EN SAVOIE ET DANS LES PYR\u00c9N\u00c9ES"},"content":{"rendered":"\n<p>Cet \u00e9pisode neigeux est \u00ab\u00a0suffisament notable pour engendrer des difficult\u00e9s de circulation\u00a0\u00bb, selon M\u00e9t\u00e9o France.<\/p>\n\n\n\n<h2 class=\"wp-block-heading\">Jusqu&rsquo;\u00e0 20 centim\u00e8tres en plaine<\/h2>\n\n\n\n<p>La neige tombera vers 2000 m\u00e8tres en journ\u00e9e de vendredi et s&rsquo;abaissera vers 1200 m\u00e8tres en soir\u00e9e. A basse altitude, la neige pourra atteindre, voire d\u00e9passer les 20 centim\u00e8tres, notamment vers Bellegarde-sur-Valserine (Ain) ou Albertville (Savoie); et jusqu&rsquo;\u00e0 30 \u00e0 40 centim\u00e8tres en montagne.<\/p>\n\n\n\n<h2 class=\"wp-block-heading\">Difficult\u00e9s de circulation<\/h2>\n\n\n\n<p>Les importantes chutes de neige ont des cons\u00e9quences sur la circulation, avec des ralentissements observ\u00e9s. C&rsquo;est notamment le cas en Bourgogne-Franche-Comt\u00e9, pourtant \u00e9pargn\u00e9e par les vigilances orange. A M\u00e2con, la pr\u00e9fecture a activ\u00e9 ce vendredi le Centre op\u00e9rationnel d\u00e9partemental et interdit la circulation des poids lourds dans le sens Dijon-Lyon sur l&rsquo;A39.<\/p>\n\n\n\n<p><\/p>\n\n\n\n<p><\/p>\n\n\n\n<figure class=\"wp-block-image\"><img decoding=\"async\" src=\"https:\/\/www.bfmtv.com\/assets\/images\/BFMTV.svg\" alt=\"BFMTV\"\/><\/figure>\n\n\n\n<p>D\u00e9couvrez l&rsquo;applicationBFMTV<a href=\"https:\/\/app.adjust.com\/q7fq21e_oi6sczb\">INSTALLER<\/a>MENU<\/p>\n\n\n\n<figure class=\"wp-block-image\"><a href=\"https:\/\/www.bfmtv.com\/\"><img decoding=\"async\" src=\"https:\/\/www.bfmtv.com\/assets\/images\/BFMTV.svg\" alt=\"BFMTV\"\/><\/a><\/figure>\n\n\n\n<p><a href=\"https:\/\/www.bfmtv.com\/en-direct\/\">TV<\/a><a href=\"https:\/\/www.rmcbfmplay.com\/chaine\/bfm-tv?subMenuId=RefMenuItem::rmcgo_home_bfmtv\" target=\"_blank\" rel=\"noreferrer noopener\">REPLAY<\/a><a href=\"https:\/\/www.bfmtv.com\/meteo\/\">M\u00c9T\u00c9O<\/a><\/p>\n\n\n\n<h1 class=\"wp-block-heading\" id=\"contain_title\">LES IMAGES DES IMPORTANTES CHUTES DE NEIGE EN SAVOIE ET DANS LES PYR\u00c9N\u00c9ES<\/h1>\n\n\n\n<p>Le&nbsp;10\/12\/2021 \u00e0 9:57<\/p>\n\n\n\n<ul class=\"wp-block-list\"><li><a href=\"https:\/\/www.facebook.com\/sharer\/sharer.php?u=https:\/\/www.bfmtv.com%2Fmeteo%2Fles-images-des-importantes-chutes-de-neige-en-savoie-et-dans-les-pyrenees_AD-202112100164.html\">Partager<\/a><\/li><li><a href=\"https:\/\/twitter.com\/intent\/tweet?text=Les%20images%20des%20importantes%20chutes%20de%20neige%20en%20Savoie%20et%20dans%20les%20Pyr%C3%A9n%C3%A9es&amp;url=https:\/\/www.bfmtv.com%2Fmeteo%2Fles-images-des-importantes-chutes-de-neige-en-savoie-et-dans-les-pyrenees_AD-202112100164.html&amp;via=BFMTV\">Twitter<\/a><\/li><\/ul>\n\n\n\n<p>Cet \u00e9pisode neigeux est \u00ab\u00a0suffisament notable pour engendrer des difficult\u00e9s de circulation\u00a0\u00bb, selon M\u00e9t\u00e9o France.<\/p>\n\n\n\n<p>D&rsquo;importantes chutes de neige sont tomb\u00e9es dans la nuit de jeudi \u00e0 vendredi, notamment sur les Pyr\u00e9n\u00e9es et la Savoie, o\u00f9 plusieurs d\u00e9partements ont \u00e9t\u00e9 plac\u00e9s en&nbsp;<a href=\"https:\/\/www.bfmtv.com\/meteo\/fortes-pluies-inondations-neige-avalanches-11-departements-en-vigilance-orange_AD-202112100042.html\">vigilance orange&nbsp;<\/a>pour neige-verglas (la Savoie, la Haute-Savoie et l&rsquo;Ain) et risque d&rsquo;avalanche (l&rsquo;Is\u00e8re, la Savoie, la Haute-Savoie, les Pyr\u00e9n\u00e9es-Atlantiques, les Hautes-Pyr\u00e9n\u00e9es, la Haute-Garonne, l&rsquo;Ari\u00e8ge, les Pyr\u00e9n\u00e9es-Orientales, ainsi que l&rsquo;Andorre).<\/p>\n\n\n\n<p>Ce vendredi, \u00ab\u00a0la neige continuera \u00e0 tomber \u00e0 basse altitude dans les vall\u00e9es int\u00e9rieures alpines (Maurienne, Tarentaise, Combe de Savoie, vall\u00e9e de l&rsquo;Arve) ainsi qu&rsquo;en Michaille et en Valserine\u00a0\u00bb, d&rsquo;apr\u00e8s&nbsp;<a href=\"https:\/\/vigilance.meteofrance.fr\/fr\" target=\"_blank\" rel=\"noreferrer noopener\">M\u00e9t\u00e9o France<\/a>.<\/p>\n\n\n\n<p><\/p>\n","protected":false},"excerpt":{"rendered":"<p>Cet \u00e9pisode neigeux est \u00ab\u00a0suffisament notable pour engendrer des difficult\u00e9s de circulation\u00a0\u00bb, selon M\u00e9t\u00e9o France. Jusqu&rsquo;\u00e0 20 centim\u00e8tres en plaine La neige tombera vers 2000 m\u00e8tres en journ\u00e9e de vendredi et s&rsquo;abaissera vers 1200 m\u00e8tres en soir\u00e9e. A basse altitude, la neige pourra atteindre, voire d\u00e9passer les 20 centim\u00e8tres, notamment vers Bellegarde-sur-Valserine (Ain) ou Albertville [&hellip;]<\/p>\n","protected":false},"author":2,"featured_media":19677,"comment_status":"open","ping_status":"open","sticky":false,"template":"","format":"standard","meta":{"_jetpack_memberships_contains_paid_content":false,"footnotes":"","jetpack_publicize_message":"","jetpack_publicize_feature_enabled":true,"jetpack_social_post_already_shared":true,"jetpack_social_options":{"image_generator_settings":{"template":"highway","default_image_id":0,"font":"","enabled":false},"version":2},"_wpas_customize_per_network":false},"categories":[14],"tags":[],"class_list":["post-19676","post","type-post","status-publish","format-standard","has-post-thumbnail","hentry","category-actu-meteo"],"jetpack_publicize_connections":[],"jetpack_featured_media_url":"https:\/\/i0.wp.com\/www.iceagetv.com\/radiosite\/wp-content\/uploads\/2021\/12\/Screenshot_20211210_100322.jpg?fit=1044%2C611&ssl=1","jetpack_sharing_enabled":true,"_links":{"self":[{"href":"https:\/\/www.iceagetv.com\/radiosite\/wp-json\/wp\/v2\/posts\/19676","targetHints":{"allow":["GET"]}}],"collection":[{"href":"https:\/\/www.iceagetv.com\/radiosite\/wp-json\/wp\/v2\/posts"}],"about":[{"href":"https:\/\/www.iceagetv.com\/radiosite\/wp-json\/wp\/v2\/types\/post"}],"author":[{"embeddable":true,"href":"https:\/\/www.iceagetv.com\/radiosite\/wp-json\/wp\/v2\/users\/2"}],"replies":[{"embeddable":true,"href":"https:\/\/www.iceagetv.com\/radiosite\/wp-json\/wp\/v2\/comments?post=19676"}],"version-history":[{"count":1,"href":"https:\/\/www.iceagetv.com\/radiosite\/wp-json\/wp\/v2\/posts\/19676\/revisions"}],"predecessor-version":[{"id":19678,"href":"https:\/\/www.iceagetv.com\/radiosite\/wp-json\/wp\/v2\/posts\/19676\/revisions\/19678"}],"wp:featuredmedia":[{"embeddable":true,"href":"https:\/\/www.iceagetv.com\/radiosite\/wp-json\/wp\/v2\/media\/19677"}],"wp:attachment":[{"href":"https:\/\/www.iceagetv.com\/radiosite\/wp-json\/wp\/v2\/media?parent=19676"}],"wp:term":[{"taxonomy":"category","embeddable":true,"href":"https:\/\/www.iceagetv.com\/radiosite\/wp-json\/wp\/v2\/categories?post=19676"},{"taxonomy":"post_tag","embeddable":true,"href":"https:\/\/www.iceagetv.com\/radiosite\/wp-json\/wp\/v2\/tags?post=19676"}],"curies":[{"name":"wp","href":"https:\/\/api.w.org\/{rel}","templated":true}]}}