{"id":19681,"date":"2021-12-10T19:39:15","date_gmt":"2021-12-10T19:39:15","guid":{"rendered":"http:\/\/www.iceagetv.com\/radiosite\/?p=19681"},"modified":"2021-12-10T19:39:15","modified_gmt":"2021-12-10T19:39:15","slug":"coup-de-tonnerre-dans-le-monde-du-cinema-apres-28-ans-canal-plus-choisit-de-ne-pas-renouveler-son-partenariat-avec-le-festival-de-cannes","status":"publish","type":"post","link":"https:\/\/www.iceagetv.com\/radiosite\/coup-de-tonnerre-dans-le-monde-du-cinema-apres-28-ans-canal-plus-choisit-de-ne-pas-renouveler-son-partenariat-avec-le-festival-de-cannes\/","title":{"rendered":"Coup de tonnerre dans le monde du cin\u00e9ma : Apr\u00e8s 28 ans, Canal Plus choisit de ne pas renouveler son partenariat avec le Festival de Cannes"},"content":{"rendered":"\n<p>C&rsquo;est un coup de th\u00e9\u00e2tre et une r\u00e9volution dans le monde du cin\u00e9ma. Canal Plus choisit de ne pas renouveler son partenariat qui durait depuis 28 ans avec le Festival de Cannes. C&rsquo;est&nbsp;<a href=\"https:\/\/www.lepoint.fr\/medias\/exclusif-canal-ne-diffusera-plus-le-festival-de-cannes-10-12-2021-2456182_260.php\" target=\"_blank\" rel=\"noreferrer noopener\">Le Point qui r\u00e9v\u00e8le l&rsquo;information ce soir.<\/a><\/p>\n\n\n\n<p>La cha\u00eene crypt\u00e9e \u00e9tait le partenaire m\u00e9dia du Festival depuis l&rsquo;ann\u00e9e 1993. \u00c0 ce titre, la filiale du groupe Vivendi retransmettait la mont\u00e9e des marches, ainsi que les c\u00e9r\u00e9monies d&rsquo;ouverture et de cl\u00f4ture.<\/p>\n\n\n\n<p>Les droits de diffusion exclusive des c\u00e9r\u00e9monies d&rsquo;ouverture et de cl\u00f4ture n&rsquo;ont cess\u00e9 de grimper ces derni\u00e8res ann\u00e9es. D&rsquo;apr\u00e8s une source cit\u00e9e par Le Point, ils \u00e9taient de l&rsquo;ordre de 3 millions d&rsquo;euros par an. Or, depuis plusieurs ann\u00e9es, les audiences t\u00e9l\u00e9 sont faibles.&nbsp;Seulement 875.000 t\u00e9l\u00e9spectateurs ont suivi en clair sur Canal la derni\u00e8re c\u00e9r\u00e9monie de cl\u00f4ture soit une part d&rsquo;audience de 5,5 %.<\/p>\n\n\n\n<p>De plus, Canal a d\u00e9cid\u00e9 de se consacrer sur d&rsquo;autres dossier avec une belle r\u00e9ussite. La cha\u00eene vient en effet de signer les organisations repr\u00e9sentatives du cin\u00e9ma, un nouvel accord interprofessionnel pour la p\u00e9riode 2022 \u00e0 2025 aux termes duquel elle investira dans le cin\u00e9ma 190 millions d&rsquo;euros par an.<\/p>\n\n\n\n<p>France T\u00e9l\u00e9visions, associ\u00e9 \u00e0 Brut pourrait reprendre les droits d&rsquo;autant que&nbsp;le pr\u00e9sident du Festival de Cannes, Pierre Lescure, travaille aujourd&rsquo;hui dans l&rsquo;\u00e9mission C&rsquo;est \u00e0 Vous sur&#8230; France 5.<\/p>\n","protected":false},"excerpt":{"rendered":"<p>C&rsquo;est un coup de th\u00e9\u00e2tre et une r\u00e9volution dans le monde du cin\u00e9ma. Canal Plus choisit de ne pas renouveler son partenariat qui durait depuis 28 ans avec le Festival de Cannes. C&rsquo;est&nbsp;Le Point qui r\u00e9v\u00e8le l&rsquo;information ce soir. La cha\u00eene crypt\u00e9e \u00e9tait le partenaire m\u00e9dia du Festival depuis l&rsquo;ann\u00e9e 1993. \u00c0 ce titre, la [&hellip;]<\/p>\n","protected":false},"author":2,"featured_media":19682,"comment_status":"open","ping_status":"open","sticky":false,"template":"","format":"standard","meta":{"_jetpack_memberships_contains_paid_content":false,"footnotes":"","jetpack_publicize_message":"","jetpack_publicize_feature_enabled":true,"jetpack_social_post_already_shared":true,"jetpack_social_options":{"image_generator_settings":{"template":"highway","default_image_id":0,"font":"","enabled":false},"version":2},"_wpas_customize_per_network":false},"categories":[405],"tags":[],"class_list":["post-19681","post","type-post","status-publish","format-standard","has-post-thumbnail","hentry","category-actu-france-monde"],"jetpack_publicize_connections":[],"jetpack_featured_media_url":"https:\/\/i0.wp.com\/www.iceagetv.com\/radiosite\/wp-content\/uploads\/2021\/12\/Coup-de-tonnerre-dans-le-monde-du-cin%C3%A9ma.png?fit=614%2C274&ssl=1","jetpack_sharing_enabled":true,"_links":{"self":[{"href":"https:\/\/www.iceagetv.com\/radiosite\/wp-json\/wp\/v2\/posts\/19681","targetHints":{"allow":["GET"]}}],"collection":[{"href":"https:\/\/www.iceagetv.com\/radiosite\/wp-json\/wp\/v2\/posts"}],"about":[{"href":"https:\/\/www.iceagetv.com\/radiosite\/wp-json\/wp\/v2\/types\/post"}],"author":[{"embeddable":true,"href":"https:\/\/www.iceagetv.com\/radiosite\/wp-json\/wp\/v2\/users\/2"}],"replies":[{"embeddable":true,"href":"https:\/\/www.iceagetv.com\/radiosite\/wp-json\/wp\/v2\/comments?post=19681"}],"version-history":[{"count":1,"href":"https:\/\/www.iceagetv.com\/radiosite\/wp-json\/wp\/v2\/posts\/19681\/revisions"}],"predecessor-version":[{"id":19683,"href":"https:\/\/www.iceagetv.com\/radiosite\/wp-json\/wp\/v2\/posts\/19681\/revisions\/19683"}],"wp:featuredmedia":[{"embeddable":true,"href":"https:\/\/www.iceagetv.com\/radiosite\/wp-json\/wp\/v2\/media\/19682"}],"wp:attachment":[{"href":"https:\/\/www.iceagetv.com\/radiosite\/wp-json\/wp\/v2\/media?parent=19681"}],"wp:term":[{"taxonomy":"category","embeddable":true,"href":"https:\/\/www.iceagetv.com\/radiosite\/wp-json\/wp\/v2\/categories?post=19681"},{"taxonomy":"post_tag","embeddable":true,"href":"https:\/\/www.iceagetv.com\/radiosite\/wp-json\/wp\/v2\/tags?post=19681"}],"curies":[{"name":"wp","href":"https:\/\/api.w.org\/{rel}","templated":true}]}}